{"id":8055,"date":"2021-02-23T01:43:13","date_gmt":"2021-02-23T04:43:13","guid":{"rendered":"https:\/\/diariotribuna.com.br\/?p=8055"},"modified":"2021-02-23T01:50:34","modified_gmt":"2021-02-23T04:50:34","slug":"inquerito-policial-que-apura-a-morte-da-comerciante-maria-nunes-esta-sob-sigilo","status":"publish","type":"post","link":"https:\/\/diariotribuna.com.br\/?p=8055","title":{"rendered":"Inqu\u00e9rito policial que apura a morte da comerciante Maria Nunes est\u00e1 sob sigilo"},"content":{"rendered":"\n<figure class=\"wp-block-image size-large is-resized\"><img loading=\"lazy\" decoding=\"async\" src=\"https:\/\/diariotribuna.com.br\/wp-content\/uploads\/2021\/02\/1-Dra.-Herika-Ribeiro-Sena-esta-a-frente-das-investigacoes-e-e-questao-de-dias-pra-desvendar-autoria-e-motivacao-do-crime.jpg\" alt=\"\" class=\"wp-image-8056\" width=\"501\" height=\"399\" srcset=\"https:\/\/diariotribuna.com.br\/wp-content\/uploads\/2021\/02\/1-Dra.-Herika-Ribeiro-Sena-esta-a-frente-das-investigacoes-e-e-questao-de-dias-pra-desvendar-autoria-e-motivacao-do-crime.jpg 600w, https:\/\/diariotribuna.com.br\/wp-content\/uploads\/2021\/02\/1-Dra.-Herika-Ribeiro-Sena-esta-a-frente-das-investigacoes-e-e-questao-de-dias-pra-desvendar-autoria-e-motivacao-do-crime-300x239.jpg 300w, https:\/\/diariotribuna.com.br\/wp-content\/uploads\/2021\/02\/1-Dra.-Herika-Ribeiro-Sena-esta-a-frente-das-investigacoes-e-e-questao-de-dias-pra-desvendar-autoria-e-motivacao-do-crime-527x420.jpg 527w\" sizes=\"(max-width: 501px) 100vw, 501px\" \/><figcaption><strong>Dra. H\u00e9rika Ribeiro Sena est\u00e1 \u00e0 frente das investiga\u00e7\u00f5es e<\/strong> <strong>\u00e9<\/strong><br><strong>quest\u00e3o de dias pra desvendar autoria e motiva\u00e7\u00e3o do crime<\/strong><\/figcaption><\/figure>\n\n\n\n<p><strong>Te\u00f3filo Otoni &#8211;<\/strong> A Pol\u00edcia Civil de Minas Gerais, atrav\u00e9s da Delegacia de Homic\u00eddios de Te\u00f3filo Otoni, est\u00e1 investigando a morte de Maria Nunes Guimar\u00e3es, 47 anos, comerciante no mercado municipal de Te\u00f3filo Otoni. Maria Nunes estava desaparecida desde s\u00e1bado (13\/02\/2021) quando saiu do seu local de trabalho e desde ent\u00e3o n\u00e3o mais deu not\u00edcias. Na quinta-feira (18), ap\u00f3s tomar conhecimento de que havia um cad\u00e1ver ocultado nos fundos de um im\u00f3vel no Bairro Funcion\u00e1rios, a PC fez dilig\u00eancias no local e encontrou o corpo de Maria enterrado em uma cova rasa.<\/p>\n\n\n\n<figure class=\"wp-block-image size-large is-resized\"><img loading=\"lazy\" decoding=\"async\" src=\"https:\/\/diariotribuna.com.br\/wp-content\/uploads\/2021\/02\/2-Maria-Nunes-Guimaraes-de-47-anos-morreu-em-decorrencia-de-traumatismo-craniano-encefalico-TCE.jpg\" alt=\"\" class=\"wp-image-8058\" width=\"419\" height=\"301\" srcset=\"https:\/\/diariotribuna.com.br\/wp-content\/uploads\/2021\/02\/2-Maria-Nunes-Guimaraes-de-47-anos-morreu-em-decorrencia-de-traumatismo-craniano-encefalico-TCE.jpg 700w, https:\/\/diariotribuna.com.br\/wp-content\/uploads\/2021\/02\/2-Maria-Nunes-Guimaraes-de-47-anos-morreu-em-decorrencia-de-traumatismo-craniano-encefalico-TCE-300x216.jpg 300w, https:\/\/diariotribuna.com.br\/wp-content\/uploads\/2021\/02\/2-Maria-Nunes-Guimaraes-de-47-anos-morreu-em-decorrencia-de-traumatismo-craniano-encefalico-TCE-696x501.jpg 696w, https:\/\/diariotribuna.com.br\/wp-content\/uploads\/2021\/02\/2-Maria-Nunes-Guimaraes-de-47-anos-morreu-em-decorrencia-de-traumatismo-craniano-encefalico-TCE-583x420.jpg 583w\" sizes=\"(max-width: 419px) 100vw, 419px\" \/><figcaption><strong>Maria Nunes Guimar\u00e3es, de 47 anos, morreu em<\/strong><br><strong>decorr\u00eancia de traumatismo craniano encef\u00e1lico<\/strong><\/figcaption><\/figure>\n\n\n\n<p>As investiga\u00e7\u00f5es est\u00e3o sendo coordenadas pela delegada, dra H\u00e9rika Ribeiro Sena, e j\u00e1 tem ind\u00edcios de autoria, mas n\u00e3o pode ser divulgado no momento porque o inqu\u00e9rito policial corre em sigilo. Pelo que consta no relat\u00f3rio de necropsia, Maria Nunes foi morta por um instrumento contundente na cabe\u00e7a, causando traumatismo craniano encef\u00e1lico (TCE).<\/p>\n\n\n\n<p>Al\u00e9m de um suspeito, dra. H\u00e9rika n\u00e3o descarta a possibilidade de mais pessoas envolvidas no crime, inclusive informou que a linha de investiga\u00e7\u00e3o j\u00e1 est\u00e1 se desmembrando justamente no sentido de que outras pessoas tenham participado. \u201cH\u00e1 possibilidade de envolvimento de mais pessoas no crime porque a v\u00edtima foi morta no local onde foi enterrada. Dificilmente uma pessoa sozinha ia conseguir fazer todo esse contexto de matar a pessoa, esconder o corpo, fazer aquela cova sem ajuda de um terceiro\u201d, disse.<\/p>\n\n\n\n<p>O im\u00f3vel onde o corpo foi encontrado pertence a uma pessoa da fam\u00edlia, mas \u00e9 alugado. A dra. H\u00e9rika salienta que at\u00e9 o momento ningu\u00e9m foi conduzido para a delegacia, que n\u00e3o houve ratifica\u00e7\u00e3o de nenhum flagrante. \u201cNingu\u00e9m foi preso, o que n\u00f3s temos s\u00e3o informa\u00e7\u00f5es ainda repassadas pela pr\u00f3pria fam\u00edlia, e a partir dessas informa\u00e7\u00f5es que n\u00f3s estamos fazendo os levantamentos\u201d, frisou.<\/p>\n\n\n\n<figure class=\"wp-block-image size-large is-resized\"><img loading=\"lazy\" decoding=\"async\" src=\"https:\/\/diariotribuna.com.br\/wp-content\/uploads\/2021\/02\/3-A-vitima-foi-enterrada-em-cova-rasa-nos-fundos-de-um-imovel-no-Bairro-Funcionarios.jpg\" alt=\"\" class=\"wp-image-8057\" width=\"425\" height=\"283\" srcset=\"https:\/\/diariotribuna.com.br\/wp-content\/uploads\/2021\/02\/3-A-vitima-foi-enterrada-em-cova-rasa-nos-fundos-de-um-imovel-no-Bairro-Funcionarios.jpg 700w, https:\/\/diariotribuna.com.br\/wp-content\/uploads\/2021\/02\/3-A-vitima-foi-enterrada-em-cova-rasa-nos-fundos-de-um-imovel-no-Bairro-Funcionarios-300x200.jpg 300w, https:\/\/diariotribuna.com.br\/wp-content\/uploads\/2021\/02\/3-A-vitima-foi-enterrada-em-cova-rasa-nos-fundos-de-um-imovel-no-Bairro-Funcionarios-696x464.jpg 696w, https:\/\/diariotribuna.com.br\/wp-content\/uploads\/2021\/02\/3-A-vitima-foi-enterrada-em-cova-rasa-nos-fundos-de-um-imovel-no-Bairro-Funcionarios-630x420.jpg 630w\" sizes=\"(max-width: 425px) 100vw, 425px\" \/><figcaption><strong>A v\u00edtima foi enterrada em cova rasa nos fundos<\/strong><br><strong>de um im\u00f3vel no Bairro Funcion\u00e1rios<\/strong><\/figcaption><\/figure>\n\n\n\n<p>Segundo a delegada, no local onde Maria Nunes se encontrava, a bolsa dela tamb\u00e9m estava enterrada e dentro n\u00e3o foram encontrados valores nem mesmo documentos. \u201cO que pode pressupor tamb\u00e9m que os autores tenham levado quantia, porque normalmente no s\u00e1bado \u00e9 dia de movimento no mercado e dificilmente ela n\u00e3o teria uma quantia em dinheiro dentro da bolsa\u201d.<\/p>\n\n\n\n<p>A PC j\u00e1 apurou que recentemente Maria fez uma viagem a Teixeira de Freitas\/BA e est\u00e1 sendo averiguado quais foram as pessoas que tiveram contato com ela, se por l\u00e1 teria ocorrido algum problema. A v\u00edtima era comerciante no mercado municipal de Te\u00f3filo Otoni e todas as pessoas ligadas a ela diretamente, funcion\u00e1rios e familiares, ser\u00e3o ouvidas na delegacia.<\/p>\n\n\n\n<p>\u201cPorque ela era uma mulher que n\u00e3o tinha filhos, era solteira, tinha uma fam\u00edlia n\u00e3o t\u00e3o grande, tinha um c\u00edrculo familiar muito intenso e pr\u00f3ximo a ela. O que n\u00f3s queremos \u00e9 ouvir a fam\u00edlia para saber o que estava acontecendo com ela, se estava com algum problema, ou se tinha algu\u00e9m com algum problema com ela, amea\u00e7ando ou perturbando ela. Ela tinha esse v\u00ednculo muito afetivo com a fam\u00edlia\u201d.<\/p>\n\n\n\n<p>A dra. H\u00e9rika disse que n\u00e3o pode descartar nenhuma linha de investiga\u00e7\u00e3o e que o crime pode ter sido um latroc\u00ednio ou passional, frisando que foram retirados todos os pertences da v\u00edtima de dentro da bolsa dela. Destaca que um fato causou estranheza, o corpo n\u00e3o estava enterrado na posi\u00e7\u00e3o horizontal como \u00e9 de costume. A cova era meio arredondada e n\u00e3o era t\u00e3o grande pra caber o corpo deitado. \u201cN\u00f3s tivemos at\u00e9 um pouco de dificuldade porque a cova estava mais profunda do que larga\u201d, comentou.<\/p>\n","protected":false},"excerpt":{"rendered":"<p>Te\u00f3filo Otoni &#8211; A Pol\u00edcia Civil de Minas Gerais, atrav\u00e9s da Delegacia de Homic\u00eddios de Te\u00f3filo Otoni, est\u00e1 investigando a morte de Maria Nunes Guimar\u00e3es, 47 anos, comerciante no mercado municipal de Te\u00f3filo Otoni. Maria Nunes estava desaparecida desde s\u00e1bado (13\/02\/2021) quando saiu do seu local de trabalho e desde ent\u00e3o n\u00e3o mais deu not\u00edcias. [&hellip;]<\/p>\n","protected":false},"author":1,"featured_media":8056,"comment_status":"open","ping_status":"open","sticky":false,"template":"","format":"standard","meta":{"rop_custom_images_group":[],"rop_custom_messages_group":[],"rop_publish_now":"initial","rop_publish_now_accounts":[],"rop_publish_now_history":[],"rop_publish_now_status":"pending","footnotes":""},"categories":[25,20],"tags":[2658,107,2659,616,292,75],"class_list":["post-8055","post","type-post","status-publish","format-standard","has-post-thumbnail","hentry","category-destaque","category-policia","tag-comerciante","tag-homicidio","tag-maria-nunes","tag-mercado","tag-policia-civil","tag-teofilo-otoni"],"_links":{"self":[{"href":"https:\/\/diariotribuna.com.br\/index.php?rest_route=\/wp\/v2\/posts\/8055"}],"collection":[{"href":"https:\/\/diariotribuna.com.br\/index.php?rest_route=\/wp\/v2\/posts"}],"about":[{"href":"https:\/\/diariotribuna.com.br\/index.php?rest_route=\/wp\/v2\/types\/post"}],"author":[{"embeddable":true,"href":"https:\/\/diariotribuna.com.br\/index.php?rest_route=\/wp\/v2\/users\/1"}],"replies":[{"embeddable":true,"href":"https:\/\/diariotribuna.com.br\/index.php?rest_route=%2Fwp%2Fv2%2Fcomments&post=8055"}],"version-history":[{"count":3,"href":"https:\/\/diariotribuna.com.br\/index.php?rest_route=\/wp\/v2\/posts\/8055\/revisions"}],"predecessor-version":[{"id":8061,"href":"https:\/\/diariotribuna.com.br\/index.php?rest_route=\/wp\/v2\/posts\/8055\/revisions\/8061"}],"wp:featuredmedia":[{"embeddable":true,"href":"https:\/\/diariotribuna.com.br\/index.php?rest_route=\/wp\/v2\/media\/8056"}],"wp:attachment":[{"href":"https:\/\/diariotribuna.com.br\/index.php?rest_route=%2Fwp%2Fv2%2Fmedia&parent=8055"}],"wp:term":[{"taxonomy":"category","embeddable":true,"href":"https:\/\/diariotribuna.com.br\/index.php?rest_route=%2Fwp%2Fv2%2Fcategories&post=8055"},{"taxonomy":"post_tag","embeddable":true,"href":"https:\/\/diariotribuna.com.br\/index.php?rest_route=%2Fwp%2Fv2%2Ftags&post=8055"}],"curies":[{"name":"wp","href":"https:\/\/api.w.org\/{rel}","templated":true}]}}