{"id":8062,"date":"2021-02-23T02:23:28","date_gmt":"2021-02-23T05:23:28","guid":{"rendered":"https:\/\/diariotribuna.com.br\/?p=8062"},"modified":"2021-02-23T02:24:18","modified_gmt":"2021-02-23T05:24:18","slug":"covid-19-mortes-somam-mais-de-247-mil-e-casos-quase-102-milhoes","status":"publish","type":"post","link":"https:\/\/diariotribuna.com.br\/?p=8062","title":{"rendered":"Covid-19: mortes somam mais de 247 mil e casos, quase 10,2 milh\u00f5es"},"content":{"rendered":"\n<p><strong>Segundo Minist\u00e9rio da Sa\u00fade, 9.139.215 pessoas j\u00e1 se recuperaram<\/strong><\/p>\n\n\n\n<figure class=\"wp-block-image size-large is-resized\"><img loading=\"lazy\" decoding=\"async\" src=\"https:\/\/diariotribuna.com.br\/wp-content\/uploads\/2021\/02\/ibmp_intec_2020_c_itamar_crispim-8678_0-1.jpg\" alt=\"\" class=\"wp-image-8063\" width=\"478\" height=\"285\" srcset=\"https:\/\/diariotribuna.com.br\/wp-content\/uploads\/2021\/02\/ibmp_intec_2020_c_itamar_crispim-8678_0-1.jpg 700w, https:\/\/diariotribuna.com.br\/wp-content\/uploads\/2021\/02\/ibmp_intec_2020_c_itamar_crispim-8678_0-1-300x179.jpg 300w, https:\/\/diariotribuna.com.br\/wp-content\/uploads\/2021\/02\/ibmp_intec_2020_c_itamar_crispim-8678_0-1-696x416.jpg 696w\" sizes=\"(max-width: 478px) 100vw, 478px\" \/><\/figure>\n\n\n\n<p>O n\u00famero de pessoas que n\u00e3o resistiram \u00e0 covid-19 no Brasil subiu para 247.143. Em 24 horas, foram registradas 639 mortes. H\u00e1 ainda 2.833 \u00f3bitos em investiga\u00e7\u00e3o no pa\u00eds. J\u00e1 o total de pessoas infectadas pelo coronav\u00edrus desde o in\u00edcio da pandemia chegou a 10.195.160. Em 24 horas, foram confirmados pelas autoridades sanit\u00e1rias 26.986 novos casos.<\/p>\n\n\n\n<p>Os dados est\u00e3o na atualiza\u00e7\u00e3o di\u00e1ria do Minist\u00e9rio da Sa\u00fade, divulgada na noite desta segunda-feira (22). O balan\u00e7o \u00e9 produzido a partir de informa\u00e7\u00f5es fornecidas pelas secretarias estaduais de sa\u00fade. H\u00e1, ao todo, 808.802 pessoas com casos ativos da doen\u00e7a em acompanhamento por profissionais de sa\u00fade e 9.139.215 pacientes j\u00e1 se recuperaram.<\/p>\n\n\n\n<h3 class=\"wp-block-heading\">Estados<\/h3>\n\n\n\n<p>Na lista de estados com mais mortes est\u00e3o S\u00e3o Paulo (57.842), Rio de Janeiro (32.256), Minas Gerais (17.733) e Rio Grande do Sul (11.820). As unidades da Federa\u00e7\u00e3o com menos \u00f3bitos s\u00e3o Acre (968), Roraima (1.037), Amap\u00e1 (1.125), Tocantins (1.485) e Rond\u00f4nia (2.940). Em n\u00famero de casos, S\u00e3o Paulo tamb\u00e9m lidera (1.978.477), seguido por Minas Gerais (842.377), Bahia (655.481), Santa Catarina (641.840) e Paran\u00e1 (617.165).<\/p>\n\n\n\n<figure class=\"wp-block-image size-large is-resized\"><img loading=\"lazy\" decoding=\"async\" src=\"https:\/\/diariotribuna.com.br\/wp-content\/uploads\/2021\/02\/whatsapp_image_2021-02-22_at_19.50.52.jpeg\" alt=\"\" class=\"wp-image-8064\" width=\"527\" height=\"296\" srcset=\"https:\/\/diariotribuna.com.br\/wp-content\/uploads\/2021\/02\/whatsapp_image_2021-02-22_at_19.50.52.jpeg 700w, https:\/\/diariotribuna.com.br\/wp-content\/uploads\/2021\/02\/whatsapp_image_2021-02-22_at_19.50.52-300x169.jpeg 300w, https:\/\/diariotribuna.com.br\/wp-content\/uploads\/2021\/02\/whatsapp_image_2021-02-22_at_19.50.52-696x392.jpeg 696w\" sizes=\"(max-width: 527px) 100vw, 527px\" \/><\/figure>\n\n\n\n<p>(Ag\u00eancia Brasil)<\/p>\n","protected":false},"excerpt":{"rendered":"<p>Segundo Minist\u00e9rio da Sa\u00fade, 9.139.215 pessoas j\u00e1 se recuperaram O n\u00famero de pessoas que n\u00e3o resistiram \u00e0 covid-19 no Brasil subiu para 247.143. Em 24 horas, foram registradas 639 mortes. H\u00e1 ainda 2.833 \u00f3bitos em investiga\u00e7\u00e3o no pa\u00eds. J\u00e1 o total de pessoas infectadas pelo coronav\u00edrus desde o in\u00edcio da pandemia chegou a 10.195.160. Em [&hellip;]<\/p>\n","protected":false},"author":1,"featured_media":8063,"comment_status":"open","ping_status":"open","sticky":false,"template":"","format":"standard","meta":{"rop_custom_images_group":[],"rop_custom_messages_group":[],"rop_publish_now":"initial","rop_publish_now_accounts":[],"rop_publish_now_history":[],"rop_publish_now_status":"pending","footnotes":""},"categories":[192],"tags":[2657,489,393,84],"class_list":["post-8062","post","type-post","status-publish","format-standard","has-post-thumbnail","hentry","category-covid19","tag-22-02-2021","tag-boletim-epidemiologico","tag-brasil","tag-covid-19"],"_links":{"self":[{"href":"https:\/\/diariotribuna.com.br\/index.php?rest_route=\/wp\/v2\/posts\/8062"}],"collection":[{"href":"https:\/\/diariotribuna.com.br\/index.php?rest_route=\/wp\/v2\/posts"}],"about":[{"href":"https:\/\/diariotribuna.com.br\/index.php?rest_route=\/wp\/v2\/types\/post"}],"author":[{"embeddable":true,"href":"https:\/\/diariotribuna.com.br\/index.php?rest_route=\/wp\/v2\/users\/1"}],"replies":[{"embeddable":true,"href":"https:\/\/diariotribuna.com.br\/index.php?rest_route=%2Fwp%2Fv2%2Fcomments&post=8062"}],"version-history":[{"count":1,"href":"https:\/\/diariotribuna.com.br\/index.php?rest_route=\/wp\/v2\/posts\/8062\/revisions"}],"predecessor-version":[{"id":8065,"href":"https:\/\/diariotribuna.com.br\/index.php?rest_route=\/wp\/v2\/posts\/8062\/revisions\/8065"}],"wp:featuredmedia":[{"embeddable":true,"href":"https:\/\/diariotribuna.com.br\/index.php?rest_route=\/wp\/v2\/media\/8063"}],"wp:attachment":[{"href":"https:\/\/diariotribuna.com.br\/index.php?rest_route=%2Fwp%2Fv2%2Fmedia&parent=8062"}],"wp:term":[{"taxonomy":"category","embeddable":true,"href":"https:\/\/diariotribuna.com.br\/index.php?rest_route=%2Fwp%2Fv2%2Fcategories&post=8062"},{"taxonomy":"post_tag","embeddable":true,"href":"https:\/\/diariotribuna.com.br\/index.php?rest_route=%2Fwp%2Fv2%2Ftags&post=8062"}],"curies":[{"name":"wp","href":"https:\/\/api.w.org\/{rel}","templated":true}]}}