{"id":8066,"date":"2021-02-23T02:37:38","date_gmt":"2021-02-23T05:37:38","guid":{"rendered":"https:\/\/diariotribuna.com.br\/?p=8066"},"modified":"2021-02-23T02:37:40","modified_gmt":"2021-02-23T05:37:40","slug":"vacinometro-apresenta-novos-dados-da-imunizacao-em-minas","status":"publish","type":"post","link":"https:\/\/diariotribuna.com.br\/?p=8066","title":{"rendered":"Vacin\u00f4metro apresenta novos dados da imuniza\u00e7\u00e3o em Minas"},"content":{"rendered":"\n<p><strong>Ferramenta disponibilizar\u00e1 informa\u00e7\u00f5es sobre a vacina\u00e7\u00e3o de pessoas com mais de 90 anos e contar\u00e1 com estimativa populacional dos grupos<\/strong><\/p>\n\n\n\n<figure class=\"wp-block-image size-large\"><img decoding=\"async\" src=\"https:\/\/diariotribuna.com.br\/wp-content\/uploads\/2021\/02\/Captura_de_Tela_2021-02-22_a?s_13.15.44.png\" alt=\"\" class=\"wp-image-8067\"\/><figcaption><strong><em>Nos pr\u00f3ximos dias tamb\u00e9m ser\u00e3o inclu\u00eddos os dados do grupo com idade entre 80 e 89 anos<\/em><\/strong><\/figcaption><\/figure>\n\n\n\n<p>O Vacin\u00f4metro de Minas, que acompanha o avan\u00e7o da vacina\u00e7\u00e3o contra a covid-19 no estado,&nbsp;passa, a partir desta segunda-feira (22\/2), a apresentar o quantitativo de doses aplicadas em idosos acima de 90 anos. Nos pr\u00f3ximos dias tamb\u00e9m ser\u00e3o inclu\u00eddos os dados do grupo com idade entre 80 e 89 anos. Al\u00e9m dessa novidade, a ferramenta apresentar\u00e1 o percentual de aplica\u00e7\u00e3o de doses a partir de estimativa populacional dos grupos priorit\u00e1rios com base em informa\u00e7\u00f5es dos munic\u00edpios mineiros e do Minist\u00e9rio da Sa\u00fade (MS).<\/p>\n\n\n\n<p>Criado por grupo de profissionais da Sala de Situa\u00e7\u00e3o da&nbsp;<a href=\"https:\/\/www.saude.mg.gov.br\/\" target=\"_blank\" rel=\"noreferrer noopener\">Secretaria de Estado de Sa\u00fade (SES-MG)<\/a>&nbsp;e lan\u00e7ado no fim de janeiro, o Vacin\u00f4metro \u00e9 uma ferramenta do&nbsp;<a href=\"https:\/\/www.mg.gov.br\/\" target=\"_blank\" rel=\"noreferrer noopener\">Governo de Minas<\/a>&nbsp;para divulgar informa\u00e7\u00f5es sobre o quantitativo de doses existentes no estado e a aplica\u00e7\u00e3o delas. \u201cTemos compromisso com a transpar\u00eancia e esses n\u00fameros permitem que todos acompanhem o andamento da maior campanha de vacina\u00e7\u00e3o na hist\u00f3ria de Minas\u201d, afirma o secret\u00e1rio de Sa\u00fade, Carlos Eduardo Amaral.<\/p>\n\n\n\n<p>Desde quando foi lan\u00e7ado, em 27\/1\/2021, o Vacin\u00f4metro apresentou o n\u00famero de doses recebidas e o quantitativo aplicado por grupo priorit\u00e1rio da primeira fase da vacina\u00e7\u00e3o (idosos e deficientes institucionalizados, ind\u00edgenas aldeados, trabalhadores da sa\u00fade) em Minas.<\/p>\n\n\n\n<p>De acordo com o tenente do&nbsp;<a href=\"https:\/\/www.bombeiros.mg.gov.br\/\" target=\"_blank\" rel=\"noreferrer noopener\">Corpo de Bombeiros Militar de Minas Gerais (CBMMG)<\/a>, Henrique Mello, da equipe de intelig\u00eancia da Sala de Situa\u00e7\u00e3o da SES-MG, a princ\u00edpio, o governo federal estimou o quantitativo para cada grupo baseado em fontes oficiais. \u201cPor\u00e9m, ao atualizarmos esses n\u00fameros com os munic\u00edpios, percebemos diferen\u00e7as. Por isso,&nbsp;passaremos a fazer as proje\u00e7\u00f5es populacionais dos grupos priorit\u00e1rios da vacina de acordo com o informado pelo minist\u00e9rio e tamb\u00e9m pelas secretarias municipais de Sa\u00fade. Assim, teremos uma estimativa ainda mais aproximada da realidade\u201d, ressalta.<\/p>\n\n\n\n<p><strong>Pedido de reposi\u00e7\u00e3o<\/strong> &#8211; De acordo com a coordenadora de Imuniza\u00e7\u00e3o da SES-MG, Josianne Gusm\u00e3o, para que todas as pessoas dos grupos priorit\u00e1rios sejam vacinadas, \u201ctodas as vezes que houver diferen\u00e7a entre dados do Minist\u00e9rio da Sa\u00fade e os repassados pelos munic\u00edpios, com o envio de quantitativo de doses menor do que o esperado, a SES-MG far\u00e1 um comunicado ao Minist\u00e9rio da Sa\u00fade com pedido de reposi\u00e7\u00e3o das doses\u201d.<\/p>\n\n\n\n<p>Para que o Vacin\u00f4metro apresente dados compat\u00edveis entre o quantitativo de doses distribu\u00eddas e o n\u00famero de vacinados, \u00e9 preciso que os munic\u00edpios alimentem a ferramenta diariamente por meio do Painel Vacina\u00e7\u00e3o Sars-Cov-2-MG, que segue a mesma l\u00f3gica do Boletim Epidemiol\u00f3gico Covid-19. Os dados s\u00e3o compilados a partir das informa\u00e7\u00f5es enviadas para a SES-MG.<\/p>\n\n\n\n<p>(Ag\u00eancia Minas)<\/p>\n","protected":false},"excerpt":{"rendered":"<p>Ferramenta disponibilizar\u00e1 informa\u00e7\u00f5es sobre a vacina\u00e7\u00e3o de pessoas com mais de 90 anos e contar\u00e1 com estimativa populacional dos grupos O Vacin\u00f4metro de Minas, que acompanha o avan\u00e7o da vacina\u00e7\u00e3o contra a covid-19 no estado,&nbsp;passa, a partir desta segunda-feira (22\/2), a apresentar o quantitativo de doses aplicadas em idosos acima de 90 anos. Nos pr\u00f3ximos [&hellip;]<\/p>\n","protected":false},"author":1,"featured_media":8067,"comment_status":"open","ping_status":"open","sticky":false,"template":"","format":"standard","meta":{"rop_custom_images_group":[],"rop_custom_messages_group":[],"rop_publish_now":"initial","rop_publish_now_accounts":[],"rop_publish_now_history":[],"rop_publish_now_status":"pending","footnotes":""},"categories":[192],"tags":[2657,84,70,2660],"class_list":["post-8066","post","type-post","status-publish","format-standard","has-post-thumbnail","hentry","category-covid19","tag-22-02-2021","tag-covid-19","tag-minas-gerais","tag-vacinometro"],"_links":{"self":[{"href":"https:\/\/diariotribuna.com.br\/index.php?rest_route=\/wp\/v2\/posts\/8066"}],"collection":[{"href":"https:\/\/diariotribuna.com.br\/index.php?rest_route=\/wp\/v2\/posts"}],"about":[{"href":"https:\/\/diariotribuna.com.br\/index.php?rest_route=\/wp\/v2\/types\/post"}],"author":[{"embeddable":true,"href":"https:\/\/diariotribuna.com.br\/index.php?rest_route=\/wp\/v2\/users\/1"}],"replies":[{"embeddable":true,"href":"https:\/\/diariotribuna.com.br\/index.php?rest_route=%2Fwp%2Fv2%2Fcomments&post=8066"}],"version-history":[{"count":1,"href":"https:\/\/diariotribuna.com.br\/index.php?rest_route=\/wp\/v2\/posts\/8066\/revisions"}],"predecessor-version":[{"id":8068,"href":"https:\/\/diariotribuna.com.br\/index.php?rest_route=\/wp\/v2\/posts\/8066\/revisions\/8068"}],"wp:featuredmedia":[{"embeddable":true,"href":"https:\/\/diariotribuna.com.br\/index.php?rest_route=\/wp\/v2\/media\/8067"}],"wp:attachment":[{"href":"https:\/\/diariotribuna.com.br\/index.php?rest_route=%2Fwp%2Fv2%2Fmedia&parent=8066"}],"wp:term":[{"taxonomy":"category","embeddable":true,"href":"https:\/\/diariotribuna.com.br\/index.php?rest_route=%2Fwp%2Fv2%2Fcategories&post=8066"},{"taxonomy":"post_tag","embeddable":true,"href":"https:\/\/diariotribuna.com.br\/index.php?rest_route=%2Fwp%2Fv2%2Ftags&post=8066"}],"curies":[{"name":"wp","href":"https:\/\/api.w.org\/{rel}","templated":true}]}}