{"id":8071,"date":"2021-02-23T15:57:05","date_gmt":"2021-02-23T18:57:05","guid":{"rendered":"https:\/\/diariotribuna.com.br\/?p=8071"},"modified":"2021-02-23T15:57:07","modified_gmt":"2021-02-23T18:57:07","slug":"policia-civil-apura-mais-um-homicidio-ocorrido-em-teofilo-otoni","status":"publish","type":"post","link":"https:\/\/diariotribuna.com.br\/?p=8071","title":{"rendered":"Pol\u00edcia Civil apura mais um homic\u00eddio ocorrido em Te\u00f3filo Otoni"},"content":{"rendered":"\n<p><strong><em>Os autores do crime s\u00e3o dois irm\u00e3os, que tiveram as pris\u00f5es convertidas de tempor\u00e1rias para preventivas<\/em><\/strong><\/p>\n\n\n\n<figure class=\"wp-block-image size-large is-resized\"><img loading=\"lazy\" decoding=\"async\" src=\"https:\/\/diariotribuna.com.br\/wp-content\/uploads\/2021\/02\/5d803a39-b52b-4064-8930-e4ae3e0c6e9e.jpg\" alt=\"\" class=\"wp-image-8072\" width=\"508\" height=\"315\" srcset=\"https:\/\/diariotribuna.com.br\/wp-content\/uploads\/2021\/02\/5d803a39-b52b-4064-8930-e4ae3e0c6e9e.jpg 700w, https:\/\/diariotribuna.com.br\/wp-content\/uploads\/2021\/02\/5d803a39-b52b-4064-8930-e4ae3e0c6e9e-300x186.jpg 300w, https:\/\/diariotribuna.com.br\/wp-content\/uploads\/2021\/02\/5d803a39-b52b-4064-8930-e4ae3e0c6e9e-356x220.jpg 356w, https:\/\/diariotribuna.com.br\/wp-content\/uploads\/2021\/02\/5d803a39-b52b-4064-8930-e4ae3e0c6e9e-696x433.jpg 696w, https:\/\/diariotribuna.com.br\/wp-content\/uploads\/2021\/02\/5d803a39-b52b-4064-8930-e4ae3e0c6e9e-676x420.jpg 676w\" sizes=\"(max-width: 508px) 100vw, 508px\" \/><\/figure>\n\n\n\n<p>A Pol\u00edcia Civil de Minas Gerais, atrav\u00e9s da Delegacia de Homic\u00eddios de Te\u00f3filo Otoni, concluiu mais uma investiga\u00e7\u00e3o de crime contra a vida registrado no ano de 2020. Consta das apura\u00e7\u00f5es que, no dia 22\/05\/2020, a v\u00edtima Jos\u00e9 Sinvaldo P.S foi atingida por golpes de arma branca, desferidos por F.O.S e M.O.S, indiv\u00edduos estes que \u00e0 \u00e9poca n\u00e3o foram identificados. Apesar de ter sido socorrida, a v\u00edtima n\u00e3o resistiu \u00e0s les\u00f5es e faleceu no dia 09\/06\/2020.<\/p>\n\n\n\n<p>Jos\u00e9 Sinvaldo retornava para sua casa, no Bairro S\u00e3o Jacinto, em Te\u00f3filo Otoni, quando foi surpreendido por um desconhecido, que portando uma faca, desferiu v\u00e1rios golpes contra ele. Ap\u00f3s o crime, o suspeito teria fugido em um ve\u00edculo acompanhado de outra pessoa que o aguardava nas imedia\u00e7\u00f5es.<\/p>\n\n\n\n<p>No curso das investiga\u00e7\u00f5es, a PC apurou que, os autores, sendo dois irm\u00e3os, teriam alugado um im\u00f3vel e firmado contrato de cinco meses, mas teriam se desentendido com a v\u00edtima e, supostamente hostilizaram da orienta\u00e7\u00e3o sexual dela, deixando a resid\u00eancia que ocupavam.<\/p>\n\n\n\n<p>Ap\u00f3s tomar conhecimento do crime, a delegada de Pol\u00edcia Civil, dra H\u00e9rika Ribeiro Sena, determinou que provid\u00eancias fossem tomadas e, representou pela pris\u00e3o tempor\u00e1ria dos suspeitos, que j\u00e1 se encontravam foragidos. Considerando o parecer favor\u00e1vel do membro do Minist\u00e9rio P\u00fablico e despacho do Juiz de Direito que decretou as pris\u00f5es, os mandados foram expedidos no dia 20\/10\/2020.<\/p>\n\n\n\n<p>Depois de aproximadamente tr\u00eas meses, na Delegacia de Pol\u00edcia de Almenara, os policiais civis que l\u00e1 estavam, reconheceram F.O.S como um dos investigados, e ao confirmarem a exist\u00eancia de um mandado de pris\u00e3o em aberto contra ele, deram-lhe voz de pris\u00e3o em 21\/01\/2021.<\/p>\n\n\n\n<p>No fim da noite deste mesmo dia, policiais militares realizavam patrulhamento pelas ruas de um bairro daquela cidade, quando depararam com M.O.S, irm\u00e3o do investigado, que tamb\u00e9m recebeu voz de pris\u00e3o. Novas dilig\u00eancias foram realizadas que, resultaram na representa\u00e7\u00e3o pela convers\u00e3o das pris\u00f5es tempor\u00e1rias em preventivas. Com a ordem da segrega\u00e7\u00e3o cautelar deferida, os mandados foram cumpridos nesta sexta-feira (19\/02\/2021)<\/p>\n\n\n\n<p><strong>Equipe PC\/Te\u00f3filo Otoni:<\/strong> H\u00e9rika R. Sena, Larissa Syngrid P. Santana, L\u00edvia Metri F. Ribeiro, Lucas F. Barreiros e Winter G. W. Menezes. <strong>Equipe PC\/Almenara:<\/strong> Carlos Wagner B. Campos, Danielle A. Souza, Flordineli M. da Rocha, Jo\u00e3o B. Leal, Patr\u00edcia L. Almeida, Ricardo S. Peixoto e Rubens S. Magalh\u00e3es. (Assessoria de comunica\u00e7\u00e3o da PCMG\/ Te\u00f3filo Otoni).<\/p>\n","protected":false},"excerpt":{"rendered":"<p>Os autores do crime s\u00e3o dois irm\u00e3os, que tiveram as pris\u00f5es convertidas de tempor\u00e1rias para preventivas A Pol\u00edcia Civil de Minas Gerais, atrav\u00e9s da Delegacia de Homic\u00eddios de Te\u00f3filo Otoni, concluiu mais uma investiga\u00e7\u00e3o de crime contra a vida registrado no ano de 2020. Consta das apura\u00e7\u00f5es que, no dia 22\/05\/2020, a v\u00edtima Jos\u00e9 Sinvaldo [&hellip;]<\/p>\n","protected":false},"author":1,"featured_media":8072,"comment_status":"open","ping_status":"open","sticky":false,"template":"","format":"standard","meta":{"rop_custom_images_group":[],"rop_custom_messages_group":[],"rop_publish_now":"initial","rop_publish_now_accounts":[],"rop_publish_now_history":[],"rop_publish_now_status":"pending","footnotes":""},"categories":[20],"tags":[107,381,292,1289],"class_list":["post-8071","post","type-post","status-publish","format-standard","has-post-thumbnail","hentry","category-policia","tag-homicidio","tag-investigacao","tag-policia-civil","tag-teofilo-oroni"],"_links":{"self":[{"href":"https:\/\/diariotribuna.com.br\/index.php?rest_route=\/wp\/v2\/posts\/8071"}],"collection":[{"href":"https:\/\/diariotribuna.com.br\/index.php?rest_route=\/wp\/v2\/posts"}],"about":[{"href":"https:\/\/diariotribuna.com.br\/index.php?rest_route=\/wp\/v2\/types\/post"}],"author":[{"embeddable":true,"href":"https:\/\/diariotribuna.com.br\/index.php?rest_route=\/wp\/v2\/users\/1"}],"replies":[{"embeddable":true,"href":"https:\/\/diariotribuna.com.br\/index.php?rest_route=%2Fwp%2Fv2%2Fcomments&post=8071"}],"version-history":[{"count":1,"href":"https:\/\/diariotribuna.com.br\/index.php?rest_route=\/wp\/v2\/posts\/8071\/revisions"}],"predecessor-version":[{"id":8073,"href":"https:\/\/diariotribuna.com.br\/index.php?rest_route=\/wp\/v2\/posts\/8071\/revisions\/8073"}],"wp:featuredmedia":[{"embeddable":true,"href":"https:\/\/diariotribuna.com.br\/index.php?rest_route=\/wp\/v2\/media\/8072"}],"wp:attachment":[{"href":"https:\/\/diariotribuna.com.br\/index.php?rest_route=%2Fwp%2Fv2%2Fmedia&parent=8071"}],"wp:term":[{"taxonomy":"category","embeddable":true,"href":"https:\/\/diariotribuna.com.br\/index.php?rest_route=%2Fwp%2Fv2%2Fcategories&post=8071"},{"taxonomy":"post_tag","embeddable":true,"href":"https:\/\/diariotribuna.com.br\/index.php?rest_route=%2Fwp%2Fv2%2Ftags&post=8071"}],"curies":[{"name":"wp","href":"https:\/\/api.w.org\/{rel}","templated":true}]}}