{"id":8077,"date":"2021-02-24T01:57:35","date_gmt":"2021-02-24T04:57:35","guid":{"rendered":"https:\/\/diariotribuna.com.br\/?p=8077"},"modified":"2021-02-26T15:21:18","modified_gmt":"2021-02-26T18:21:18","slug":"preso-em-flagrante-homem-que-matou-e-esquartejou-a-tia-em-nanuque","status":"publish","type":"post","link":"https:\/\/diariotribuna.com.br\/?p=8077","title":{"rendered":"Preso em flagrante homem que matou e esquartejou a tia em Nanuque"},"content":{"rendered":"\n<figure class=\"wp-block-image size-large is-resized\"><img loading=\"lazy\" decoding=\"async\" src=\"https:\/\/diariotribuna.com.br\/wp-content\/uploads\/2021\/02\/4a1543d3-973b-4d0d-9834-0a372b3b20c8.jpg\" alt=\"\" class=\"wp-image-8078\" width=\"503\" height=\"322\" srcset=\"https:\/\/diariotribuna.com.br\/wp-content\/uploads\/2021\/02\/4a1543d3-973b-4d0d-9834-0a372b3b20c8.jpg 700w, https:\/\/diariotribuna.com.br\/wp-content\/uploads\/2021\/02\/4a1543d3-973b-4d0d-9834-0a372b3b20c8-300x192.jpg 300w, https:\/\/diariotribuna.com.br\/wp-content\/uploads\/2021\/02\/4a1543d3-973b-4d0d-9834-0a372b3b20c8-696x445.jpg 696w, https:\/\/diariotribuna.com.br\/wp-content\/uploads\/2021\/02\/4a1543d3-973b-4d0d-9834-0a372b3b20c8-656x420.jpg 656w\" sizes=\"(max-width: 503px) 100vw, 503px\" \/><figcaption><strong>For\u00e7as de seguran\u00e7a p\u00fablica se mobilizaram e<\/strong> <strong>prenderam<\/strong><br><strong>o autor do crime em flagrante<\/strong><\/figcaption><\/figure>\n\n\n\n<p>Em continuidade as buscas pelo autor do b\u00e1rbaro crime de homic\u00eddio ocorrido na madrugada de segunda-feira (22\/02) no Distrito de Vila Pereira em Nanuque, vitimando Maria Iolanda Soares, de 64 anos, foi montada uma opera\u00e7\u00e3o conjunta da Pol\u00edcia Militar de Minas Gerais, Pol\u00edcia Militar do Esp\u00edrito Santo e Pol\u00edcia Civil, e o autor foi preso na noite deste mesmo dia por volta das 23h.<\/p>\n\n\n\n<p>As equipes policiais, de forma ininterrupta, n\u00e3o mediram esfor\u00e7os e fizeram dilig\u00eancias pela estrada que liga o Distrito de Vila Pereira at\u00e9 a cidade de Ponto Belo\/ES, pois segundo informa\u00e7\u00f5es era o trajeto percorrido pelo autor, e as equipes em campo, receberam informa\u00e7\u00f5es apontando que ele estava num assentamento &#8220;C\u00f3rrego da Laje&#8221;, na casa de um indiv\u00edduo citado na ocorr\u00eancia.<\/p>\n\n\n\n<p>As for\u00e7as de seguran\u00e7a p\u00fablica se mobilizaram para prend\u00ea-lo em flagrante, foram ao local denunciado e cercaram o im\u00f3vel. Ao chamar pelo propriet\u00e1rio da casa o procurado foi visto na cozinha e recebeu voz de pris\u00e3o. Segundo a pol\u00edcia ele confessou autoria e disse que matou a v\u00edtima por volta de 1h da manh\u00e3 de segunda-feira (22\/02), e o motivo seria por desaven\u00e7as da v\u00edtima com o seu filho menor de 03 anos. Disse que a tia sempre queria repreender seu filho. Informou ainda que houve uma discuss\u00e3o com a v\u00edtima anteriormente pelo mesmo motivo.<\/p>\n\n\n\n<p>O esquartejamento foi feito com uso de uma faca, que logo ap\u00f3s consumar o ato, conversou com o seu pai assumindo a autoria do crime. O autor ainda informou que a bermuda jeans que utilizava na pr\u00e1tica do crime, com marcas de sangue, foi trocada por outra e deixada na casa onde foi preso, junto com o seu aparelho celular. (Foto: Divulga\u00e7\u00e3o\/Redes sociais).<\/p>\n","protected":false},"excerpt":{"rendered":"<p>Em continuidade as buscas pelo autor do b\u00e1rbaro crime de homic\u00eddio ocorrido na madrugada de segunda-feira (22\/02) no Distrito de Vila Pereira em Nanuque, vitimando Maria Iolanda Soares, de 64 anos, foi montada uma opera\u00e7\u00e3o conjunta da Pol\u00edcia Militar de Minas Gerais, Pol\u00edcia Militar do Esp\u00edrito Santo e Pol\u00edcia Civil, e o autor foi preso [&hellip;]<\/p>\n","protected":false},"author":1,"featured_media":8078,"comment_status":"open","ping_status":"open","sticky":false,"template":"","format":"standard","meta":{"rop_custom_images_group":[],"rop_custom_messages_group":[],"rop_publish_now":"initial","rop_publish_now_accounts":[],"rop_publish_now_history":[],"rop_publish_now_status":"pending","footnotes":""},"categories":[20],"tags":[107,122,2663,2664],"class_list":["post-8077","post","type-post","status-publish","format-standard","has-post-thumbnail","hentry","category-policia","tag-homicidio","tag-nanuque","tag-prisao-de-autor","tag-vila-pereira"],"_links":{"self":[{"href":"https:\/\/diariotribuna.com.br\/index.php?rest_route=\/wp\/v2\/posts\/8077"}],"collection":[{"href":"https:\/\/diariotribuna.com.br\/index.php?rest_route=\/wp\/v2\/posts"}],"about":[{"href":"https:\/\/diariotribuna.com.br\/index.php?rest_route=\/wp\/v2\/types\/post"}],"author":[{"embeddable":true,"href":"https:\/\/diariotribuna.com.br\/index.php?rest_route=\/wp\/v2\/users\/1"}],"replies":[{"embeddable":true,"href":"https:\/\/diariotribuna.com.br\/index.php?rest_route=%2Fwp%2Fv2%2Fcomments&post=8077"}],"version-history":[{"count":2,"href":"https:\/\/diariotribuna.com.br\/index.php?rest_route=\/wp\/v2\/posts\/8077\/revisions"}],"predecessor-version":[{"id":8080,"href":"https:\/\/diariotribuna.com.br\/index.php?rest_route=\/wp\/v2\/posts\/8077\/revisions\/8080"}],"wp:featuredmedia":[{"embeddable":true,"href":"https:\/\/diariotribuna.com.br\/index.php?rest_route=\/wp\/v2\/media\/8078"}],"wp:attachment":[{"href":"https:\/\/diariotribuna.com.br\/index.php?rest_route=%2Fwp%2Fv2%2Fmedia&parent=8077"}],"wp:term":[{"taxonomy":"category","embeddable":true,"href":"https:\/\/diariotribuna.com.br\/index.php?rest_route=%2Fwp%2Fv2%2Fcategories&post=8077"},{"taxonomy":"post_tag","embeddable":true,"href":"https:\/\/diariotribuna.com.br\/index.php?rest_route=%2Fwp%2Fv2%2Ftags&post=8077"}],"curies":[{"name":"wp","href":"https:\/\/api.w.org\/{rel}","templated":true}]}}