{"id":8086,"date":"2021-02-24T11:22:59","date_gmt":"2021-02-24T14:22:59","guid":{"rendered":"https:\/\/diariotribuna.com.br\/?p=8086"},"modified":"2021-02-24T23:59:26","modified_gmt":"2021-02-25T02:59:26","slug":"secretario-adjunto-de-justica-e-seguranca-publica-participa-de-posse-de-conselheiros-da-pcmg","status":"publish","type":"post","link":"https:\/\/diariotribuna.com.br\/?p=8086","title":{"rendered":"Secret\u00e1rio Adjunto de Justi\u00e7a e Seguran\u00e7a P\u00fablica participa de posse de Conselheiros da PCMG"},"content":{"rendered":"\n<figure class=\"wp-block-image size-large is-resized\"><img loading=\"lazy\" decoding=\"async\" src=\"https:\/\/diariotribuna.com.br\/wp-content\/uploads\/2021\/02\/2-6.jpg\" alt=\"\" class=\"wp-image-8087\" width=\"550\" height=\"338\" srcset=\"https:\/\/diariotribuna.com.br\/wp-content\/uploads\/2021\/02\/2-6.jpg 700w, https:\/\/diariotribuna.com.br\/wp-content\/uploads\/2021\/02\/2-6-300x184.jpg 300w, https:\/\/diariotribuna.com.br\/wp-content\/uploads\/2021\/02\/2-6-356x220.jpg 356w, https:\/\/diariotribuna.com.br\/wp-content\/uploads\/2021\/02\/2-6-696x428.jpg 696w, https:\/\/diariotribuna.com.br\/wp-content\/uploads\/2021\/02\/2-6-684x420.jpg 684w\" sizes=\"(max-width: 550px) 100vw, 550px\" \/><figcaption><strong>O evento aconteceu \u00e0s 10 horas no Pr\u00e9dio Minas da Cidade<\/strong><br><strong>Administrativa<\/strong> <strong>em Belo Horizonte<\/strong><\/figcaption><\/figure>\n\n\n\n<p><strong>O Secret\u00e1rio Adjunto de Justi\u00e7a e Seguran\u00e7a P\u00fablica de Minas Gerais, Dr. Jeferson Botelho<\/strong>, participou nesta ter\u00e7a-feira (23\/02), da <strong>posse de Conselheiros do Conselho Superior da Pol\u00edcia Civil de Minas Gerais<\/strong>. O evento aconteceu \u00e0s 10 horas no Pr\u00e9dio Minas da Cidade Administrativa em Belo Horizonte. Tomaram posse o Inspetor-Geral do Corpo de Investigadores da Pol\u00edcia Civil, Investigador Breno Coelho Nepomuceno, Inspetora-Geral do Corpo de Escriv\u00e3es da Pol\u00edcia Civil, Escriv\u00e3 Luciene Cardoso Murta Vilela, chefe do Departamento de Tr\u00e2nsito de Minas Gerais, Delegado-Geral Eurico da Cunha Neto e Superintendente de Investiga\u00e7\u00e3o e Pol\u00edcia Judici\u00e1ria da Pol\u00edcia Civil, Delegado-Geral M\u00e1rcio Sim\u00f5es Nabak.<\/p>\n\n\n\n<figure class=\"wp-block-image size-large is-resized\"><img loading=\"lazy\" decoding=\"async\" src=\"https:\/\/diariotribuna.com.br\/wp-content\/uploads\/2021\/02\/3-6.jpg\" alt=\"\" class=\"wp-image-8089\" width=\"488\" height=\"367\" srcset=\"https:\/\/diariotribuna.com.br\/wp-content\/uploads\/2021\/02\/3-6.jpg 600w, https:\/\/diariotribuna.com.br\/wp-content\/uploads\/2021\/02\/3-6-300x226.jpg 300w, https:\/\/diariotribuna.com.br\/wp-content\/uploads\/2021\/02\/3-6-80x60.jpg 80w, https:\/\/diariotribuna.com.br\/wp-content\/uploads\/2021\/02\/3-6-265x198.jpg 265w, https:\/\/diariotribuna.com.br\/wp-content\/uploads\/2021\/02\/3-6-558x420.jpg 558w\" sizes=\"(max-width: 488px) 100vw, 488px\" \/><\/figure>\n\n\n\n<p><strong>Em seu discurso, Botelho destacou que<\/strong> \u201cuma mensagem motivacional, de apontamentos singelos de quem viveu por 30 anos defendendo os interesses sociais por meio da interven\u00e7\u00e3o firme e arrojada da pol\u00edcia civil como protagonista de um sistema de defesa, em prol do crescimento institucional, com sintomas de prote\u00e7\u00e3o e de vanguarda coletiva, uma pol\u00edcia investigativa forte representa a reden\u00e7\u00e3o de uma sociedade que tem sede de valores democr\u00e1ticos e republicanos. H\u00e1 tempo de abandonar as roupas antigas, os velhos h\u00e1bitos que acarretam desuni\u00e3o, fracionamento, \u00e9 tempo de travessia, de vislumbrar horizontes claros, h\u00e1 tempo de restaurar comportamentos de lideran\u00e7as deixadas nos portais institucionais. Um elo forte significa uma corrente inquebr\u00e1vel da Secretaria de Estado da Justi\u00e7a e Seguran\u00e7a P\u00fablica de Minas Gerais. Cres\u00e7a, evolui e ame de verdade a bicenten\u00e1ria Pol\u00edcia Civil de Minas Gerais\u201d. <strong>Veja a \u00edntegra do discurso do Dr. Jeferson Botelho:<\/strong><\/p>\n\n\n\n<h3 class=\"wp-block-heading\"><strong>Discurso da posse de Conselheiros da Pol\u00edcia Civil de Minas Gerais<\/strong><\/h3>\n\n\n\n<figure class=\"wp-block-image size-large is-resized\"><img loading=\"lazy\" decoding=\"async\" src=\"https:\/\/diariotribuna.com.br\/wp-content\/uploads\/2021\/02\/1-9.jpg\" alt=\"\" class=\"wp-image-8088\" width=\"474\" height=\"315\" srcset=\"https:\/\/diariotribuna.com.br\/wp-content\/uploads\/2021\/02\/1-9.jpg 700w, https:\/\/diariotribuna.com.br\/wp-content\/uploads\/2021\/02\/1-9-300x200.jpg 300w, https:\/\/diariotribuna.com.br\/wp-content\/uploads\/2021\/02\/1-9-696x463.jpg 696w, https:\/\/diariotribuna.com.br\/wp-content\/uploads\/2021\/02\/1-9-631x420.jpg 631w\" sizes=\"(max-width: 474px) 100vw, 474px\" \/><\/figure>\n\n\n\n<p>Cumprimentos<\/p>\n\n\n\n<p>Hoje \u00e9 um dia especial e hist\u00f3rico na vida de cada um dos Senhores, aqui rec\u00e9m-empossados:<\/p>\n\n\n\n<ul class=\"wp-block-list\"><li>Inspetor-Geral do Corpo de<em> Investigadores da Pol\u00edcia Civil, <strong>Investigador Breno Coelho Nepomuceno<\/strong> <strong><\/strong><\/em><\/li><li><em>Inspetora -Geral do Corpo de Escriv\u00e3es da Pol\u00edcia Civil, <\/em><strong><em>Escriv\u00e3 Luciene Cardoso Murta Vilela&nbsp;<\/em><\/strong><\/li><li><em>Chefe do Departamento de Tr\u00e2nsito de Minas Gerais, <\/em><strong><em>Delegado-Geral Eurico da Cunha Neto<\/em><\/strong><\/li><li><em>Superintendente de Investiga\u00e7\u00e3o e Pol\u00edcia Judici\u00e1ria da Pol\u00edcia Civil, <strong>Delegado-Geral M\u00e1rcio Sim\u00f5es Nabak<\/strong><\/em><strong><em><\/em><\/strong><\/li><\/ul>\n\n\n\n<p>Eu n\u00e3o vim aqui para demonstrar o ponto fraco da minha f\u00e9, mas movido pela for\u00e7a do amor, resoluto, convicto e certo da clareza de que a Pol\u00edcia Civil de Minas h\u00e1 213 anos de exist\u00eancia vem trilhando uma trajet\u00f3ria hist\u00f3rica, passando por caminhos tortuosos, superando desafios, atualmente trilhando filosofias austeras a partir de uma moderna administra\u00e7\u00e3o gerencial o que cada vez mais coloca a PCMG no \u00e1pice da defesa da lei e da promo\u00e7\u00e3o de direitos, reconhecida como Institui\u00e7\u00e3o protetora dos direitos humanos, em especial na defesa dos direitos e garantias fundamentais do cidad\u00e3o.&nbsp;<\/p>\n\n\n\n<p>E mais que isso, a Lei Org\u00e2nica da PC, em seu artigo 3\u00ba, informa que ela reger-se-\u00e1 pelos princ\u00edpios constitucionais da legalidade, impessoalidade, moralidade, publicidade e efici\u00eancia e deve ainda observar, na sua atua\u00e7\u00e3o, a promo\u00e7\u00e3o dos direitos humanos, a participa\u00e7\u00e3o e intera\u00e7\u00e3o comunit\u00e1ria, a media\u00e7\u00e3o de conflitos, o uso proporcional da for\u00e7a, o atendimento ao p\u00fablico com presteza, probidade, urbanidade, aten\u00e7\u00e3o, interesse, respeito, discri\u00e7\u00e3o, modera\u00e7\u00e3o e objetividade, a hierarquia e a disciplina, a transpar\u00eancia e a sujei\u00e7\u00e3o a mecanismos de controle interno e externo, na forma da lei, a integra\u00e7\u00e3o com \u00f3rg\u00e3os de seguran\u00e7a p\u00fablica do Sistema de Defesa Social.<\/p>\n\n\n\n<p>A sua consagra\u00e7\u00e3o na Constitui\u00e7\u00e3o da Rep\u00fablica de 1988 talvez n\u00e3o esteja sendo objeto da an\u00e1lise merecida quanto ao papel que exerce no Estado Democr\u00e1tico de Direito a partir das fun\u00e7\u00f5es que lhe foram atribu\u00eddas.<\/p>\n\n\n\n<p>Nunca \u00e9 demais lembrar que a separa\u00e7\u00e3o das fun\u00e7\u00f5es estatais elaborada por Montesquieu em sua Obra O Esp\u00edrito das Leis, n\u00e3o passa de uma f\u00f3rmula pronta e acabada para que haja equil\u00edbrio e harmonia entre os poderes constitu\u00eddos, pois na verdade o ESTADO somente funciona quando os poderes est\u00e3o ligados, unidos entre si, respeitando rigorosamente os limites de compet\u00eancia ou atribui\u00e7\u00e3o de cada um, sem viola\u00e7\u00f5es para favorecer a interesses da minoria, mas sempre na busca do mesmo objetivo: A PAZ SOCIAL.<\/p>\n\n\n\n<p>\u00c9 ineg\u00e1vel que exercer as fun\u00e7\u00f5es de Pol\u00edcia Judici\u00e1ria significa ser diretamente respons\u00e1vel pelo fortalecimento e pela efici\u00eancia de uma sociedade que respeita liberdade e que tem desejos transcendentais como condi\u00e7\u00e3o b\u00e1sica para a evolu\u00e7\u00e3o de qualquer na\u00e7\u00e3o civilizada.<\/p>\n\n\n\n<p>Por desejo e ordem do mais importante ato normativo do Estado, a Pol\u00edcia Civil caminha unida aos respons\u00e1veis pela fun\u00e7\u00e3o jurisdicional, ora como base de apoio, ora como conselheira, mas, sempre, como parceira inarred\u00e1vel e guardi\u00e3 de suas decis\u00f5es. Em sentido mais espec\u00edfico, o exerc\u00edcio da investiga\u00e7\u00e3o de infra\u00e7\u00f5es penais, igualmente imposto pela Carta Magna, representa muito mais que uma simpl\u00f3ria equa\u00e7\u00e3o de esclarecimento de autoria e materialidade.<\/p>\n\n\n\n<p>A Pol\u00edcia Civil atua no calor dos acontecimentos ou \u201cmomento de trepida\u00e7\u00e3o moral dos fatos\u201d, como afirmado de forma lapidar pelo Ministro Francisco Campos, sob a enorme responsabilidade de extrair as informa\u00e7\u00f5es objetivas e subjetivas de um fato delituoso dentro de regras r\u00edgidas previstas em nosso ordenamento jur\u00eddico, devendo faz\u00ea-lo obrigatoriamente na condi\u00e7\u00e3o de 1\u00aa inst\u00e2ncia de defesa dos direitos constitucionais, duramente alcan\u00e7ados em nosso pa\u00eds.<\/p>\n\n\n\n<p>A liberdade, direito fundamental de primeira gera\u00e7\u00e3o, n\u00e3o precisa classifica\u00e7\u00e3o de Karel Vasak, \u00e9 bem protegido pelo Estado e, a partir dela, pode-se desfrutar da justi\u00e7a, da cidadania, e dos ideais supremos pr\u00f3prios da franquia p\u00fablica.<\/p>\n\n\n\n<p>&nbsp;A liberdade \u00e9 justamente a ess\u00eancia do homem e este se torna cada vez mais livre no instante em que amplia seu dom\u00ednio sobre a natureza e suas leis objetivas. A cidadania qualifica os participantes da vida do estado, deve se perfazer como o atributo necess\u00e1rio das pessoas integradas na sociedade estatal, com o fim de garantir o exerc\u00edcio dos direitos humanos positivados.<\/p>\n\n\n\n<p>A chamada \u201cverdade real\u201d fotografada pelas a\u00e7\u00f5es investigativas \u00e9 verdadeiro pilar para a realiza\u00e7\u00e3o da justi\u00e7a atrav\u00e9s do processo penal em sentido estrito.<\/p>\n\n\n\n<p>Mas n\u00e3o \u00e9 s\u00f3. \u00c9 preciso compreender que o resultado da investiga\u00e7\u00e3o criminal pode servir de arcabou\u00e7o de informa\u00e7\u00f5es para subsidiar pol\u00edticas p\u00fablicas no tratamento da quest\u00e3o criminal, a partir de um conte\u00fado incalcul\u00e1vel de dados sobre o cometimento do crime, sua concentra\u00e7\u00e3o, seus atores e sua motiva\u00e7\u00e3o. Portanto, reafirmo que num quadro sist\u00eamico, a Pol\u00edcia Civil se coloca hoje como institui\u00e7\u00e3o essencial \u00e0 democracia e suas a\u00e7\u00f5es s\u00e3o combust\u00edveis para sua realiza\u00e7\u00e3o.<\/p>\n\n\n\n<p>\u00c9 preciso compreender, entretanto, que a atua\u00e7\u00e3o da Pol\u00edcia Civil e do pr\u00f3prio Sistema de Justi\u00e7a Criminal est\u00e1 condicionada \u00e0 excepcionalidade do crime. O sucesso nas apura\u00e7\u00f5es de infra\u00e7\u00f5es penais ser\u00e1 inversamente proporcional ao n\u00famero delas.<\/p>\n\n\n\n<p>A partir da ado\u00e7\u00e3o de um modelo de desenvolvimento integrado, a Pol\u00edcia Civil e demais \u00f3rg\u00e3os que comp\u00f5em o sistema de justi\u00e7a de Minas Gerais, passam a integrar a Secretaria de Estado de Justi\u00e7a e Seguran\u00e7a P\u00fablica, pela via da implanta\u00e7\u00e3o de um sistema coordenado, em conex\u00e3o com a estrat\u00e9gia geral da Administra\u00e7\u00e3o P\u00fablica, com valores principiol\u00f3gicos da coopera\u00e7\u00e3o, integra\u00e7\u00e3o, inova\u00e7\u00e3o, respeito ao ser humano, compromisso com a verdade, responsabilidade \u00e9tica e integridade, valoriza\u00e7\u00e3o do servidor e justi\u00e7a. Nesse prop\u00f3sito o nosso Estado precisa contar com institui\u00e7\u00f5es s\u00f3lidas e est\u00e1veis.<\/p>\n\n\n\n<p>De nossa parte, assumimos a miss\u00e3o de integrar a gest\u00e3o coletiva da seguran\u00e7a p\u00fablica e justi\u00e7a criminal, por meio da realiza\u00e7\u00e3o eficiente da investiga\u00e7\u00e3o cient\u00edfica redutora do fen\u00f4meno criminal com a vis\u00e3o de sermos reconhecidos pela sociedade e governo como \u00f3rg\u00e3o essencial \u00e0 constru\u00e7\u00e3o das pol\u00edticas de seguran\u00e7a. Nesse prop\u00f3sito, lan\u00e7ando m\u00e3o de modernas pr\u00e1ticas de gest\u00e3o, elaborou-se o Planejamento Estrat\u00e9gico de a\u00e7\u00f5es para viabilizar a continuidade administrativa a partir da identifica\u00e7\u00e3o de necessidades e oportunidades para dimensionar o tempo das a\u00e7\u00f5es institucionais no franco processo de desenvolvimento e evolu\u00e7\u00e3o que estamos percorrendo.<\/p>\n\n\n\n<p>O fato \u00e9 que o compartilhamento de responsabilidade e a corresponsabilidade legalmente regulada encontram-se no centro dos novos desafios dos Estados contempor\u00e2neos e constituem-se em um dos elementos centrais da revis\u00e3o estrat\u00e9gia de desenvolvimento da seguran\u00e7a p\u00fablica de Minas Gerais. \u00c9 neste sentido que o governo adota o conceito de Estado Aberto e em Rede, que atua com outras esferas da sociedade, sem perder a sua for\u00e7a de regular a organiza\u00e7\u00e3o social e a gest\u00e3o do combate \u00e0 criminalidade.<\/p>\n\n\n\n<p>A posse dos novos gestores \u00e9 mais uma demonstra\u00e7\u00e3o inequ\u00edvoca desse processo de renova\u00e7\u00e3o em prol do avan\u00e7o de pol\u00edticas inovadoras para a Seguran\u00e7a P\u00fablica. Realize uma gest\u00e3o participativa, respons\u00e1vel, dedicada e comprometida com as causas da seguran\u00e7a p\u00fablica, com atua\u00e7\u00e3o un\u00edssona entre os servidores, Poder Judici\u00e1rio, Minist\u00e9rio P\u00fablico, Policia Militar, OAB, Corpo de Bombeiros, Defensoria P\u00fablica, Pol\u00edcia Penal, sistema socioeducativo, associa\u00e7\u00f5es de classe e toda sociedade civil organizada.<\/p>\n\n\n\n<p>Anseia-se pela ado\u00e7\u00e3o de um modelo de gest\u00e3o gerencial, a frente de um importante Departamento de Pol\u00edcia Civil, aprimorando o pensamento de Max Weber.<\/p>\n\n\n\n<p>\u201cO gerencialismo \u00e9 uma t\u00e9cnica de instrumentaliza\u00e7\u00e3o e operacionaliza\u00e7\u00e3o das pol\u00edticas p\u00fablicas previamente desenvolvidas e aceitas pela organiza\u00e7\u00e3o. \u00c9, portanto, meio de implementa\u00e7\u00e3o. Dentro desse conceito, a administra\u00e7\u00e3o gerencial caracteriza-se pela exist\u00eancia de formas modernas de gest\u00e3o p\u00fablica, modificando os crit\u00e9rios de aplica\u00e7\u00e3o do controle dos servi\u00e7os p\u00fablicos, as rela\u00e7\u00f5es estabelecidas entre o Poder P\u00fablico e seus servidores e alterando, tamb\u00e9m, a pr\u00f3pria atua\u00e7\u00e3o da administra\u00e7\u00e3o, que passa a enfatizar a efici\u00eancia, a qualidade e a efetiva concretiza\u00e7\u00e3o do regime democr\u00e1tico, mediante a participa\u00e7\u00e3o mais intensa dos cidad\u00e3os\u201d.<\/p>\n\n\n\n<p>Por fim, devo dizer que POL\u00cdCIA CIVIL exerce atividade de PROMO\u00c7\u00c3O DE JUSTI\u00c7A. A Justi\u00e7a em sua pureza somente \u00e9 alcan\u00e7\u00e1vel em Deus, cujo nome \u00e9 AMOR, porquanto \u00e9 perfeito, entretanto o ser humano n\u00e3o \u00e9 perfeito!<\/p>\n\n\n\n<p>Assim, a Justi\u00e7a \u00e9 BOA, pois ela \u00e9 o fundamento da exist\u00eancia, mas acima da Justi\u00e7a est\u00e1 o AMOR. A Justi\u00e7a \u00e9 CLARA! Mais um passo, por\u00e9m, e ela se torna FRIA! O amor, pelo contr\u00e1rio, quando \u00e9 aut\u00eantico, cordial, fruto do car\u00e1ter, AQUECE e LIBERTA.<\/p>\n\n\n\n<p>A Justi\u00e7a ORDENA! Mas o amor CRIA! A Justi\u00e7a ocupa-se daquilo que \u00e9, mas o amor renova. A Justi\u00e7a d\u00e1 ao esp\u00edrito a satisfa\u00e7\u00e3o de ver reinar a ordem, mas o amor faz brotar a alegria da vida criadora. Por isso, a verdadeira Justi\u00e7a \u00e9 fruto do amor.<\/p>\n\n\n\n<p>O homem s\u00f3 \u00e9 capaz de exercer a Justi\u00e7a depois de haver aprendido, pelo AMOR DIVINO, a olhar os homens e a si pr\u00f3pria como eles s\u00e3o realmente. \u00c9 PRECISO APRENDER A AMAR PARA PODER SER JUSTO.<\/p>\n\n\n\n<p>N\u00e3o se esque\u00e7am que \u00e9<strong> imposs\u00edvel avaliar a for\u00e7a que possu\u00edmos sem medir o tamanho do obst\u00e1culo que podemos vencer, nem o valor de uma a\u00e7\u00e3o sem sabermos o sacrif\u00edcio que ela comporta.<\/strong><\/p>\n\n\n\n<p><em>Uma boa reflex\u00e3o o serm\u00e3o do Padre Ant\u00f4nio Vieira, sobre a uni\u00e3o, <\/em>no ano de 1662.&nbsp;<em><\/em><\/p>\n\n\n\n<p><strong><em>\u201cToda a vida (ainda das coisas que n\u00e3o t\u00eam vida) n\u00e3o \u00e9 mais que uma uni\u00e3o. Uma uni\u00e3o de pedras \u00e9 edif\u00edcio: uma uni\u00e3o de t\u00e1buas \u00e9 navio: uma uni\u00e3o de homens \u00e9 ex\u00e9rcito. E sem essa uni\u00e3o, tudo perde o nome e mais o ser. O edif\u00edcio sem uni\u00e3o \u00e9 ru\u00edna: o navio sem uni\u00e3o \u00e9 naufr\u00e1gio: o ex\u00e9rcito sem uni\u00e3o \u00e9 despojo. At\u00e9 o homem (cuja vida consiste na uni\u00e3o de alma e corpo) com uni\u00e3o \u00e9 homem, sem uni\u00e3o \u00e9 cad\u00e1ver\u201d.<\/em><\/strong><\/p>\n\n\n\n<p>Por fim, uma mensagem motivacional, de apontamentos singelos de quem viveu por 30 anos defendendo os interesses sociais por meio da interven\u00e7\u00e3o firme e arrojada da pol\u00edcia civil como protagonista de um sistema de defesa, em prol do crescimento institucional, com sintomas de prote\u00e7\u00e3o e de vanguarda coletiva, uma pol\u00edcia investigativa forte representa a reden\u00e7\u00e3o de uma sociedade que tem sede de valores democr\u00e1ticos e republicanos. H\u00e1 tempo de abandonar as roupas antigas, os velhos h\u00e1bitos que acarretam desuni\u00e3o, fracionamento, \u00e9 tempo de travessia, de vislumbrar horizontes claros, h\u00e1 tempo de restaurar comportamentos de lideran\u00e7as deixadas nos portais institucionais. Um elo forte significa uma corrente inquebr\u00e1vel da Secretaria de Estado da Justi\u00e7a e Seguran\u00e7a P\u00fablica de Minas Gerais. Cres\u00e7a, evolui e ame de verdade a bicenten\u00e1ria Pol\u00edcia Civil de Minas Gerais.<\/p>\n\n\n\n<p>Sejam felizes em suas novas miss\u00f5es<\/p>\n\n\n\n<p>Obrigado e tenham todos um bom dia!!!&nbsp;&nbsp;&nbsp;&nbsp;&nbsp;<\/p>\n\n\n\n<p>Belo Horizonte, 23 de fevereiro de 2021<\/p>\n\n\n\n<p><strong>Jeferson Botelho Pereira<\/strong><\/p>\n\n\n\n<p>Secret\u00e1rio Adjunto de Justi\u00e7a e Seguran\u00e7a P\u00fablica de Minas Gerais<\/p>\n","protected":false},"excerpt":{"rendered":"<p>O Secret\u00e1rio Adjunto de Justi\u00e7a e Seguran\u00e7a P\u00fablica de Minas Gerais, Dr. Jeferson Botelho, participou nesta ter\u00e7a-feira (23\/02), da posse de Conselheiros do Conselho Superior da Pol\u00edcia Civil de Minas Gerais. O evento aconteceu \u00e0s 10 horas no Pr\u00e9dio Minas da Cidade Administrativa em Belo Horizonte. Tomaram posse o Inspetor-Geral do Corpo de Investigadores da [&hellip;]<\/p>\n","protected":false},"author":1,"featured_media":8087,"comment_status":"open","ping_status":"open","sticky":false,"template":"","format":"standard","meta":{"rop_custom_images_group":[],"rop_custom_messages_group":[],"rop_publish_now":"initial","rop_publish_now_accounts":[],"rop_publish_now_history":[],"rop_publish_now_status":"pending","footnotes":""},"categories":[19],"tags":[2667,1749,2666,2628],"class_list":["post-8086","post","type-post","status-publish","format-standard","has-post-thumbnail","hentry","category-gerais","tag-fevereiro-2021","tag-jeferson-botelho-pereira","tag-posse-conselheiros-pcmg","tag-sejusp-mg"],"_links":{"self":[{"href":"https:\/\/diariotribuna.com.br\/index.php?rest_route=\/wp\/v2\/posts\/8086"}],"collection":[{"href":"https:\/\/diariotribuna.com.br\/index.php?rest_route=\/wp\/v2\/posts"}],"about":[{"href":"https:\/\/diariotribuna.com.br\/index.php?rest_route=\/wp\/v2\/types\/post"}],"author":[{"embeddable":true,"href":"https:\/\/diariotribuna.com.br\/index.php?rest_route=\/wp\/v2\/users\/1"}],"replies":[{"embeddable":true,"href":"https:\/\/diariotribuna.com.br\/index.php?rest_route=%2Fwp%2Fv2%2Fcomments&post=8086"}],"version-history":[{"count":2,"href":"https:\/\/diariotribuna.com.br\/index.php?rest_route=\/wp\/v2\/posts\/8086\/revisions"}],"predecessor-version":[{"id":8091,"href":"https:\/\/diariotribuna.com.br\/index.php?rest_route=\/wp\/v2\/posts\/8086\/revisions\/8091"}],"wp:featuredmedia":[{"embeddable":true,"href":"https:\/\/diariotribuna.com.br\/index.php?rest_route=\/wp\/v2\/media\/8087"}],"wp:attachment":[{"href":"https:\/\/diariotribuna.com.br\/index.php?rest_route=%2Fwp%2Fv2%2Fmedia&parent=8086"}],"wp:term":[{"taxonomy":"category","embeddable":true,"href":"https:\/\/diariotribuna.com.br\/index.php?rest_route=%2Fwp%2Fv2%2Fcategories&post=8086"},{"taxonomy":"post_tag","embeddable":true,"href":"https:\/\/diariotribuna.com.br\/index.php?rest_route=%2Fwp%2Fv2%2Ftags&post=8086"}],"curies":[{"name":"wp","href":"https:\/\/api.w.org\/{rel}","templated":true}]}}