{"id":8092,"date":"2021-02-24T23:58:42","date_gmt":"2021-02-25T02:58:42","guid":{"rendered":"https:\/\/diariotribuna.com.br\/?p=8092"},"modified":"2021-02-24T23:58:44","modified_gmt":"2021-02-25T02:58:44","slug":"policia-civil-apura-autoria-de-roubos-continuados-em-teofilo-otoni","status":"publish","type":"post","link":"https:\/\/diariotribuna.com.br\/?p=8092","title":{"rendered":"Pol\u00edcia Civil apura autoria de roubos continuados em Te\u00f3filo Otoni"},"content":{"rendered":"\n<figure class=\"wp-block-image size-large is-resized is-style-default\"><img loading=\"lazy\" decoding=\"async\" src=\"https:\/\/diariotribuna.com.br\/wp-content\/uploads\/2021\/02\/5d803a39-b52b-4064-8930-e4ae3e0c6e9e-1.jpg\" alt=\"\" class=\"wp-image-8093\" width=\"516\" height=\"320\" srcset=\"https:\/\/diariotribuna.com.br\/wp-content\/uploads\/2021\/02\/5d803a39-b52b-4064-8930-e4ae3e0c6e9e-1.jpg 700w, https:\/\/diariotribuna.com.br\/wp-content\/uploads\/2021\/02\/5d803a39-b52b-4064-8930-e4ae3e0c6e9e-1-300x186.jpg 300w, https:\/\/diariotribuna.com.br\/wp-content\/uploads\/2021\/02\/5d803a39-b52b-4064-8930-e4ae3e0c6e9e-1-356x220.jpg 356w, https:\/\/diariotribuna.com.br\/wp-content\/uploads\/2021\/02\/5d803a39-b52b-4064-8930-e4ae3e0c6e9e-1-696x433.jpg 696w, https:\/\/diariotribuna.com.br\/wp-content\/uploads\/2021\/02\/5d803a39-b52b-4064-8930-e4ae3e0c6e9e-1-676x420.jpg 676w\" sizes=\"(max-width: 516px) 100vw, 516px\" \/><\/figure>\n\n\n\n<p>A Pol\u00edcia Civil de Minas Gerais atrav\u00e9s da Delegacia Especializada em Repress\u00e3o a Furtos e Roubos (DERFR) de Te\u00f3filo Otoni, conclui investiga\u00e7\u00e3o que apurou roubos continuados a estabelecimentos comerciais e a transeuntes, cometidos por um casal de assaltantes na regi\u00e3o norte da cidade. A PC apurou roubos qualificados mediante concurso de agentes e uso de arma branca.<\/p>\n\n\n\n<p>Segundo o delegado coordenador das investiga\u00e7\u00f5es, dr. M\u00e1rcio Pereira, o casal de assaltantes foi identificado por imagens ap\u00f3s praticar um roubo a uma farm\u00e1cia no Bairro Vila Pedrosa, zona norte de Te\u00f3filo Otoni. Devidamente identificados os dois foram conduzidos \u00e0 presen\u00e7a da autoridade policial plantonista, que ratificou a pris\u00e3o deles.<\/p>\n\n\n\n<p>\u201cAp\u00f3s esse primeiro ato, e com base em outros registros policiais e em investiga\u00e7\u00f5es j\u00e1 em curso nesta Delegacia Especializada, foi poss\u00edvel com a juntada de outras evid\u00eancias de prova, relacion\u00e1-los a outros roubos anteriormente cometidos\u201d, disse o delegado.<\/p>\n\n\n\n<p><strong>Apura\u00e7\u00e3o &#8211;<\/strong> Ap\u00f3s investiga\u00e7\u00f5es qualificadas pela equipe policial dessa DERFR, com arrimo em provas t\u00e9cnicas, an\u00e1lise de imagens e confronto das vers\u00f5es apresentadas, oitivas e reconhecimento de v\u00edtimas, a Pol\u00edcia Civil concluiu pela defini\u00e7\u00e3o da autoria e materialidade do crime principal e correlatos por eles cometidos. Os dois foram indiciados pelo crime de roubo qualificado em continuidade delitiva. A PC remeteu os autos do inqu\u00e9rito \u00e0 justi\u00e7a com indiciamento formal e representa\u00e7\u00e3o pelas medidas cautelares de pris\u00e3o preventiva dos envolvidos.<\/p>\n\n\n\n<p><strong>Equipe policial:<\/strong> <strong>Delegado:<\/strong> Dr. M\u00e1rcio Pereira. <strong>Investigadores:<\/strong> Fabr\u00edcio Tud\u00e9ia, Cl\u00e1udio Borges, Nat\u00e1lia Sp\u00f3sito e Priscilla Figueiredo. <strong>Escriv\u00e3o:<\/strong> Gerson Lucas.<\/p>\n\n\n\n<p><strong>\u201cA PCMG sempre primando por investiga\u00e7\u00f5es qualificadas, buscando sempre nos seus limites materiais e humanos, oferecer a sociedade uma Pol\u00edcia Judici\u00e1ria eficiente\u201d<\/strong><\/p>\n","protected":false},"excerpt":{"rendered":"<p>A Pol\u00edcia Civil de Minas Gerais atrav\u00e9s da Delegacia Especializada em Repress\u00e3o a Furtos e Roubos (DERFR) de Te\u00f3filo Otoni, conclui investiga\u00e7\u00e3o que apurou roubos continuados a estabelecimentos comerciais e a transeuntes, cometidos por um casal de assaltantes na regi\u00e3o norte da cidade. A PC apurou roubos qualificados mediante concurso de agentes e uso de [&hellip;]<\/p>\n","protected":false},"author":1,"featured_media":8093,"comment_status":"open","ping_status":"open","sticky":false,"template":"","format":"standard","meta":{"rop_custom_images_group":[],"rop_custom_messages_group":[],"rop_publish_now":"initial","rop_publish_now_accounts":[],"rop_publish_now_history":[],"rop_publish_now_status":"pending","footnotes":""},"categories":[25,20],"tags":[2668,2669,292,75],"class_list":["post-8092","post","type-post","status-publish","format-standard","has-post-thumbnail","hentry","category-destaque","category-policia","tag-furtos-e-roubos","tag-derfr","tag-policia-civil","tag-teofilo-otoni"],"_links":{"self":[{"href":"https:\/\/diariotribuna.com.br\/index.php?rest_route=\/wp\/v2\/posts\/8092"}],"collection":[{"href":"https:\/\/diariotribuna.com.br\/index.php?rest_route=\/wp\/v2\/posts"}],"about":[{"href":"https:\/\/diariotribuna.com.br\/index.php?rest_route=\/wp\/v2\/types\/post"}],"author":[{"embeddable":true,"href":"https:\/\/diariotribuna.com.br\/index.php?rest_route=\/wp\/v2\/users\/1"}],"replies":[{"embeddable":true,"href":"https:\/\/diariotribuna.com.br\/index.php?rest_route=%2Fwp%2Fv2%2Fcomments&post=8092"}],"version-history":[{"count":1,"href":"https:\/\/diariotribuna.com.br\/index.php?rest_route=\/wp\/v2\/posts\/8092\/revisions"}],"predecessor-version":[{"id":8094,"href":"https:\/\/diariotribuna.com.br\/index.php?rest_route=\/wp\/v2\/posts\/8092\/revisions\/8094"}],"wp:featuredmedia":[{"embeddable":true,"href":"https:\/\/diariotribuna.com.br\/index.php?rest_route=\/wp\/v2\/media\/8093"}],"wp:attachment":[{"href":"https:\/\/diariotribuna.com.br\/index.php?rest_route=%2Fwp%2Fv2%2Fmedia&parent=8092"}],"wp:term":[{"taxonomy":"category","embeddable":true,"href":"https:\/\/diariotribuna.com.br\/index.php?rest_route=%2Fwp%2Fv2%2Fcategories&post=8092"},{"taxonomy":"post_tag","embeddable":true,"href":"https:\/\/diariotribuna.com.br\/index.php?rest_route=%2Fwp%2Fv2%2Ftags&post=8092"}],"curies":[{"name":"wp","href":"https:\/\/api.w.org\/{rel}","templated":true}]}}