{"id":8097,"date":"2021-02-25T01:36:12","date_gmt":"2021-02-25T04:36:12","guid":{"rendered":"https:\/\/diariotribuna.com.br\/?p=8097"},"modified":"2021-02-25T01:36:14","modified_gmt":"2021-02-25T04:36:14","slug":"bolsonaro-entrega-a-camara-pl-que-permite-privatizacao-dos-correios","status":"publish","type":"post","link":"https:\/\/diariotribuna.com.br\/?p=8097","title":{"rendered":"Bolsonaro entrega \u00e0 C\u00e2mara PL que permite privatiza\u00e7\u00e3o dos Correios"},"content":{"rendered":"\n<p><strong>Texto define cumprimento de metas e de qualidade dos servi\u00e7os<\/strong><\/p>\n\n\n\n<figure class=\"wp-block-image size-large is-resized\"><img loading=\"lazy\" decoding=\"async\" src=\"https:\/\/diariotribuna.com.br\/wp-content\/uploads\/2021\/02\/img20210224202632266-768x503-1.jpg\" alt=\"\" class=\"wp-image-8098\" width=\"460\" height=\"274\" srcset=\"https:\/\/diariotribuna.com.br\/wp-content\/uploads\/2021\/02\/img20210224202632266-768x503-1.jpg 700w, https:\/\/diariotribuna.com.br\/wp-content\/uploads\/2021\/02\/img20210224202632266-768x503-1-300x179.jpg 300w, https:\/\/diariotribuna.com.br\/wp-content\/uploads\/2021\/02\/img20210224202632266-768x503-1-696x416.jpg 696w\" sizes=\"(max-width: 460px) 100vw, 460px\" \/><\/figure>\n\n\n\n<p>O presidente Jair Bolsonaro entregou nesta quarta-feira (24) ao presidente da C\u00e2mara dos Deputados, Arthur Lira (PP-AL), o projeto de lei que possibilita a privatiza\u00e7\u00e3o dos Correios.<\/p>\n\n\n\n<p>Chamado de Marco Regulat\u00f3rio para o setor postal, o texto tamb\u00e9m define a obrigatoriedade do cumprimento de metas de universaliza\u00e7\u00e3o e qualidade dos servi\u00e7os e estabelece que a Ag\u00eancia Nacional de Telecomunica\u00e7\u00f5es (Anatel) ser\u00e1 a Ag\u00eancia Reguladora dos servi\u00e7os postais.<\/p>\n\n\n\n<p>Segundo o Pal\u00e1cio do Planalto, al\u00e9m do PL entregue ao Congresso, ser\u00e3o realizados debates e estudos para a defini\u00e7\u00e3o do melhor modelo de desestatiza\u00e7\u00e3o, que pode ser, por exemplo, a venda direta, a venda do controle majorit\u00e1rio ou de apenas parte da empresa. O Banco Nacional de Desenvolvimento Econ\u00f4mico e Social (BNDES) contratou a Accenture, empresa de consultoria que estuda o melhor modelo de neg\u00f3cio para a privatiza\u00e7\u00e3o da empresa estatal.<\/p>\n\n\n\n<p>O edital ser\u00e1 remetido ao Tribunal de Contas da Uni\u00e3o (TCU) e, assim que liberado pela Corte, ser\u00e1 liberado para a realiza\u00e7\u00e3o do leil\u00e3o. O PL estabelece a nova organiza\u00e7\u00e3o e a manuten\u00e7\u00e3o do Sistema Nacional de Servi\u00e7os Postais, para que sejam explorados em regime privado, \u201crespeitando, por\u00e9m, a Constitui\u00e7\u00e3o Federal em seu Artigo 21, que estabelece \u00e0 Uni\u00e3o manter o servi\u00e7o postal, o que ser\u00e1 delegado ao Operador Postal Designado no decorrer do processo de privatiza\u00e7\u00e3o dos Correios\u201d.<\/p>\n\n\n\n<p>O texto do PL determina que a Uni\u00e3o mantenha o Servi\u00e7o Postal Universal em todo territ\u00f3rio nacional, de modo cont\u00ednuo e com modicidade de pre\u00e7os. A proposta prev\u00ea ainda a cria\u00e7\u00e3o da Ag\u00eancia Nacional de Comunica\u00e7\u00f5es, em substitui\u00e7\u00e3o \u00e0 atual Ag\u00eancia Nacional de Telecomunica\u00e7\u00f5es, que passar\u00e1 a regular tamb\u00e9m os servi\u00e7os do Sistema Nacional de Servi\u00e7os Postais, alterando a Lei n\u00ba 9.472 de julho de 1997.<\/p>\n\n\n\n<p>Ao justificar a medida, o Minist\u00e9rio das Comunica\u00e7\u00f5es argumenta que a transforma\u00e7\u00e3o digital do setor postal no Brasil e no mundo demandam elevados investimentos por parte dos Correios.<\/p>\n\n\n\n<p>&#8220;Todavia, os esfor\u00e7os empreendidos n\u00e3o t\u00eam sido suficientes para que a empresa se atualize na velocidade requerida. Por ser uma empresa p\u00fablica, ela n\u00e3o conta com o dinamismo que o setor demanda atualmente, tampouco a Uni\u00e3o tem capacidade fiscal para suportar os investimentos por meio de aportes&#8221;, disse o ministro das Comunica\u00e7\u00f5es, F\u00e1bio Faria.<\/p>\n\n\n\n<p>O presidente, pelas redes sociais, tamb\u00e9m comentou sobre a entrega do projeto de lei. Bolsonaro disse que o Brasil &#8220;segue firme no caminho da liberdade econ\u00f4mica&#8221;: <a href=\"https:\/\/twitter.com\/jairbolsonaro\">Jair M. Bolsonaro@jairbolsonaro<\/a>&#8211; <em>Estive h\u00e1 pouco no Congresso Nacional para entrega do Projeto de Lei que acaba com o monop\u00f3lio dos Correios nos servi\u00e7os postais do pa\u00eds e viabiliza a sua privatiza\u00e7\u00e3o. O Brasil, mais do que nunca, segue firme no caminho da liberdade econ\u00f4mica. Boa noite a todos!<\/em><\/p>\n\n\n\n<h2 class=\"wp-block-heading\">Decis\u00e3o coletiva<\/h2>\n\n\n\n<p>Ao receber a proposta elaborada pelo Poder Executivo, o deputado Arthur Lira afirmou que haver\u00e1 uma discuss\u00e3o do projeto e a decis\u00e3o ser\u00e1 coletiva dos congressistas. \u201cO relacionamento das duas Casas [C\u00e2mara e Senado], continua com muito di\u00e1logo e vamos cumprir o que prometemos ao povo brasileiro\u201d, disse.<\/p>\n\n\n\n<p>(Ag\u00eancia Brasil)<\/p>\n","protected":false},"excerpt":{"rendered":"<p>Texto define cumprimento de metas e de qualidade dos servi\u00e7os O presidente Jair Bolsonaro entregou nesta quarta-feira (24) ao presidente da C\u00e2mara dos Deputados, Arthur Lira (PP-AL), o projeto de lei que possibilita a privatiza\u00e7\u00e3o dos Correios. Chamado de Marco Regulat\u00f3rio para o setor postal, o texto tamb\u00e9m define a obrigatoriedade do cumprimento de metas [&hellip;]<\/p>\n","protected":false},"author":1,"featured_media":8098,"comment_status":"open","ping_status":"open","sticky":false,"template":"","format":"standard","meta":{"rop_custom_images_group":[],"rop_custom_messages_group":[],"rop_publish_now":"initial","rop_publish_now_accounts":[],"rop_publish_now_history":[],"rop_publish_now_status":"pending","footnotes":""},"categories":[21],"tags":[396,2670,1240,2671],"class_list":["post-8097","post","type-post","status-publish","format-standard","has-post-thumbnail","hentry","category-politica","tag-bolsonaro","tag-camara-federal","tag-correios","tag-privatizacao"],"_links":{"self":[{"href":"https:\/\/diariotribuna.com.br\/index.php?rest_route=\/wp\/v2\/posts\/8097"}],"collection":[{"href":"https:\/\/diariotribuna.com.br\/index.php?rest_route=\/wp\/v2\/posts"}],"about":[{"href":"https:\/\/diariotribuna.com.br\/index.php?rest_route=\/wp\/v2\/types\/post"}],"author":[{"embeddable":true,"href":"https:\/\/diariotribuna.com.br\/index.php?rest_route=\/wp\/v2\/users\/1"}],"replies":[{"embeddable":true,"href":"https:\/\/diariotribuna.com.br\/index.php?rest_route=%2Fwp%2Fv2%2Fcomments&post=8097"}],"version-history":[{"count":1,"href":"https:\/\/diariotribuna.com.br\/index.php?rest_route=\/wp\/v2\/posts\/8097\/revisions"}],"predecessor-version":[{"id":8099,"href":"https:\/\/diariotribuna.com.br\/index.php?rest_route=\/wp\/v2\/posts\/8097\/revisions\/8099"}],"wp:featuredmedia":[{"embeddable":true,"href":"https:\/\/diariotribuna.com.br\/index.php?rest_route=\/wp\/v2\/media\/8098"}],"wp:attachment":[{"href":"https:\/\/diariotribuna.com.br\/index.php?rest_route=%2Fwp%2Fv2%2Fmedia&parent=8097"}],"wp:term":[{"taxonomy":"category","embeddable":true,"href":"https:\/\/diariotribuna.com.br\/index.php?rest_route=%2Fwp%2Fv2%2Fcategories&post=8097"},{"taxonomy":"post_tag","embeddable":true,"href":"https:\/\/diariotribuna.com.br\/index.php?rest_route=%2Fwp%2Fv2%2Ftags&post=8097"}],"curies":[{"name":"wp","href":"https:\/\/api.w.org\/{rel}","templated":true}]}}