{"id":8100,"date":"2021-02-25T01:45:07","date_gmt":"2021-02-25T04:45:07","guid":{"rendered":"https:\/\/diariotribuna.com.br\/?p=8100"},"modified":"2021-02-25T01:45:08","modified_gmt":"2021-02-25T04:45:08","slug":"estudo-detecta-variante-inglesa-da-covid-19-em-oito-estados-do-brasil","status":"publish","type":"post","link":"https:\/\/diariotribuna.com.br\/?p=8100","title":{"rendered":"Estudo detecta variante inglesa da covid-19 em oito estados do Brasil"},"content":{"rendered":"\n<p><strong>A nova cepa estaria circulando por 16 cidades brasileiras<\/strong><\/p>\n\n\n\n<figure class=\"wp-block-image size-large is-resized\"><img loading=\"lazy\" decoding=\"async\" src=\"https:\/\/diariotribuna.com.br\/wp-content\/uploads\/2021\/02\/radiografia_de_torax_coronaviruscovid-19_hospital_sao_paulo1205200326.jpg\" alt=\"\" class=\"wp-image-8101\" width=\"523\" height=\"312\" srcset=\"https:\/\/diariotribuna.com.br\/wp-content\/uploads\/2021\/02\/radiografia_de_torax_coronaviruscovid-19_hospital_sao_paulo1205200326.jpg 700w, https:\/\/diariotribuna.com.br\/wp-content\/uploads\/2021\/02\/radiografia_de_torax_coronaviruscovid-19_hospital_sao_paulo1205200326-300x179.jpg 300w, https:\/\/diariotribuna.com.br\/wp-content\/uploads\/2021\/02\/radiografia_de_torax_coronaviruscovid-19_hospital_sao_paulo1205200326-696x416.jpg 696w\" sizes=\"(max-width: 523px) 100vw, 523px\" \/><\/figure>\n\n\n\n<p>A variante do novo coronav\u00edrus detectada no Reino Unido j\u00e1 est\u00e1 presente em, pelo menos, 16 cidades de oito estados brasileiros. A conclus\u00e3o \u00e9 de um estudo realizado pela Universidade Federal de Minas Gerais (UFMG) e pela Rede Corona-\u00d4mica, uma sub-divis\u00e3o da Rede V\u00edrus, comit\u00ea criado em mar\u00e7o do ano passado pelo Minist\u00e9rio da Ci\u00eancia, Tecnologia, Inova\u00e7\u00f5es e Comunica\u00e7\u00f5es (MCTIC) dedicado em reunir especialistas e centros de pesquisa em iniciativas de combate ao covid-19 e outras viroses emergentes.<\/p>\n\n\n\n<p>A pesquisa, cujo resultado foi divulgado\u00a0nesta quarta-feira\u00a0(24), teve ainda a colabora\u00e7\u00e3o do laborat\u00f3rio Instituto Hermes Pardini e da Universidade Federal do Rio\u00a0de Janeiro\u00a0(UFRJ). Foram sequenciados 25 genomas pertencentes \u00e0 variante origin\u00e1ria do Reino Unido, conhecida como linhagem B.1.1.7. O levantamento foi realizado a partir de amostras de um banco de dados composto por 740 mil exames disponibilizados pelo Instituto Hermes Pardini.<\/p>\n\n\n\n<p><strong>As cidades onde a variante foi encontrada s\u00e3o:<\/strong> Belo Horizonte (MG), Betim (MG), Arax\u00e1 (MG), Barbacena (MG), Rio\u00a0de Janeiro\u00a0(RJ), Campos dos Goytacazes (RJ), Curitiba (PR), Cuiab\u00e1 (MT), Primavera do Leste (MT), Aracaj\u00fa (SE), S\u00e3o Paulo (SP), Americana (SP), Santos (SP), Valinhos (SP), S\u00e3o Sebasti\u00e3o do Passe (BA) e Barra do S\u00e3o Francisco (ES).<\/p>\n\n\n\n<p><strong>A variante inglesa foi identificada em dezembro do ano passado<\/strong> por autoridades sanit\u00e1rias do Reino Unido e \u00e9 considerada mais contagiosa do que a vers\u00e3o original do novo coronav\u00edrus.\u00a0<a rel=\"noreferrer noopener\" href=\"https:\/\/agenciabrasil.ebc.com.br\/internacional\/noticia\/2021-01\/variante-britanica-do-novo-coronavirus-e-detectada-em-60-paises\" target=\"_blank\">Ela j\u00e1 se disseminou por 60\u00a0 pa\u00edses, segundo informe da Organiza\u00e7\u00e3o Mundial de Sa\u00fade (OMS).<\/a><\/p>\n\n\n\n<p><strong>H\u00e1 outras duas variantes em circula\u00e7\u00e3o que tem mobilizado a aten\u00e7\u00e3o de especialistas<\/strong>, uma delas originada no Brasil, na cidade de Manaus. Um\u00a0<a rel=\"noreferrer noopener\" href=\"https:\/\/agenciabrasil.ebc.com.br\/saude\/noticia\/2021-02\/brasil-registra-204-casos-de-variantes-da-covid-19\" target=\"_blank\">levantamento<\/a>\u00a0divulgado pelo Minist\u00e9rio da Sa\u00fade revelou que, at\u00e9 o \u00faltimo\u00a0s\u00e1bado\u00a0(20), j\u00e1 foram detectados 184 casos de infec\u00e7\u00e3o\u00a0envolvendo essa linhagem,\u00a0distribu\u00eddos por todas as regi\u00f5es do pa\u00eds. Uma nova cepa detectada na \u00c1frica do Sul tamb\u00e9m tem sido motivo de preocupa\u00e7\u00e3o internacional.<\/p>\n\n\n\n<p>Um teste com o\u00a0<a rel=\"noreferrer noopener\" href=\"https:\/\/agenciabrasil.ebc.com.br\/saude\/noticia\/2020-07\/agencia-brasil-explica-como-funcionam-os-testes-para-detectar-covid-19\" target=\"_blank\">protocolo PT-PCR<\/a>\u00a0<strong>c<\/strong>apaz de apontar se a pessoa foi contaminada por uma das tr\u00eas variantes que geram preocupa\u00e7\u00e3o foi\u00a0<a href=\"https:\/\/agenciabrasil.ebc.com.br\/saude\/noticia\/2021-02\/fiocruz-desenvolve-teste-que-identifica-variantes-do-novo-coronavirus\">desenvolvido pela Funda\u00e7\u00e3o Oswaldo Cruz (Fiocruz),<\/a>\u00a0institui\u00e7\u00e3o cient\u00edfica vinculada ao Minist\u00e9rio da Sa\u00fade. O Laborat\u00f3rio Central de Sa\u00fade P\u00fablica do Amazonas (Lacen-AM) j\u00e1 firmou acordo para ser o primeiro a usar o produto.<\/p>\n\n\n\n<p>(Ag\u00eancia Brasil)<\/p>\n","protected":false},"excerpt":{"rendered":"<p>A nova cepa estaria circulando por 16 cidades brasileiras A variante do novo coronav\u00edrus detectada no Reino Unido j\u00e1 est\u00e1 presente em, pelo menos, 16 cidades de oito estados brasileiros. A conclus\u00e3o \u00e9 de um estudo realizado pela Universidade Federal de Minas Gerais (UFMG) e pela Rede Corona-\u00d4mica, uma sub-divis\u00e3o da Rede V\u00edrus, comit\u00ea criado [&hellip;]<\/p>\n","protected":false},"author":1,"featured_media":8101,"comment_status":"open","ping_status":"open","sticky":false,"template":"","format":"standard","meta":{"rop_custom_images_group":[],"rop_custom_messages_group":[],"rop_publish_now":"initial","rop_publish_now_accounts":[],"rop_publish_now_history":[],"rop_publish_now_status":"pending","footnotes":""},"categories":[192],"tags":[84,2673,2672],"class_list":["post-8100","post","type-post","status-publish","format-standard","has-post-thumbnail","hentry","category-covid19","tag-covid-19","tag-estados-do-brasil","tag-variante-inglesa-da-covid-19"],"_links":{"self":[{"href":"https:\/\/diariotribuna.com.br\/index.php?rest_route=\/wp\/v2\/posts\/8100"}],"collection":[{"href":"https:\/\/diariotribuna.com.br\/index.php?rest_route=\/wp\/v2\/posts"}],"about":[{"href":"https:\/\/diariotribuna.com.br\/index.php?rest_route=\/wp\/v2\/types\/post"}],"author":[{"embeddable":true,"href":"https:\/\/diariotribuna.com.br\/index.php?rest_route=\/wp\/v2\/users\/1"}],"replies":[{"embeddable":true,"href":"https:\/\/diariotribuna.com.br\/index.php?rest_route=%2Fwp%2Fv2%2Fcomments&post=8100"}],"version-history":[{"count":1,"href":"https:\/\/diariotribuna.com.br\/index.php?rest_route=\/wp\/v2\/posts\/8100\/revisions"}],"predecessor-version":[{"id":8102,"href":"https:\/\/diariotribuna.com.br\/index.php?rest_route=\/wp\/v2\/posts\/8100\/revisions\/8102"}],"wp:featuredmedia":[{"embeddable":true,"href":"https:\/\/diariotribuna.com.br\/index.php?rest_route=\/wp\/v2\/media\/8101"}],"wp:attachment":[{"href":"https:\/\/diariotribuna.com.br\/index.php?rest_route=%2Fwp%2Fv2%2Fmedia&parent=8100"}],"wp:term":[{"taxonomy":"category","embeddable":true,"href":"https:\/\/diariotribuna.com.br\/index.php?rest_route=%2Fwp%2Fv2%2Fcategories&post=8100"},{"taxonomy":"post_tag","embeddable":true,"href":"https:\/\/diariotribuna.com.br\/index.php?rest_route=%2Fwp%2Fv2%2Ftags&post=8100"}],"curies":[{"name":"wp","href":"https:\/\/api.w.org\/{rel}","templated":true}]}}