{"id":8103,"date":"2021-02-25T01:51:28","date_gmt":"2021-02-25T04:51:28","guid":{"rendered":"https:\/\/diariotribuna.com.br\/?p=8103"},"modified":"2021-02-25T01:51:29","modified_gmt":"2021-02-25T04:51:29","slug":"brasil-registra-1-428-novas-mortes-por-covid-19","status":"publish","type":"post","link":"https:\/\/diariotribuna.com.br\/?p=8103","title":{"rendered":"Brasil registra 1.428 novas mortes por covid-19"},"content":{"rendered":"\n<p><strong>Pa\u00eds teve 10,32 milh\u00f5es de casos; recuperados passam de 9 milh\u00f5es<\/strong><\/p>\n\n\n\n<figure class=\"wp-block-image size-large is-resized\"><img loading=\"lazy\" decoding=\"async\" src=\"https:\/\/diariotribuna.com.br\/wp-content\/uploads\/2021\/02\/17_07_2020_covid_maceio.jpg\" alt=\"\" class=\"wp-image-8105\" width=\"477\" height=\"285\" srcset=\"https:\/\/diariotribuna.com.br\/wp-content\/uploads\/2021\/02\/17_07_2020_covid_maceio.jpg 700w, https:\/\/diariotribuna.com.br\/wp-content\/uploads\/2021\/02\/17_07_2020_covid_maceio-300x179.jpg 300w, https:\/\/diariotribuna.com.br\/wp-content\/uploads\/2021\/02\/17_07_2020_covid_maceio-696x416.jpg 696w\" sizes=\"(max-width: 477px) 100vw, 477px\" \/><\/figure>\n\n\n\n<p>O n\u00famero de pessoas que n\u00e3o resistiram \u00e0 covid-19 chegou a 249.957 nesta quarta-feira. Em 24 horas, foram registradas 1.428 mortes. Em contrapartida, 9.281.018 pessoas j\u00e1 se recuperaram da doen\u00e7a. O total de pessoas infectadas pelo coronav\u00edrus desde o in\u00edcio da pandemia \u00e9 de 10.324.463. Entre ontem e hoje (24), foram confirmados 66.588 novos casos da doen\u00e7a. Ainda h\u00e1 793.488 pessoas, consideradas casos ativos, que seguem em acompanhamento por profissionais de sa\u00fade.<\/p>\n\n\n\n<figure class=\"wp-block-image size-large is-resized\"><img loading=\"lazy\" decoding=\"async\" src=\"https:\/\/diariotribuna.com.br\/wp-content\/uploads\/2021\/02\/whatsapp_image_2021-02-24_at_19.40.44.jpeg\" alt=\"\" class=\"wp-image-8104\" width=\"491\" height=\"273\" srcset=\"https:\/\/diariotribuna.com.br\/wp-content\/uploads\/2021\/02\/whatsapp_image_2021-02-24_at_19.40.44.jpeg 700w, https:\/\/diariotribuna.com.br\/wp-content\/uploads\/2021\/02\/whatsapp_image_2021-02-24_at_19.40.44-300x168.jpeg 300w, https:\/\/diariotribuna.com.br\/wp-content\/uploads\/2021\/02\/whatsapp_image_2021-02-24_at_19.40.44-696x385.jpeg 696w\" sizes=\"(max-width: 491px) 100vw, 491px\" \/><\/figure>\n\n\n\n<h2 class=\"wp-block-heading\">Estados<\/h2>\n\n\n\n<p>Na lista de estados com mais mortes, S\u00e3o Paulo ocupa a primeira posi\u00e7\u00e3o (58.528), seguido por Rio de Janeiro (32.574), Minas Gerais (17.974), Rio Grande do Sul (12.029) e Paran\u00e1 (11.358). As Unidades da Federa\u00e7\u00e3o com menos \u00f3bitos s\u00e3o Acre (975), Roraima (1.074), Amap\u00e1 (1.131), Tocantins (1.496) e Rond\u00f4nia (2.787).<\/p>\n\n\n\n<p>(Ag\u00eancia Brasil)<\/p>\n","protected":false},"excerpt":{"rendered":"<p>Pa\u00eds teve 10,32 milh\u00f5es de casos; recuperados passam de 9 milh\u00f5es O n\u00famero de pessoas que n\u00e3o resistiram \u00e0 covid-19 chegou a 249.957 nesta quarta-feira. Em 24 horas, foram registradas 1.428 mortes. Em contrapartida, 9.281.018 pessoas j\u00e1 se recuperaram da doen\u00e7a. O total de pessoas infectadas pelo coronav\u00edrus desde o in\u00edcio da pandemia \u00e9 de [&hellip;]<\/p>\n","protected":false},"author":1,"featured_media":8105,"comment_status":"open","ping_status":"open","sticky":false,"template":"","format":"standard","meta":{"rop_custom_images_group":[],"rop_custom_messages_group":[],"rop_publish_now":"initial","rop_publish_now_accounts":[],"rop_publish_now_history":[],"rop_publish_now_status":"pending","footnotes":""},"categories":[192],"tags":[2665,489,393,84],"class_list":["post-8103","post","type-post","status-publish","format-standard","has-post-thumbnail","hentry","category-covid19","tag-24-02-2021","tag-boletim-epidemiologico","tag-brasil","tag-covid-19"],"_links":{"self":[{"href":"https:\/\/diariotribuna.com.br\/index.php?rest_route=\/wp\/v2\/posts\/8103"}],"collection":[{"href":"https:\/\/diariotribuna.com.br\/index.php?rest_route=\/wp\/v2\/posts"}],"about":[{"href":"https:\/\/diariotribuna.com.br\/index.php?rest_route=\/wp\/v2\/types\/post"}],"author":[{"embeddable":true,"href":"https:\/\/diariotribuna.com.br\/index.php?rest_route=\/wp\/v2\/users\/1"}],"replies":[{"embeddable":true,"href":"https:\/\/diariotribuna.com.br\/index.php?rest_route=%2Fwp%2Fv2%2Fcomments&post=8103"}],"version-history":[{"count":1,"href":"https:\/\/diariotribuna.com.br\/index.php?rest_route=\/wp\/v2\/posts\/8103\/revisions"}],"predecessor-version":[{"id":8106,"href":"https:\/\/diariotribuna.com.br\/index.php?rest_route=\/wp\/v2\/posts\/8103\/revisions\/8106"}],"wp:featuredmedia":[{"embeddable":true,"href":"https:\/\/diariotribuna.com.br\/index.php?rest_route=\/wp\/v2\/media\/8105"}],"wp:attachment":[{"href":"https:\/\/diariotribuna.com.br\/index.php?rest_route=%2Fwp%2Fv2%2Fmedia&parent=8103"}],"wp:term":[{"taxonomy":"category","embeddable":true,"href":"https:\/\/diariotribuna.com.br\/index.php?rest_route=%2Fwp%2Fv2%2Fcategories&post=8103"},{"taxonomy":"post_tag","embeddable":true,"href":"https:\/\/diariotribuna.com.br\/index.php?rest_route=%2Fwp%2Fv2%2Ftags&post=8103"}],"curies":[{"name":"wp","href":"https:\/\/api.w.org\/{rel}","templated":true}]}}