{"id":8107,"date":"2021-02-25T01:59:51","date_gmt":"2021-02-25T04:59:51","guid":{"rendered":"https:\/\/diariotribuna.com.br\/?p=8107"},"modified":"2021-02-25T01:59:53","modified_gmt":"2021-02-25T04:59:53","slug":"pm-apreende-menores-e-recupera-produtos-furtados-em-escola-de-carai","status":"publish","type":"post","link":"https:\/\/diariotribuna.com.br\/?p=8107","title":{"rendered":"PM apreende menores e recupera produtos furtados em escola de Cara\u00ed"},"content":{"rendered":"\n<figure class=\"wp-block-gallery columns-2 is-cropped wp-block-gallery-1 is-layout-flex wp-block-gallery-is-layout-flex\"><ul class=\"blocks-gallery-grid\"><li class=\"blocks-gallery-item\"><figure><img loading=\"lazy\" decoding=\"async\" width=\"700\" height=\"433\" src=\"https:\/\/diariotribuna.com.br\/wp-content\/uploads\/2021\/02\/53718163-bf51-458b-b308-8590a57809f1.jpg\" alt=\"\" data-id=\"8108\" data-full-url=\"https:\/\/diariotribuna.com.br\/wp-content\/uploads\/2021\/02\/53718163-bf51-458b-b308-8590a57809f1.jpg\" data-link=\"https:\/\/diariotribuna.com.br\/?attachment_id=8108\" class=\"wp-image-8108\" srcset=\"https:\/\/diariotribuna.com.br\/wp-content\/uploads\/2021\/02\/53718163-bf51-458b-b308-8590a57809f1.jpg 700w, https:\/\/diariotribuna.com.br\/wp-content\/uploads\/2021\/02\/53718163-bf51-458b-b308-8590a57809f1-300x186.jpg 300w, https:\/\/diariotribuna.com.br\/wp-content\/uploads\/2021\/02\/53718163-bf51-458b-b308-8590a57809f1-356x220.jpg 356w, https:\/\/diariotribuna.com.br\/wp-content\/uploads\/2021\/02\/53718163-bf51-458b-b308-8590a57809f1-696x431.jpg 696w, https:\/\/diariotribuna.com.br\/wp-content\/uploads\/2021\/02\/53718163-bf51-458b-b308-8590a57809f1-679x420.jpg 679w\" sizes=\"(max-width: 700px) 100vw, 700px\" \/><\/figure><\/li><li class=\"blocks-gallery-item\"><figure><img loading=\"lazy\" decoding=\"async\" width=\"700\" height=\"526\" src=\"https:\/\/diariotribuna.com.br\/wp-content\/uploads\/2021\/02\/41cf8cdd-c5f0-40bc-9383-1b9257fad745.jpg\" alt=\"\" data-id=\"8109\" data-full-url=\"https:\/\/diariotribuna.com.br\/wp-content\/uploads\/2021\/02\/41cf8cdd-c5f0-40bc-9383-1b9257fad745.jpg\" data-link=\"https:\/\/diariotribuna.com.br\/?attachment_id=8109\" class=\"wp-image-8109\" srcset=\"https:\/\/diariotribuna.com.br\/wp-content\/uploads\/2021\/02\/41cf8cdd-c5f0-40bc-9383-1b9257fad745.jpg 700w, https:\/\/diariotribuna.com.br\/wp-content\/uploads\/2021\/02\/41cf8cdd-c5f0-40bc-9383-1b9257fad745-300x225.jpg 300w, https:\/\/diariotribuna.com.br\/wp-content\/uploads\/2021\/02\/41cf8cdd-c5f0-40bc-9383-1b9257fad745-80x60.jpg 80w, https:\/\/diariotribuna.com.br\/wp-content\/uploads\/2021\/02\/41cf8cdd-c5f0-40bc-9383-1b9257fad745-265x198.jpg 265w, https:\/\/diariotribuna.com.br\/wp-content\/uploads\/2021\/02\/41cf8cdd-c5f0-40bc-9383-1b9257fad745-696x523.jpg 696w, https:\/\/diariotribuna.com.br\/wp-content\/uploads\/2021\/02\/41cf8cdd-c5f0-40bc-9383-1b9257fad745-559x420.jpg 559w\" sizes=\"(max-width: 700px) 100vw, 700px\" \/><\/figure><\/li><\/ul><\/figure>\n\n\n\n<p>Na segunda-feira (22\/02), por volta das 4 horas da manh\u00e3, tr\u00eas menores infratores invadiram a Escola Estadual de Cara\u00ed e praticaram ato infracional an\u00e1logo ao furto, subtraindo do educand\u00e1rio 03 televisores, 01 monitor e 01 teclado de computador, fugindo em seguida. No mesmo dia, a Pol\u00edcia Militar localizou um monitor e um teclado de computador, que estavam escondidos num matagal por onde os menores acessaram para fugir.<\/p>\n\n\n\n<p>Ap\u00f3s analisar as imagens das c\u00e2meras de seguran\u00e7a do educand\u00e1rio e de algumas resid\u00eancias, a PM identificou os menores infratores, mesmo com seus rostos encobertos, sendo dois de 16 e um de 14 anos de idade. Eles foram abordados e confessaram a pr\u00e1tica do ato infracional. Segundo os menores, j\u00e1 conhecidos no meio policial, eles jogaram um dos televisores no rio ao perceberem a aproxima\u00e7\u00e3o de um ve\u00edculo, n\u00e3o informando a localiza\u00e7\u00e3o dos demais produtos.<\/p>\n\n\n\n<p>Os materiais localizados foram apreendidos e encaminhados \u00e0 delegacia de Pol\u00edcia Civil de Novo Cruzeiro para as medidas a serem adotadas pela pol\u00edcia judici\u00e1ria. Segundo a PM, dilig\u00eancias continuam para localizar e apreender os demais produtos do Estado. Equipe: tenente Thalles, sargentos Warley e Pedroza, cabos Rafael, Jarbas e Umberto. Apoio: Saulo: escriv\u00e3o PC \u201cAd hoc\u201d. (Informa\u00e7\u00f5es\/ Fotos: Ten Thalles Dohler Schutte, Comandante 2\u00ba Pelot\u00e3o\/ 232\u00aa Cia PM).<\/p>\n","protected":false},"excerpt":{"rendered":"<p>Na segunda-feira (22\/02), por volta das 4 horas da manh\u00e3, tr\u00eas menores infratores invadiram a Escola Estadual de Cara\u00ed e praticaram ato infracional an\u00e1logo ao furto, subtraindo do educand\u00e1rio 03 televisores, 01 monitor e 01 teclado de computador, fugindo em seguida. No mesmo dia, a Pol\u00edcia Militar localizou um monitor e um teclado de computador, [&hellip;]<\/p>\n","protected":false},"author":1,"featured_media":8108,"comment_status":"open","ping_status":"open","sticky":false,"template":"","format":"standard","meta":{"rop_custom_images_group":[],"rop_custom_messages_group":[],"rop_publish_now":"initial","rop_publish_now_accounts":[],"rop_publish_now_history":[],"rop_publish_now_status":"pending","footnotes":""},"categories":[20],"tags":[46,349,986,76],"class_list":["post-8107","post","type-post","status-publish","format-standard","has-post-thumbnail","hentry","category-policia","tag-carai","tag-escola","tag-furto","tag-policia-militar"],"_links":{"self":[{"href":"https:\/\/diariotribuna.com.br\/index.php?rest_route=\/wp\/v2\/posts\/8107"}],"collection":[{"href":"https:\/\/diariotribuna.com.br\/index.php?rest_route=\/wp\/v2\/posts"}],"about":[{"href":"https:\/\/diariotribuna.com.br\/index.php?rest_route=\/wp\/v2\/types\/post"}],"author":[{"embeddable":true,"href":"https:\/\/diariotribuna.com.br\/index.php?rest_route=\/wp\/v2\/users\/1"}],"replies":[{"embeddable":true,"href":"https:\/\/diariotribuna.com.br\/index.php?rest_route=%2Fwp%2Fv2%2Fcomments&post=8107"}],"version-history":[{"count":1,"href":"https:\/\/diariotribuna.com.br\/index.php?rest_route=\/wp\/v2\/posts\/8107\/revisions"}],"predecessor-version":[{"id":8110,"href":"https:\/\/diariotribuna.com.br\/index.php?rest_route=\/wp\/v2\/posts\/8107\/revisions\/8110"}],"wp:featuredmedia":[{"embeddable":true,"href":"https:\/\/diariotribuna.com.br\/index.php?rest_route=\/wp\/v2\/media\/8108"}],"wp:attachment":[{"href":"https:\/\/diariotribuna.com.br\/index.php?rest_route=%2Fwp%2Fv2%2Fmedia&parent=8107"}],"wp:term":[{"taxonomy":"category","embeddable":true,"href":"https:\/\/diariotribuna.com.br\/index.php?rest_route=%2Fwp%2Fv2%2Fcategories&post=8107"},{"taxonomy":"post_tag","embeddable":true,"href":"https:\/\/diariotribuna.com.br\/index.php?rest_route=%2Fwp%2Fv2%2Ftags&post=8107"}],"curies":[{"name":"wp","href":"https:\/\/api.w.org\/{rel}","templated":true}]}}