{"id":8111,"date":"2021-02-25T11:01:03","date_gmt":"2021-02-25T14:01:03","guid":{"rendered":"https:\/\/diariotribuna.com.br\/?p=8111"},"modified":"2021-02-26T10:23:27","modified_gmt":"2021-02-26T13:23:27","slug":"diario-tribuna-25-de-fevereiro-2021-teofilo-otoni-mg","status":"publish","type":"post","link":"https:\/\/diariotribuna.com.br\/?p=8111","title":{"rendered":"Di\u00e1rio Tribuna, 25 de Fevereiro 2021, Te\u00f3filo Otoni\/MG"},"content":{"rendered":"\n<figure class=\"wp-block-image size-large is-resized\"><img loading=\"lazy\" decoding=\"async\" src=\"https:\/\/diariotribuna.com.br\/wp-content\/uploads\/2021\/02\/9571c290-0023-45f7-a6b1-8c7e5d9cd659.jpg\" alt=\"\" class=\"wp-image-8112\" width=\"449\" height=\"629\" srcset=\"https:\/\/diariotribuna.com.br\/wp-content\/uploads\/2021\/02\/9571c290-0023-45f7-a6b1-8c7e5d9cd659.jpg 700w, https:\/\/diariotribuna.com.br\/wp-content\/uploads\/2021\/02\/9571c290-0023-45f7-a6b1-8c7e5d9cd659-214x300.jpg 214w, https:\/\/diariotribuna.com.br\/wp-content\/uploads\/2021\/02\/9571c290-0023-45f7-a6b1-8c7e5d9cd659-696x976.jpg 696w, https:\/\/diariotribuna.com.br\/wp-content\/uploads\/2021\/02\/9571c290-0023-45f7-a6b1-8c7e5d9cd659-299x420.jpg 299w\" sizes=\"(max-width: 449px) 100vw, 449px\" \/><\/figure>\n\n\n\n<p><strong><strong>Acesse o link abaixo e veja a edi\u00e7\u00e3o completa do Di\u00e1rio Tribuna desta Quinta-feira (25\/02\/2021)<\/strong><\/strong><\/p>\n\n\n\n<h3 class=\"wp-block-heading\"><a href=\"https:\/\/diariotribuna.com.br\/wp-content\/uploads\/2021\/02\/DIARIO-TRIBUNA-51-ANOS-25-FEVEREIRO-2021.pdf\"><strong><span class=\"has-inline-color has-vivid-red-color\">https:\/\/diariotribuna.com.br\/wp-content\/uploads\/2021\/02\/DIARIO-TRIBUNA-51-ANOS-25-FEVEREIRO-2021.pdf<\/span><\/strong><\/a><\/h3>\n","protected":false},"excerpt":{"rendered":"<p>Acesse o link abaixo e veja a edi\u00e7\u00e3o completa do Di\u00e1rio Tribuna desta Quinta-feira (25\/02\/2021) https:\/\/diariotribuna.com.br\/wp-content\/uploads\/2021\/02\/DIARIO-TRIBUNA-51-ANOS-25-FEVEREIRO-2021.pdf<\/p>\n","protected":false},"author":1,"featured_media":8112,"comment_status":"open","ping_status":"open","sticky":false,"template":"","format":"standard","meta":{"rop_custom_images_group":[],"rop_custom_messages_group":[],"rop_publish_now":"initial","rop_publish_now_accounts":[],"rop_publish_now_history":[],"rop_publish_now_status":"pending","footnotes":""},"categories":[17,23],"tags":[2674,42,1010,75,867],"class_list":["post-8111","post","type-post","status-publish","format-standard","has-post-thumbnail","hentry","category-teofilootoni","category-ultimaedicao","tag-25-02-2021","tag-diario-tribuna","tag-nordeste-mineiro","tag-teofilo-otoni","tag-vale-do-mucuri"],"_links":{"self":[{"href":"https:\/\/diariotribuna.com.br\/index.php?rest_route=\/wp\/v2\/posts\/8111"}],"collection":[{"href":"https:\/\/diariotribuna.com.br\/index.php?rest_route=\/wp\/v2\/posts"}],"about":[{"href":"https:\/\/diariotribuna.com.br\/index.php?rest_route=\/wp\/v2\/types\/post"}],"author":[{"embeddable":true,"href":"https:\/\/diariotribuna.com.br\/index.php?rest_route=\/wp\/v2\/users\/1"}],"replies":[{"embeddable":true,"href":"https:\/\/diariotribuna.com.br\/index.php?rest_route=%2Fwp%2Fv2%2Fcomments&post=8111"}],"version-history":[{"count":1,"href":"https:\/\/diariotribuna.com.br\/index.php?rest_route=\/wp\/v2\/posts\/8111\/revisions"}],"predecessor-version":[{"id":8114,"href":"https:\/\/diariotribuna.com.br\/index.php?rest_route=\/wp\/v2\/posts\/8111\/revisions\/8114"}],"wp:featuredmedia":[{"embeddable":true,"href":"https:\/\/diariotribuna.com.br\/index.php?rest_route=\/wp\/v2\/media\/8112"}],"wp:attachment":[{"href":"https:\/\/diariotribuna.com.br\/index.php?rest_route=%2Fwp%2Fv2%2Fmedia&parent=8111"}],"wp:term":[{"taxonomy":"category","embeddable":true,"href":"https:\/\/diariotribuna.com.br\/index.php?rest_route=%2Fwp%2Fv2%2Fcategories&post=8111"},{"taxonomy":"post_tag","embeddable":true,"href":"https:\/\/diariotribuna.com.br\/index.php?rest_route=%2Fwp%2Fv2%2Ftags&post=8111"}],"curies":[{"name":"wp","href":"https:\/\/api.w.org\/{rel}","templated":true}]}}