{"id":8115,"date":"2021-02-25T23:52:07","date_gmt":"2021-02-26T02:52:07","guid":{"rendered":"https:\/\/diariotribuna.com.br\/?p=8115"},"modified":"2021-02-25T23:52:09","modified_gmt":"2021-02-26T02:52:09","slug":"prf-apreende-19-quilos-de-drogas-dentro-de-veiculo-em-teofilo-otoni","status":"publish","type":"post","link":"https:\/\/diariotribuna.com.br\/?p=8115","title":{"rendered":"PRF apreende 19 quilos de drogas dentro de ve\u00edculo em Te\u00f3filo Otoni"},"content":{"rendered":"\n<p><strong><em>A droga apreendida durante a Opera\u00e7\u00e3o Caminhos de Minas, est\u00e1 avaliada em mais de R$ 375 mil<\/em><\/strong><\/p>\n\n\n\n<figure class=\"wp-block-image size-large is-resized\"><img loading=\"lazy\" decoding=\"async\" src=\"https:\/\/diariotribuna.com.br\/wp-content\/uploads\/2021\/02\/3cf08349-023f-4d0a-8560-219747f89e78.jpeg\" alt=\"\" class=\"wp-image-8116\" width=\"502\" height=\"272\" srcset=\"https:\/\/diariotribuna.com.br\/wp-content\/uploads\/2021\/02\/3cf08349-023f-4d0a-8560-219747f89e78.jpeg 700w, https:\/\/diariotribuna.com.br\/wp-content\/uploads\/2021\/02\/3cf08349-023f-4d0a-8560-219747f89e78-300x163.jpeg 300w, https:\/\/diariotribuna.com.br\/wp-content\/uploads\/2021\/02\/3cf08349-023f-4d0a-8560-219747f89e78-696x378.jpeg 696w\" sizes=\"(max-width: 502px) 100vw, 502px\" \/><\/figure>\n\n\n\n<p>Na tarde de ter\u00e7a-feira (23\/02), durante a Opera\u00e7\u00e3o Caminhos de Minas, a Pol\u00edcia Rodovi\u00e1ria Federal prendeu um homem de 28 anos e apreendeu 16kg de maconha e 3kg de pasta base de coca\u00edna, no Km 278 da BR-116, munic\u00edpio de Te\u00f3filo Otoni.<\/p>\n\n\n\n<p>Com base em informa\u00e7\u00f5es recebidas da \u00e1rea de intelig\u00eancia da PRF, os policiais abordaram um VW Polo com placas da Bahia, durante uma inspe\u00e7\u00e3o mais detalhada foram localizados aproximadamente 16kg de maconha, 3kg de pasta base de coca\u00edna e 0,38 gramas de crack no interior do ve\u00edculo. A apreens\u00e3o gerou um preju\u00edzo de aproximadamente R$ 375 mil aos traficantes.<\/p>\n\n\n\n<p>O motorista relatou que levaria as drogas de Belo Horizonte(MG) para Teixeira de Freitas(BA) e que receberia R$ 3 mil pelo transporte. A PRF encaminhou o autor, o ve\u00edculo e a droga para delegacia da Pol\u00edcia Civil de Te\u00f3filo Otoni. Ainda de acordo com a PRF \u201co crime de tr\u00e1fico de drogas tem pena de reclus\u00e3o que pode chegar a 15 anos de pris\u00e3o\u201d. (Informa\u00e7\u00f5es\/Foto: https:\/\/www.gov.br).<\/p>\n","protected":false},"excerpt":{"rendered":"<p>A droga apreendida durante a Opera\u00e7\u00e3o Caminhos de Minas, est\u00e1 avaliada em mais de R$ 375 mil Na tarde de ter\u00e7a-feira (23\/02), durante a Opera\u00e7\u00e3o Caminhos de Minas, a Pol\u00edcia Rodovi\u00e1ria Federal prendeu um homem de 28 anos e apreendeu 16kg de maconha e 3kg de pasta base de coca\u00edna, no Km 278 da BR-116, [&hellip;]<\/p>\n","protected":false},"author":1,"featured_media":8116,"comment_status":"open","ping_status":"open","sticky":false,"template":"","format":"standard","meta":{"rop_custom_images_group":[],"rop_custom_messages_group":[],"rop_publish_now":"initial","rop_publish_now_accounts":[],"rop_publish_now_history":[],"rop_publish_now_status":"pending","footnotes":""},"categories":[25,20],"tags":[1179,2675,184,75],"class_list":["post-8115","post","type-post","status-publish","format-standard","has-post-thumbnail","hentry","category-destaque","category-policia","tag-apreensao-de-drogas","tag-operacao-caminhos-de-minas-apreensao-de-drogas","tag-prf","tag-teofilo-otoni"],"_links":{"self":[{"href":"https:\/\/diariotribuna.com.br\/index.php?rest_route=\/wp\/v2\/posts\/8115"}],"collection":[{"href":"https:\/\/diariotribuna.com.br\/index.php?rest_route=\/wp\/v2\/posts"}],"about":[{"href":"https:\/\/diariotribuna.com.br\/index.php?rest_route=\/wp\/v2\/types\/post"}],"author":[{"embeddable":true,"href":"https:\/\/diariotribuna.com.br\/index.php?rest_route=\/wp\/v2\/users\/1"}],"replies":[{"embeddable":true,"href":"https:\/\/diariotribuna.com.br\/index.php?rest_route=%2Fwp%2Fv2%2Fcomments&post=8115"}],"version-history":[{"count":1,"href":"https:\/\/diariotribuna.com.br\/index.php?rest_route=\/wp\/v2\/posts\/8115\/revisions"}],"predecessor-version":[{"id":8117,"href":"https:\/\/diariotribuna.com.br\/index.php?rest_route=\/wp\/v2\/posts\/8115\/revisions\/8117"}],"wp:featuredmedia":[{"embeddable":true,"href":"https:\/\/diariotribuna.com.br\/index.php?rest_route=\/wp\/v2\/media\/8116"}],"wp:attachment":[{"href":"https:\/\/diariotribuna.com.br\/index.php?rest_route=%2Fwp%2Fv2%2Fmedia&parent=8115"}],"wp:term":[{"taxonomy":"category","embeddable":true,"href":"https:\/\/diariotribuna.com.br\/index.php?rest_route=%2Fwp%2Fv2%2Fcategories&post=8115"},{"taxonomy":"post_tag","embeddable":true,"href":"https:\/\/diariotribuna.com.br\/index.php?rest_route=%2Fwp%2Fv2%2Ftags&post=8115"}],"curies":[{"name":"wp","href":"https:\/\/api.w.org\/{rel}","templated":true}]}}