{"id":8125,"date":"2021-02-26T10:23:13","date_gmt":"2021-02-26T13:23:13","guid":{"rendered":"https:\/\/diariotribuna.com.br\/?p=8125"},"modified":"2021-03-01T10:55:34","modified_gmt":"2021-03-01T13:55:34","slug":"diario-tribuna-26-de-fevereiro-2021-teofilo-otoni-mg","status":"publish","type":"post","link":"https:\/\/diariotribuna.com.br\/?p=8125","title":{"rendered":"Di\u00e1rio Tribuna, 26 de Fevereiro 2021, Te\u00f3filo Otoni\/MG"},"content":{"rendered":"\n<figure class=\"wp-block-image size-large is-resized\"><img loading=\"lazy\" decoding=\"async\" src=\"https:\/\/diariotribuna.com.br\/wp-content\/uploads\/2021\/02\/251bb99a-ee5a-46de-bbfe-4e20bd467c78.jpg\" alt=\"\" class=\"wp-image-8126\" width=\"419\" height=\"588\" srcset=\"https:\/\/diariotribuna.com.br\/wp-content\/uploads\/2021\/02\/251bb99a-ee5a-46de-bbfe-4e20bd467c78.jpg 700w, https:\/\/diariotribuna.com.br\/wp-content\/uploads\/2021\/02\/251bb99a-ee5a-46de-bbfe-4e20bd467c78-214x300.jpg 214w, https:\/\/diariotribuna.com.br\/wp-content\/uploads\/2021\/02\/251bb99a-ee5a-46de-bbfe-4e20bd467c78-696x977.jpg 696w, https:\/\/diariotribuna.com.br\/wp-content\/uploads\/2021\/02\/251bb99a-ee5a-46de-bbfe-4e20bd467c78-299x420.jpg 299w\" sizes=\"(max-width: 419px) 100vw, 419px\" \/><\/figure>\n\n\n\n<p><strong><strong>Acesse o link abaixo e veja a edi\u00e7\u00e3o completa do Di\u00e1rio Tribuna desta Sexta-feira (26\/02\/2021)<\/strong><\/strong><\/p>\n\n\n\n<h3 class=\"wp-block-heading\"><a href=\"https:\/\/diariotribuna.com.br\/wp-content\/uploads\/2021\/02\/DIARIO-TRIBUNA-51-ANOS-26-FEVEREIRO-2021.pdf\"><strong><span class=\"has-inline-color has-vivid-red-color\">https:\/\/diariotribuna.com.br\/wp-content\/uploads\/2021\/02\/DIARIO-TRIBUNA-51-ANOS-26-FEVEREIRO-2021.pdf<\/span><\/strong><\/a><\/h3>\n","protected":false},"excerpt":{"rendered":"<p>Acesse o link abaixo e veja a edi\u00e7\u00e3o completa do Di\u00e1rio Tribuna desta Sexta-feira (26\/02\/2021) https:\/\/diariotribuna.com.br\/wp-content\/uploads\/2021\/02\/DIARIO-TRIBUNA-51-ANOS-26-FEVEREIRO-2021.pdf<\/p>\n","protected":false},"author":1,"featured_media":8126,"comment_status":"open","ping_status":"open","sticky":false,"template":"","format":"standard","meta":{"rop_custom_images_group":[],"rop_custom_messages_group":[],"rop_publish_now":"initial","rop_publish_now_accounts":[],"rop_publish_now_history":[],"rop_publish_now_status":"pending","footnotes":""},"categories":[17,23],"tags":[2677,42,70,1120,75,867],"class_list":["post-8125","post","type-post","status-publish","format-standard","has-post-thumbnail","hentry","category-teofilootoni","category-ultimaedicao","tag-26-02-2021","tag-diario-tribuna","tag-minas-gerais","tag-nordeste-de-minas","tag-teofilo-otoni","tag-vale-do-mucuri"],"_links":{"self":[{"href":"https:\/\/diariotribuna.com.br\/index.php?rest_route=\/wp\/v2\/posts\/8125"}],"collection":[{"href":"https:\/\/diariotribuna.com.br\/index.php?rest_route=\/wp\/v2\/posts"}],"about":[{"href":"https:\/\/diariotribuna.com.br\/index.php?rest_route=\/wp\/v2\/types\/post"}],"author":[{"embeddable":true,"href":"https:\/\/diariotribuna.com.br\/index.php?rest_route=\/wp\/v2\/users\/1"}],"replies":[{"embeddable":true,"href":"https:\/\/diariotribuna.com.br\/index.php?rest_route=%2Fwp%2Fv2%2Fcomments&post=8125"}],"version-history":[{"count":2,"href":"https:\/\/diariotribuna.com.br\/index.php?rest_route=\/wp\/v2\/posts\/8125\/revisions"}],"predecessor-version":[{"id":8129,"href":"https:\/\/diariotribuna.com.br\/index.php?rest_route=\/wp\/v2\/posts\/8125\/revisions\/8129"}],"wp:featuredmedia":[{"embeddable":true,"href":"https:\/\/diariotribuna.com.br\/index.php?rest_route=\/wp\/v2\/media\/8126"}],"wp:attachment":[{"href":"https:\/\/diariotribuna.com.br\/index.php?rest_route=%2Fwp%2Fv2%2Fmedia&parent=8125"}],"wp:term":[{"taxonomy":"category","embeddable":true,"href":"https:\/\/diariotribuna.com.br\/index.php?rest_route=%2Fwp%2Fv2%2Fcategories&post=8125"},{"taxonomy":"post_tag","embeddable":true,"href":"https:\/\/diariotribuna.com.br\/index.php?rest_route=%2Fwp%2Fv2%2Ftags&post=8125"}],"curies":[{"name":"wp","href":"https:\/\/api.w.org\/{rel}","templated":true}]}}