{"id":8130,"date":"2021-02-26T10:48:38","date_gmt":"2021-02-26T13:48:38","guid":{"rendered":"https:\/\/diariotribuna.com.br\/?p=8130"},"modified":"2021-02-26T10:48:39","modified_gmt":"2021-02-26T13:48:39","slug":"cemig-oferece-espetaculo-gratuito-da-orquestra-sinfonica-e-coral-lirico-de-minas-gerais-neste-fim-de-semana","status":"publish","type":"post","link":"https:\/\/diariotribuna.com.br\/?p=8130","title":{"rendered":"Cemig oferece espet\u00e1culo gratuito da Orquestra Sinf\u00f4nica e Coral L\u00edrico de Minas Gerais neste fim de semana"},"content":{"rendered":"\n<p><strong><em>Espet\u00e1culo faz parte da programa\u00e7\u00e3o do #EnergiadaCultura,\u00a0que tamb\u00e9m re\u00fane outros grandes nomes da musica mineira<\/em><\/strong><\/p>\n\n\n\n<figure class=\"wp-block-image size-large is-resized\"><img loading=\"lazy\" decoding=\"async\" src=\"https:\/\/diariotribuna.com.br\/wp-content\/uploads\/2021\/02\/energia-da-cultura-1.jpg\" alt=\"\" class=\"wp-image-8132\" width=\"521\" height=\"319\" srcset=\"https:\/\/diariotribuna.com.br\/wp-content\/uploads\/2021\/02\/energia-da-cultura-1.jpg 700w, https:\/\/diariotribuna.com.br\/wp-content\/uploads\/2021\/02\/energia-da-cultura-1-300x184.jpg 300w, https:\/\/diariotribuna.com.br\/wp-content\/uploads\/2021\/02\/energia-da-cultura-1-696x427.jpg 696w, https:\/\/diariotribuna.com.br\/wp-content\/uploads\/2021\/02\/energia-da-cultura-1-685x420.jpg 685w\" sizes=\"(max-width: 521px) 100vw, 521px\" \/><\/figure>\n\n\n\n<p>A Cemig reuniu grandes nomes da m\u00fasica mineira na programa\u00e7\u00e3o do #EnergiadaCultura dessa semana.\u00a0Como maior incentivadora da cultura de Minas Gerais, a empresa reuniu artistas que apoiam e oferecem atra\u00e7\u00f5es incr\u00edveis\u00a0para que todos os mineiros possam curtir em plataformas online gratuitas, com toda a fam\u00edlia.?<\/p>\n\n\n\n<p><strong>Confira as atra\u00e7\u00f5es na p\u00e1gina da Cemig no facebook:<\/strong> \u00a0<a rel=\"noreferrer noopener\" href=\"https:\/\/www.facebook.com\/events\/454943415853803\/\" target=\"_blank\">https:\/\/www.facebook.com\/events\/454943415853803\/<\/a><\/p>\n\n\n\n<p><strong>Conhe\u00e7a a programa\u00e7\u00e3o:<\/strong><\/p>\n\n\n\n<p><strong>Ma\u00edra Baldaia | Videoclipe \u201cPoente\u201d \u2013 webs\u00e9rie Amora Sessions<\/strong><\/p>\n\n\n\n<figure class=\"wp-block-image size-large is-resized\"><img loading=\"lazy\" decoding=\"async\" src=\"https:\/\/diariotribuna.com.br\/wp-content\/uploads\/2021\/02\/mai?ra-baldaia_lu-diniz_2.jpg\" alt=\"\" class=\"wp-image-8131\" width=\"458\" height=\"309\"\/><\/figure>\n\n\n\n<p>Nova temporada da webs\u00e9rie Amora Sessions, com a can\u00e7\u00e3o \u201cPoente\u201d, parceria com Ver\u00f4nica Zanella. A artista traz ao p\u00fablico uma nova pesquisa sonora de seu trabalho autoral \u2013 o afropop mineiro. O projeto valoriza a cena musical da capital mineira e abriu a nova temporada com o trabalho autoral de Ma\u00edra Baldaia.<\/p>\n\n\n\n<p><strong>M\u00fasica Mundo Conecta | Entrevista com Paulo Correa, por Bia Nogueira<\/strong><strong><\/strong><\/p>\n\n\n\n<p><em>Gest\u00e3o de carreira musical e interse\u00e7\u00e3o com outras linguagens art\u00edsticas: o caso Djonga<\/em><em><\/em><\/p>\n\n\n\n<p>Bia Nogueira entrevista Paulo Correa, produtor do Djonga e A Quadrilha, apresentando um bate-papo sobre estrat\u00e9gias de carreira, o impacto da pandemia em uma das principais fontes de renda do artista, os shows e as perspectivas p\u00f3s-pandemia para o fomento e difus\u00e3o da arte.<\/p>\n\n\n\n<p><strong>FCS Pal\u00e1cio em sua Companhia \u2013 Orquestra Sinf\u00f4nica e Coral L\u00edrico MG<\/strong><\/p>\n\n\n\n<p><em>Esquentando os tamborins<\/em><\/p>\n\n\n\n<figure class=\"wp-block-image size-large is-resized\"><img loading=\"lazy\" decoding=\"async\" src=\"https:\/\/diariotribuna.com.br\/wp-content\/uploads\/2021\/02\/OSFM_e_Coral_Lirico_-foto_da_internet.jpg\" alt=\"\" class=\"wp-image-8133\" width=\"436\" height=\"290\" srcset=\"https:\/\/diariotribuna.com.br\/wp-content\/uploads\/2021\/02\/OSFM_e_Coral_Lirico_-foto_da_internet.jpg 400w, https:\/\/diariotribuna.com.br\/wp-content\/uploads\/2021\/02\/OSFM_e_Coral_Lirico_-foto_da_internet-300x200.jpg 300w\" sizes=\"(max-width: 436px) 100vw, 436px\" \/><\/figure>\n\n\n\n<p>A Orquestra Sinf\u00f4nica e o Coral L\u00edrico de Minas Gerais apresentam um repert\u00f3rio com can\u00e7\u00f5es carnavalescas no programa Esquentando os Tamborins, no Grande Teatro do Pal\u00e1cio das Artes. Sob reg\u00eancia de Silvio Viegas, esses concertos demonstram toda a versatilidade e a excel\u00eancia dos m\u00fasicos da Orquestra e contam com o acompanhamento do Coral L\u00edrico de Minas Gerais e do pianista Fred Natalino.<\/p>\n\n\n\n<p><strong>*Todas as atra\u00e7\u00f5es culturais foram gravadas antes do per\u00edodo da pandemia ou est\u00e3o seguindo as orienta\u00e7\u00f5es da OMS.<\/strong><\/p>\n\n\n\n<p>26.02.2021\u00a0\u00a0 \u00a0l\u00a0\u00a0\u00a0 Classifica\u00e7\u00e3o: P\u00fablico<\/p>\n\n\n\n<p>(Ger\u00eancia de Comunica\u00e7\u00e3o e Marketing \/ CEMIG)<\/p>\n","protected":false},"excerpt":{"rendered":"<p>Espet\u00e1culo faz parte da programa\u00e7\u00e3o do #EnergiadaCultura,\u00a0que tamb\u00e9m re\u00fane outros grandes nomes da musica mineira A Cemig reuniu grandes nomes da m\u00fasica mineira na programa\u00e7\u00e3o do #EnergiadaCultura dessa semana.\u00a0Como maior incentivadora da cultura de Minas Gerais, a empresa reuniu artistas que apoiam e oferecem atra\u00e7\u00f5es incr\u00edveis\u00a0para que todos os mineiros possam curtir em plataformas online [&hellip;]<\/p>\n","protected":false},"author":1,"featured_media":8132,"comment_status":"open","ping_status":"open","sticky":false,"template":"","format":"standard","meta":{"rop_custom_images_group":[],"rop_custom_messages_group":[],"rop_publish_now":"initial","rop_publish_now_accounts":[],"rop_publish_now_history":[],"rop_publish_now_status":"pending","footnotes":""},"categories":[19],"tags":[72,1948,2678,91],"class_list":["post-8130","post","type-post","status-publish","format-standard","has-post-thumbnail","hentry","category-gerais","tag-cemig","tag-energia-da-cultura","tag-espetaculo-gratuito","tag-minas"],"_links":{"self":[{"href":"https:\/\/diariotribuna.com.br\/index.php?rest_route=\/wp\/v2\/posts\/8130"}],"collection":[{"href":"https:\/\/diariotribuna.com.br\/index.php?rest_route=\/wp\/v2\/posts"}],"about":[{"href":"https:\/\/diariotribuna.com.br\/index.php?rest_route=\/wp\/v2\/types\/post"}],"author":[{"embeddable":true,"href":"https:\/\/diariotribuna.com.br\/index.php?rest_route=\/wp\/v2\/users\/1"}],"replies":[{"embeddable":true,"href":"https:\/\/diariotribuna.com.br\/index.php?rest_route=%2Fwp%2Fv2%2Fcomments&post=8130"}],"version-history":[{"count":1,"href":"https:\/\/diariotribuna.com.br\/index.php?rest_route=\/wp\/v2\/posts\/8130\/revisions"}],"predecessor-version":[{"id":8134,"href":"https:\/\/diariotribuna.com.br\/index.php?rest_route=\/wp\/v2\/posts\/8130\/revisions\/8134"}],"wp:featuredmedia":[{"embeddable":true,"href":"https:\/\/diariotribuna.com.br\/index.php?rest_route=\/wp\/v2\/media\/8132"}],"wp:attachment":[{"href":"https:\/\/diariotribuna.com.br\/index.php?rest_route=%2Fwp%2Fv2%2Fmedia&parent=8130"}],"wp:term":[{"taxonomy":"category","embeddable":true,"href":"https:\/\/diariotribuna.com.br\/index.php?rest_route=%2Fwp%2Fv2%2Fcategories&post=8130"},{"taxonomy":"post_tag","embeddable":true,"href":"https:\/\/diariotribuna.com.br\/index.php?rest_route=%2Fwp%2Fv2%2Ftags&post=8130"}],"curies":[{"name":"wp","href":"https:\/\/api.w.org\/{rel}","templated":true}]}}