{"id":8138,"date":"2021-02-26T14:12:24","date_gmt":"2021-02-26T17:12:24","guid":{"rendered":"https:\/\/diariotribuna.com.br\/?p=8138"},"modified":"2021-02-26T14:13:56","modified_gmt":"2021-02-26T17:13:56","slug":"decisao-determina-prisoes-e-apreensoes-por-trafico","status":"publish","type":"post","link":"https:\/\/diariotribuna.com.br\/?p=8138","title":{"rendered":"Decis\u00e3o determina pris\u00f5es e apreens\u00f5es por tr\u00e1fico"},"content":{"rendered":"\n<p><strong>Ju\u00edza determinou apreens\u00e3o de bens m\u00f3veis e im\u00f3veis e R$ 8,7 milh\u00f5es<\/strong><\/p>\n\n\n\n<figure class=\"wp-block-image size-large is-resized\"><img loading=\"lazy\" decoding=\"async\" src=\"https:\/\/diariotribuna.com.br\/wp-content\/uploads\/2021\/02\/17566e82-b6e8-4682-847a-bc0fb3726185.jpg\" alt=\"\" class=\"wp-image-8139\" width=\"487\" height=\"324\" srcset=\"https:\/\/diariotribuna.com.br\/wp-content\/uploads\/2021\/02\/17566e82-b6e8-4682-847a-bc0fb3726185.jpg 700w, https:\/\/diariotribuna.com.br\/wp-content\/uploads\/2021\/02\/17566e82-b6e8-4682-847a-bc0fb3726185-300x200.jpg 300w, https:\/\/diariotribuna.com.br\/wp-content\/uploads\/2021\/02\/17566e82-b6e8-4682-847a-bc0fb3726185-696x463.jpg 696w, https:\/\/diariotribuna.com.br\/wp-content\/uploads\/2021\/02\/17566e82-b6e8-4682-847a-bc0fb3726185-631x420.jpg 631w\" sizes=\"(max-width: 487px) 100vw, 487px\" \/><\/figure>\n\n\n\n<p>Uma decis\u00e3o da ju\u00edza Andr\u00e9a Cristina de Miranda Costa, da 2\u00aa Vara de T\u00f3xicos, Organiza\u00e7\u00e3o Criminosa e Lavagem de Bens e Valores, determinou o cumprimento do mandado de pris\u00e3o de 13 acusados de integrar uma organiza\u00e7\u00e3o criminosa que movimentou R$ 8,7 milh\u00f5es, segundo investiga\u00e7\u00f5es do Departamento Estadual de Combate ao Narcotr\u00e1fico (Denarc), da Pol\u00edcia Civil.<\/p>\n\n\n\n<p>Os mandados de pris\u00e3o e de busca e apreens\u00e3o de bens e valores foram requeridos pelo delegado da Pol\u00edcia Civil da 3\u00aa DENARC, que investiga a organiza\u00e7\u00e3o desde 2020. A investiga\u00e7\u00e3o tem conex\u00e3o com outro processo de tr\u00e1fico que tramita na 2\u00aa Vara de T\u00f3xicos, Organiza\u00e7\u00e3o Criminosa e Lavagem de Bens e Valores.<\/p>\n\n\n\n<p>Naquele processo, uma opera\u00e7\u00e3o policial apreendeu, em junho de 2020,&nbsp;aproximadamente 71 quilos de maconha, al\u00e9m de prender cinco pessoas, que permanecem presas e aguardam julgamento.<\/p>\n\n\n\n<p>Na decis\u00e3o, a ju\u00edza Andr\u00e9a Costa observou que as investiga\u00e7\u00f5es apuraram que os treze acusados estariam associados, de forma estruturalmente ordenada, com divis\u00e3o de tarefas e com objetivo de obter vantagem econ\u00f4mica para enriquecimento pr\u00f3prio, mediante pr\u00e1tica do crime de tr\u00e1fico de drogas.<\/p>\n\n\n\n<p>Ela destacou ainda que o l\u00edder da organiza\u00e7\u00e3o se encontra&nbsp;foragido e atua no fornecimento de drogas no atacado para traficantes de Belo Horizonte e regi\u00e3o metropolitana e j\u00e1 tem condena\u00e7\u00e3o por tr\u00e1fico em processo de 2012.<\/p>\n\n\n\n<p>As investiga\u00e7\u00f5es apontaram que eles buscavam drogas no estado do Mato Grosso do Sul e que usavam o nome de terceiros, laranjas, para ocultar as opera\u00e7\u00f5es financeiras da organiza\u00e7\u00e3o, al\u00e9m de terem adquirido&nbsp;bens im\u00f3veis de valores elevados, pagando em esp\u00e9cie.<\/p>\n\n\n\n<p>A&nbsp;ju\u00edza Andr\u00e9a de Miranda Costa tamb\u00e9m expediu mandados de busca e apreens\u00e3o para 23 endere\u00e7os, residenciais e comerciais, de Belo Horizonte, Contagem e Itaobim.<\/p>\n\n\n\n<p>Ela determinou a apreens\u00e3o de 87 ve\u00edculos de diversas categorias de propriedade dos envolvidos, dentre estes, ve\u00edculos de luxo, motos e utilit\u00e1rios.\u00a0 Tamb\u00e9m determinou a apreens\u00e3o e a per\u00edcia nos aparelhos celulares, e autorizou a abertura for\u00e7ada (arrombamento) de portas e cofres eventualmente existentes nas resid\u00eancias, caso os investigados se recusassem a abri-los. \u00a0A a\u00e7\u00e3o tramita sob sigilo.<\/p>\n\n\n\n<p>(<strong>Assessoria de Comunica\u00e7\u00e3o Institucional \u2013 Ascom<\/strong>\/ <strong>TJMG \u2013 Unidade F\u00f3rum Lafayette<\/strong>)<\/p>\n","protected":false},"excerpt":{"rendered":"<p>Ju\u00edza determinou apreens\u00e3o de bens m\u00f3veis e im\u00f3veis e R$ 8,7 milh\u00f5es Uma decis\u00e3o da ju\u00edza Andr\u00e9a Cristina de Miranda Costa, da 2\u00aa Vara de T\u00f3xicos, Organiza\u00e7\u00e3o Criminosa e Lavagem de Bens e Valores, determinou o cumprimento do mandado de pris\u00e3o de 13 acusados de integrar uma organiza\u00e7\u00e3o criminosa que movimentou R$ 8,7 milh\u00f5es, segundo [&hellip;]<\/p>\n","protected":false},"author":1,"featured_media":8139,"comment_status":"open","ping_status":"open","sticky":false,"template":"","format":"standard","meta":{"rop_custom_images_group":[],"rop_custom_messages_group":[],"rop_publish_now":"initial","rop_publish_now_accounts":[],"rop_publish_now_history":[],"rop_publish_now_status":"pending","footnotes":""},"categories":[31],"tags":[2681,2682,2464,53,1082],"class_list":["post-8138","post","type-post","status-publish","format-standard","has-post-thumbnail","hentry","category-juridico","tag-apreensoes","tag-denarc","tag-prisoes","tag-tjmg","tag-trafico"],"_links":{"self":[{"href":"https:\/\/diariotribuna.com.br\/index.php?rest_route=\/wp\/v2\/posts\/8138"}],"collection":[{"href":"https:\/\/diariotribuna.com.br\/index.php?rest_route=\/wp\/v2\/posts"}],"about":[{"href":"https:\/\/diariotribuna.com.br\/index.php?rest_route=\/wp\/v2\/types\/post"}],"author":[{"embeddable":true,"href":"https:\/\/diariotribuna.com.br\/index.php?rest_route=\/wp\/v2\/users\/1"}],"replies":[{"embeddable":true,"href":"https:\/\/diariotribuna.com.br\/index.php?rest_route=%2Fwp%2Fv2%2Fcomments&post=8138"}],"version-history":[{"count":2,"href":"https:\/\/diariotribuna.com.br\/index.php?rest_route=\/wp\/v2\/posts\/8138\/revisions"}],"predecessor-version":[{"id":8141,"href":"https:\/\/diariotribuna.com.br\/index.php?rest_route=\/wp\/v2\/posts\/8138\/revisions\/8141"}],"wp:featuredmedia":[{"embeddable":true,"href":"https:\/\/diariotribuna.com.br\/index.php?rest_route=\/wp\/v2\/media\/8139"}],"wp:attachment":[{"href":"https:\/\/diariotribuna.com.br\/index.php?rest_route=%2Fwp%2Fv2%2Fmedia&parent=8138"}],"wp:term":[{"taxonomy":"category","embeddable":true,"href":"https:\/\/diariotribuna.com.br\/index.php?rest_route=%2Fwp%2Fv2%2Fcategories&post=8138"},{"taxonomy":"post_tag","embeddable":true,"href":"https:\/\/diariotribuna.com.br\/index.php?rest_route=%2Fwp%2Fv2%2Ftags&post=8138"}],"curies":[{"name":"wp","href":"https:\/\/api.w.org\/{rel}","templated":true}]}}