{"id":8588,"date":"2021-03-14T19:18:57","date_gmt":"2021-03-14T22:18:57","guid":{"rendered":"https:\/\/diariotribuna.com.br\/?p=8588"},"modified":"2021-03-15T11:10:26","modified_gmt":"2021-03-15T14:10:26","slug":"policia-civil-incinera-58-quilos-de-substancias-entorpecentes-em-teofilo-otoni","status":"publish","type":"post","link":"https:\/\/diariotribuna.com.br\/?p=8588","title":{"rendered":"Pol\u00edcia Civil incinera 58 quilos de subst\u00e2ncias entorpecentes em Te\u00f3filo Otoni"},"content":{"rendered":"\n<figure class=\"wp-block-image size-large is-resized\"><img loading=\"lazy\" decoding=\"async\" src=\"https:\/\/diariotribuna.com.br\/wp-content\/uploads\/2021\/03\/1-10.jpg\" alt=\"\" class=\"wp-image-8589\" width=\"504\" height=\"345\" srcset=\"https:\/\/diariotribuna.com.br\/wp-content\/uploads\/2021\/03\/1-10.jpg 700w, https:\/\/diariotribuna.com.br\/wp-content\/uploads\/2021\/03\/1-10-300x206.jpg 300w, https:\/\/diariotribuna.com.br\/wp-content\/uploads\/2021\/03\/1-10-218x150.jpg 218w, https:\/\/diariotribuna.com.br\/wp-content\/uploads\/2021\/03\/1-10-696x478.jpg 696w, https:\/\/diariotribuna.com.br\/wp-content\/uploads\/2021\/03\/1-10-611x420.jpg 611w\" sizes=\"(max-width: 504px) 100vw, 504px\" \/><\/figure>\n\n\n\n<p>A Pol\u00edcia Civil de Minas Gerais, por meio da Delegacia Especializada de Combate ao Narcotr\u00e1fico de Te\u00f3filo Otoni, incinerou na tarde de sexta-feira (12\/03\/21), 58 quilos de subst\u00e2ncias entorpecentes, entre maconha, coca\u00edna, ecstasy, crack e outras, em cumprimento \u00e0 determina\u00e7\u00e3o legal contida no Art. 50 da Lei de Repress\u00e3o ao Tr\u00e1fico de Drogas.<\/p>\n\n\n\n<p>Servidores da Vigil\u00e2ncia Sanit\u00e1ria Municipal, policiais civis, imprensa e outros convidados acompanharam a incinera\u00e7\u00e3o, em uma Cer\u00e2mica na Turma 37, em Te\u00f3filo Otoni. O local foi vistoriado antes e ap\u00f3s efetuado o procedimento, ficando certificado desta forma que toda a subst\u00e2ncia entorpecente foi incinerada. O Delegado Regional de Te\u00f3filo Otoni, dr. Washington Souza Filho acompanhou todo o procedimento.<\/p>\n\n\n\n<p>Ap\u00f3s os trabalhos, foi lavrado um termo e assinado por todos os policiais civis que ali estavam, com muita lisura e transpar\u00eancia na a\u00e7\u00e3o da Pol\u00edcia Civil, que faz esse trabalho periodicamente, mediante autoriza\u00e7\u00e3o judicial. As drogas s\u00e3o oriundas das apreens\u00f5es feitas pelas pol\u00edcias Civil, Militar e PRF. Segundo a PC, a incinera\u00e7\u00e3o \u00e9 o ponto final dos trabalhos no que diz respeito a investiga\u00e7\u00f5es, encerramento de inqu\u00e9rito policial.<\/p>\n\n\n\n<p><strong>Equipe:<\/strong> Delegado Regional de Te\u00f3filo Otoni, dr. Washington Souza Filho. Delegada titular da DECN, dra. Mariana Ceolin. Escriv\u00e3o Elvis. Investigador Zeli Luiz. <strong>Pol\u00edcia Civil de Minas Gerais<\/strong> &#8211; <strong>Instagram:<\/strong> @pcmg.oficial \/ <strong>Facebook:<\/strong> @pcmgoficial \/ <strong>Twitter:<\/strong> @pcmgoficial \/ <strong>YouTube:<\/strong> @pcmgoficial \/ www.policiacivil.mg.gov.br<\/p>\n\n\n\n<figure class=\"wp-block-gallery columns-3 is-cropped wp-block-gallery-1 is-layout-flex wp-block-gallery-is-layout-flex\"><ul class=\"blocks-gallery-grid\"><li class=\"blocks-gallery-item\"><figure><img loading=\"lazy\" decoding=\"async\" width=\"700\" height=\"586\" src=\"https:\/\/diariotribuna.com.br\/wp-content\/uploads\/2021\/03\/2-10.jpg\" alt=\"\" data-id=\"8590\" data-link=\"https:\/\/diariotribuna.com.br\/?attachment_id=8590\" class=\"wp-image-8590\" srcset=\"https:\/\/diariotribuna.com.br\/wp-content\/uploads\/2021\/03\/2-10.jpg 700w, https:\/\/diariotribuna.com.br\/wp-content\/uploads\/2021\/03\/2-10-300x251.jpg 300w, https:\/\/diariotribuna.com.br\/wp-content\/uploads\/2021\/03\/2-10-696x583.jpg 696w, https:\/\/diariotribuna.com.br\/wp-content\/uploads\/2021\/03\/2-10-502x420.jpg 502w\" sizes=\"(max-width: 700px) 100vw, 700px\" \/><\/figure><\/li><li class=\"blocks-gallery-item\"><figure><img loading=\"lazy\" decoding=\"async\" width=\"700\" height=\"586\" src=\"https:\/\/diariotribuna.com.br\/wp-content\/uploads\/2021\/03\/8-3.jpg\" alt=\"\" data-id=\"8592\" data-link=\"https:\/\/diariotribuna.com.br\/?attachment_id=8592\" class=\"wp-image-8592\" srcset=\"https:\/\/diariotribuna.com.br\/wp-content\/uploads\/2021\/03\/8-3.jpg 700w, https:\/\/diariotribuna.com.br\/wp-content\/uploads\/2021\/03\/8-3-300x251.jpg 300w, https:\/\/diariotribuna.com.br\/wp-content\/uploads\/2021\/03\/8-3-696x583.jpg 696w, https:\/\/diariotribuna.com.br\/wp-content\/uploads\/2021\/03\/8-3-502x420.jpg 502w\" sizes=\"(max-width: 700px) 100vw, 700px\" \/><\/figure><\/li><li class=\"blocks-gallery-item\"><figure><img loading=\"lazy\" decoding=\"async\" width=\"700\" height=\"466\" src=\"https:\/\/diariotribuna.com.br\/wp-content\/uploads\/2021\/03\/10-1.jpg\" alt=\"\" data-id=\"8593\" data-link=\"https:\/\/diariotribuna.com.br\/?attachment_id=8593\" class=\"wp-image-8593\" srcset=\"https:\/\/diariotribuna.com.br\/wp-content\/uploads\/2021\/03\/10-1.jpg 700w, https:\/\/diariotribuna.com.br\/wp-content\/uploads\/2021\/03\/10-1-300x200.jpg 300w, https:\/\/diariotribuna.com.br\/wp-content\/uploads\/2021\/03\/10-1-696x463.jpg 696w, https:\/\/diariotribuna.com.br\/wp-content\/uploads\/2021\/03\/10-1-631x420.jpg 631w\" sizes=\"(max-width: 700px) 100vw, 700px\" \/><\/figure><\/li><li class=\"blocks-gallery-item\"><figure><img loading=\"lazy\" decoding=\"async\" width=\"700\" height=\"722\" src=\"https:\/\/diariotribuna.com.br\/wp-content\/uploads\/2021\/03\/7-5.jpg\" alt=\"\" data-id=\"8594\" data-link=\"https:\/\/diariotribuna.com.br\/?attachment_id=8594\" class=\"wp-image-8594\" srcset=\"https:\/\/diariotribuna.com.br\/wp-content\/uploads\/2021\/03\/7-5.jpg 700w, https:\/\/diariotribuna.com.br\/wp-content\/uploads\/2021\/03\/7-5-291x300.jpg 291w, https:\/\/diariotribuna.com.br\/wp-content\/uploads\/2021\/03\/7-5-696x718.jpg 696w, https:\/\/diariotribuna.com.br\/wp-content\/uploads\/2021\/03\/7-5-407x420.jpg 407w\" sizes=\"(max-width: 700px) 100vw, 700px\" \/><\/figure><\/li><li class=\"blocks-gallery-item\"><figure><img loading=\"lazy\" decoding=\"async\" width=\"700\" height=\"555\" src=\"https:\/\/diariotribuna.com.br\/wp-content\/uploads\/2021\/03\/6-5.jpg\" alt=\"\" data-id=\"8595\" data-link=\"https:\/\/diariotribuna.com.br\/?attachment_id=8595\" class=\"wp-image-8595\" srcset=\"https:\/\/diariotribuna.com.br\/wp-content\/uploads\/2021\/03\/6-5.jpg 700w, https:\/\/diariotribuna.com.br\/wp-content\/uploads\/2021\/03\/6-5-300x238.jpg 300w, https:\/\/diariotribuna.com.br\/wp-content\/uploads\/2021\/03\/6-5-696x552.jpg 696w, https:\/\/diariotribuna.com.br\/wp-content\/uploads\/2021\/03\/6-5-530x420.jpg 530w\" sizes=\"(max-width: 700px) 100vw, 700px\" \/><\/figure><\/li><li class=\"blocks-gallery-item\"><figure><img loading=\"lazy\" decoding=\"async\" width=\"700\" height=\"694\" src=\"https:\/\/diariotribuna.com.br\/wp-content\/uploads\/2021\/03\/9-3.jpg\" alt=\"\" data-id=\"8596\" data-full-url=\"https:\/\/diariotribuna.com.br\/wp-content\/uploads\/2021\/03\/9-3.jpg\" data-link=\"https:\/\/diariotribuna.com.br\/?attachment_id=8596\" class=\"wp-image-8596\" srcset=\"https:\/\/diariotribuna.com.br\/wp-content\/uploads\/2021\/03\/9-3.jpg 700w, https:\/\/diariotribuna.com.br\/wp-content\/uploads\/2021\/03\/9-3-300x297.jpg 300w, https:\/\/diariotribuna.com.br\/wp-content\/uploads\/2021\/03\/9-3-150x150.jpg 150w, https:\/\/diariotribuna.com.br\/wp-content\/uploads\/2021\/03\/9-3-696x690.jpg 696w, https:\/\/diariotribuna.com.br\/wp-content\/uploads\/2021\/03\/9-3-424x420.jpg 424w\" sizes=\"(max-width: 700px) 100vw, 700px\" \/><\/figure><\/li><\/ul><\/figure>\n\n\n\n<p><strong>(Informa\u00e7\u00f5es\/Fotos: Assessoria de comunica\u00e7\u00e3o PCMG\/ Te\u00f3filo Otoni)<\/strong><\/p>\n","protected":false},"excerpt":{"rendered":"<p>A Pol\u00edcia Civil de Minas Gerais, por meio da Delegacia Especializada de Combate ao Narcotr\u00e1fico de Te\u00f3filo Otoni, incinerou na tarde de sexta-feira (12\/03\/21), 58 quilos de subst\u00e2ncias entorpecentes, entre maconha, coca\u00edna, ecstasy, crack e outras, em cumprimento \u00e0 determina\u00e7\u00e3o legal contida no Art. 50 da Lei de Repress\u00e3o ao Tr\u00e1fico de Drogas. Servidores da [&hellip;]<\/p>\n","protected":false},"author":1,"featured_media":8589,"comment_status":"open","ping_status":"open","sticky":false,"template":"","format":"standard","meta":{"rop_custom_images_group":[],"rop_custom_messages_group":[],"rop_publish_now":"initial","rop_publish_now_accounts":[],"rop_publish_now_history":[],"rop_publish_now_status":"pending","footnotes":""},"categories":[20],"tags":[2767,207,2780,292,75],"class_list":["post-8588","post","type-post","status-publish","format-standard","has-post-thumbnail","hentry","category-policia","tag-12-03-2021","tag-drogas","tag-incineracao","tag-policia-civil","tag-teofilo-otoni"],"_links":{"self":[{"href":"https:\/\/diariotribuna.com.br\/index.php?rest_route=\/wp\/v2\/posts\/8588"}],"collection":[{"href":"https:\/\/diariotribuna.com.br\/index.php?rest_route=\/wp\/v2\/posts"}],"about":[{"href":"https:\/\/diariotribuna.com.br\/index.php?rest_route=\/wp\/v2\/types\/post"}],"author":[{"embeddable":true,"href":"https:\/\/diariotribuna.com.br\/index.php?rest_route=\/wp\/v2\/users\/1"}],"replies":[{"embeddable":true,"href":"https:\/\/diariotribuna.com.br\/index.php?rest_route=%2Fwp%2Fv2%2Fcomments&post=8588"}],"version-history":[{"count":1,"href":"https:\/\/diariotribuna.com.br\/index.php?rest_route=\/wp\/v2\/posts\/8588\/revisions"}],"predecessor-version":[{"id":8597,"href":"https:\/\/diariotribuna.com.br\/index.php?rest_route=\/wp\/v2\/posts\/8588\/revisions\/8597"}],"wp:featuredmedia":[{"embeddable":true,"href":"https:\/\/diariotribuna.com.br\/index.php?rest_route=\/wp\/v2\/media\/8589"}],"wp:attachment":[{"href":"https:\/\/diariotribuna.com.br\/index.php?rest_route=%2Fwp%2Fv2%2Fmedia&parent=8588"}],"wp:term":[{"taxonomy":"category","embeddable":true,"href":"https:\/\/diariotribuna.com.br\/index.php?rest_route=%2Fwp%2Fv2%2Fcategories&post=8588"},{"taxonomy":"post_tag","embeddable":true,"href":"https:\/\/diariotribuna.com.br\/index.php?rest_route=%2Fwp%2Fv2%2Ftags&post=8588"}],"curies":[{"name":"wp","href":"https:\/\/api.w.org\/{rel}","templated":true}]}}