{"id":8598,"date":"2021-03-14T22:41:29","date_gmt":"2021-03-15T01:41:29","guid":{"rendered":"https:\/\/diariotribuna.com.br\/?p=8598"},"modified":"2021-03-17T23:31:48","modified_gmt":"2021-03-18T02:31:48","slug":"policia-militar-interrompe-evento-clandestino-com-mais-de-150-pessoas","status":"publish","type":"post","link":"https:\/\/diariotribuna.com.br\/?p=8598","title":{"rendered":"Pol\u00edcia Militar interrompe evento clandestino com mais de 150 pessoas"},"content":{"rendered":"\n<figure class=\"wp-block-image size-large is-resized\"><img loading=\"lazy\" decoding=\"async\" src=\"https:\/\/diariotribuna.com.br\/wp-content\/uploads\/2021\/03\/8e8b33b2-6812-4968-8c53-4a73f3ae6751-1024x768.jpg\" alt=\"\" class=\"wp-image-8599\" width=\"493\" height=\"370\" srcset=\"https:\/\/diariotribuna.com.br\/wp-content\/uploads\/2021\/03\/8e8b33b2-6812-4968-8c53-4a73f3ae6751-1024x768.jpg 1024w, https:\/\/diariotribuna.com.br\/wp-content\/uploads\/2021\/03\/8e8b33b2-6812-4968-8c53-4a73f3ae6751-300x225.jpg 300w, https:\/\/diariotribuna.com.br\/wp-content\/uploads\/2021\/03\/8e8b33b2-6812-4968-8c53-4a73f3ae6751-768x576.jpg 768w, https:\/\/diariotribuna.com.br\/wp-content\/uploads\/2021\/03\/8e8b33b2-6812-4968-8c53-4a73f3ae6751-80x60.jpg 80w, https:\/\/diariotribuna.com.br\/wp-content\/uploads\/2021\/03\/8e8b33b2-6812-4968-8c53-4a73f3ae6751-265x198.jpg 265w, https:\/\/diariotribuna.com.br\/wp-content\/uploads\/2021\/03\/8e8b33b2-6812-4968-8c53-4a73f3ae6751-696x522.jpg 696w, https:\/\/diariotribuna.com.br\/wp-content\/uploads\/2021\/03\/8e8b33b2-6812-4968-8c53-4a73f3ae6751-1068x801.jpg 1068w, https:\/\/diariotribuna.com.br\/wp-content\/uploads\/2021\/03\/8e8b33b2-6812-4968-8c53-4a73f3ae6751-560x420.jpg 560w, https:\/\/diariotribuna.com.br\/wp-content\/uploads\/2021\/03\/8e8b33b2-6812-4968-8c53-4a73f3ae6751.jpg 1152w\" sizes=\"(max-width: 493px) 100vw, 493px\" \/><\/figure>\n\n\n\n<p><strong>Ara\u00e7ua\u00ed &#8211;<\/strong> A Pol\u00edcia Militar recebeu v\u00e1rias den\u00fancias, informando sobre um evento \u201cCavalgada\u201d na Comunidade de C\u00f3rrego Fundo, munic\u00edpio de Ara\u00e7ua\u00ed, na tarde deste domingo (14\/03), por volta das 15 horas, e os militares foram ao local onde encontraram cerca de 150 pessoas, sem m\u00e1scaras e aglomeradas desrespeitando o distanciamento social.<\/p>\n\n\n\n<p>Os militares orientaram o dono do estabelecimento e organizador do evento, acerca do correto cumprimento do Decreto Municipal n\u00ba 64 de 18 de Janeiro de 2021, Ara\u00e7ua\u00ed\/MG, e ele se comprometeu a desligar o som e evitar a aglomera\u00e7\u00e3o de pessoas no local.<\/p>\n\n\n\n<p>Foi realizada \u201cOpera\u00e7\u00e3o Presen\u00e7a\u201d, com intuito de abordar indiv\u00edduos e ve\u00edculos suspeitos, em decorr\u00eancia da suspei\u00e7\u00e3o de utiliza\u00e7\u00e3o de subst\u00e2ncias entorpecentes no local, mas nada de il\u00edcito foi encontrado. Disque-den\u00fancia 181. (Informa\u00e7\u00f5es\/Foto: Assessoria de comunica\u00e7\u00e3o organizacional da 14\u00aa Cia PM IND, Ara\u00e7ua\u00ed).<\/p>\n","protected":false},"excerpt":{"rendered":"<p>Ara\u00e7ua\u00ed &#8211; A Pol\u00edcia Militar recebeu v\u00e1rias den\u00fancias, informando sobre um evento \u201cCavalgada\u201d na Comunidade de C\u00f3rrego Fundo, munic\u00edpio de Ara\u00e7ua\u00ed, na tarde deste domingo (14\/03), por volta das 15 horas, e os militares foram ao local onde encontraram cerca de 150 pessoas, sem m\u00e1scaras e aglomeradas desrespeitando o distanciamento social. Os militares orientaram o [&hellip;]<\/p>\n","protected":false},"author":1,"featured_media":8599,"comment_status":"open","ping_status":"open","sticky":false,"template":"","format":"standard","meta":{"rop_custom_images_group":[],"rop_custom_messages_group":[],"rop_publish_now":"initial","rop_publish_now_accounts":[],"rop_publish_now_history":[],"rop_publish_now_status":"pending","footnotes":""},"categories":[20],"tags":[2784,380,2785,2783,2782,76],"class_list":["post-8598","post","type-post","status-publish","format-standard","has-post-thumbnail","hentry","category-policia","tag-aglomeracao","tag-aracuai","tag-cancelamento","tag-cavalgada","tag-evento","tag-policia-militar"],"_links":{"self":[{"href":"https:\/\/diariotribuna.com.br\/index.php?rest_route=\/wp\/v2\/posts\/8598"}],"collection":[{"href":"https:\/\/diariotribuna.com.br\/index.php?rest_route=\/wp\/v2\/posts"}],"about":[{"href":"https:\/\/diariotribuna.com.br\/index.php?rest_route=\/wp\/v2\/types\/post"}],"author":[{"embeddable":true,"href":"https:\/\/diariotribuna.com.br\/index.php?rest_route=\/wp\/v2\/users\/1"}],"replies":[{"embeddable":true,"href":"https:\/\/diariotribuna.com.br\/index.php?rest_route=%2Fwp%2Fv2%2Fcomments&post=8598"}],"version-history":[{"count":1,"href":"https:\/\/diariotribuna.com.br\/index.php?rest_route=\/wp\/v2\/posts\/8598\/revisions"}],"predecessor-version":[{"id":8600,"href":"https:\/\/diariotribuna.com.br\/index.php?rest_route=\/wp\/v2\/posts\/8598\/revisions\/8600"}],"wp:featuredmedia":[{"embeddable":true,"href":"https:\/\/diariotribuna.com.br\/index.php?rest_route=\/wp\/v2\/media\/8599"}],"wp:attachment":[{"href":"https:\/\/diariotribuna.com.br\/index.php?rest_route=%2Fwp%2Fv2%2Fmedia&parent=8598"}],"wp:term":[{"taxonomy":"category","embeddable":true,"href":"https:\/\/diariotribuna.com.br\/index.php?rest_route=%2Fwp%2Fv2%2Fcategories&post=8598"},{"taxonomy":"post_tag","embeddable":true,"href":"https:\/\/diariotribuna.com.br\/index.php?rest_route=%2Fwp%2Fv2%2Ftags&post=8598"}],"curies":[{"name":"wp","href":"https:\/\/api.w.org\/{rel}","templated":true}]}}