{"id":8601,"date":"2021-03-15T11:13:30","date_gmt":"2021-03-15T14:13:30","guid":{"rendered":"https:\/\/diariotribuna.com.br\/?p=8601"},"modified":"2021-03-17T00:30:05","modified_gmt":"2021-03-17T03:30:05","slug":"cafe-empresarial-marca-os-80-anos-de-criacao-da-associacao-comercial-e-empresarial-de-teofilo-otoni-ace-to","status":"publish","type":"post","link":"https:\/\/diariotribuna.com.br\/?p=8601","title":{"rendered":"Caf\u00e9 Empresarial marca os 80 anos de cria\u00e7\u00e3o da Associa\u00e7\u00e3o Comercial e Empresarial de Te\u00f3filo Otoni (ACE-TO)"},"content":{"rendered":"\n<figure class=\"wp-block-image size-large is-resized\"><img loading=\"lazy\" decoding=\"async\" src=\"https:\/\/diariotribuna.com.br\/wp-content\/uploads\/2021\/03\/13-Diretores-e-convidados-na-solenidade-de-80-anos-da-ACE-TO.jpg\" alt=\"\" class=\"wp-image-8602\" width=\"551\" height=\"345\" srcset=\"https:\/\/diariotribuna.com.br\/wp-content\/uploads\/2021\/03\/13-Diretores-e-convidados-na-solenidade-de-80-anos-da-ACE-TO.jpg 700w, https:\/\/diariotribuna.com.br\/wp-content\/uploads\/2021\/03\/13-Diretores-e-convidados-na-solenidade-de-80-anos-da-ACE-TO-300x188.jpg 300w, https:\/\/diariotribuna.com.br\/wp-content\/uploads\/2021\/03\/13-Diretores-e-convidados-na-solenidade-de-80-anos-da-ACE-TO-696x436.jpg 696w, https:\/\/diariotribuna.com.br\/wp-content\/uploads\/2021\/03\/13-Diretores-e-convidados-na-solenidade-de-80-anos-da-ACE-TO-670x420.jpg 670w\" sizes=\"(max-width: 551px) 100vw, 551px\" \/><figcaption><strong>O presidente da ACE, Ricardo Bastos, com a diretoria da entidade,<\/strong><br><strong>ex-presidentes e autoridades<\/strong><\/figcaption><\/figure>\n\n\n\n<figure class=\"wp-block-gallery columns-2 is-cropped wp-block-gallery-1 is-layout-flex wp-block-gallery-is-layout-flex\"><ul class=\"blocks-gallery-grid\"><li class=\"blocks-gallery-item\"><figure><img loading=\"lazy\" decoding=\"async\" width=\"700\" height=\"463\" src=\"https:\/\/diariotribuna.com.br\/wp-content\/uploads\/2021\/03\/11-Solenidade-realizada-no-auditorio-da-ACE-Teofilo-Otoni.jpg\" alt=\"\" data-id=\"8608\" data-link=\"https:\/\/diariotribuna.com.br\/?attachment_id=8608\" class=\"wp-image-8608\" srcset=\"https:\/\/diariotribuna.com.br\/wp-content\/uploads\/2021\/03\/11-Solenidade-realizada-no-auditorio-da-ACE-Teofilo-Otoni.jpg 700w, https:\/\/diariotribuna.com.br\/wp-content\/uploads\/2021\/03\/11-Solenidade-realizada-no-auditorio-da-ACE-Teofilo-Otoni-300x198.jpg 300w, https:\/\/diariotribuna.com.br\/wp-content\/uploads\/2021\/03\/11-Solenidade-realizada-no-auditorio-da-ACE-Teofilo-Otoni-696x460.jpg 696w, https:\/\/diariotribuna.com.br\/wp-content\/uploads\/2021\/03\/11-Solenidade-realizada-no-auditorio-da-ACE-Teofilo-Otoni-635x420.jpg 635w\" sizes=\"(max-width: 700px) 100vw, 700px\" \/><figcaption class=\"blocks-gallery-item__caption\"><strong>Solenidade realizada no audit\u00f3rio da ACE &#8211; Te\u00f3filo Otoni<\/strong><\/figcaption><\/figure><\/li><li class=\"blocks-gallery-item\"><figure><img loading=\"lazy\" decoding=\"async\" width=\"700\" height=\"463\" src=\"https:\/\/diariotribuna.com.br\/wp-content\/uploads\/2021\/03\/10-2.jpg\" alt=\"\" data-id=\"8617\" data-full-url=\"https:\/\/diariotribuna.com.br\/wp-content\/uploads\/2021\/03\/10-2.jpg\" data-link=\"https:\/\/diariotribuna.com.br\/?attachment_id=8617\" class=\"wp-image-8617\" srcset=\"https:\/\/diariotribuna.com.br\/wp-content\/uploads\/2021\/03\/10-2.jpg 700w, https:\/\/diariotribuna.com.br\/wp-content\/uploads\/2021\/03\/10-2-300x198.jpg 300w, https:\/\/diariotribuna.com.br\/wp-content\/uploads\/2021\/03\/10-2-696x460.jpg 696w, https:\/\/diariotribuna.com.br\/wp-content\/uploads\/2021\/03\/10-2-635x420.jpg 635w\" sizes=\"(max-width: 700px) 100vw, 700px\" \/><figcaption class=\"blocks-gallery-item__caption\"><strong>Presidente Ricardo Bastos ao lado do vice Ti\u00e3o da Jhiane<\/strong><\/figcaption><\/figure><\/li><\/ul><\/figure>\n\n\n\n<p>No s\u00e1bado (27\/02\/21), a Associa\u00e7\u00e3o Comercial e Empresarial de Te\u00f3filo Otoni (ACE-TO) comemorou 80 anos de exist\u00eancia. A entidade foi fundada em 1941 e est\u00e1 comemorando o seu Jubileu de Carvalho. A diretoria da ACE preparou ao longo dos \u00faltimos dois anos uma s\u00e9rie de eventos e programas comemorativos para celebrar a data, mas, em fun\u00e7\u00e3o da pandemia do novo coronav\u00edrus (Covid-19), toda a programa\u00e7\u00e3o oficial teve que ser adiada.<\/p>\n\n\n\n<p>De acordo com o presidente Ricardo Bastos Peres, a sua inten\u00e7\u00e3o \u00e9 realizar a programa\u00e7\u00e3o do anivers\u00e1rio paralelamente \u00e0 EXPONOR 2021. Para n\u00e3o deixar a data passar em branco, o presidente da ACE promoveu um caf\u00e9 empresarial na manh\u00e3 desta segunda-feira (08\/03) respeitando todos os protocolos de distanciamento, e convidou, para a solenidade, apenas os diretores, ex-presidentes, algumas autoridades e a imprensa.<\/p>\n\n\n\n<h2 class=\"wp-block-heading\"><strong><span style=\"color:#065f3e\" class=\"has-inline-color\">Inaugura\u00e7\u00e3o da Galeria de Presidentes<\/span><\/strong><\/h2>\n\n\n\n<figure class=\"wp-block-gallery columns-3 is-cropped wp-block-gallery-2 is-layout-flex wp-block-gallery-is-layout-flex\"><ul class=\"blocks-gallery-grid\"><li class=\"blocks-gallery-item\"><figure><img loading=\"lazy\" decoding=\"async\" width=\"700\" height=\"466\" src=\"https:\/\/diariotribuna.com.br\/wp-content\/uploads\/2021\/03\/1-12.jpg\" alt=\"\" data-id=\"8607\" data-link=\"https:\/\/diariotribuna.com.br\/?attachment_id=8607\" class=\"wp-image-8607\" srcset=\"https:\/\/diariotribuna.com.br\/wp-content\/uploads\/2021\/03\/1-12.jpg 700w, https:\/\/diariotribuna.com.br\/wp-content\/uploads\/2021\/03\/1-12-300x200.jpg 300w, https:\/\/diariotribuna.com.br\/wp-content\/uploads\/2021\/03\/1-12-696x463.jpg 696w, https:\/\/diariotribuna.com.br\/wp-content\/uploads\/2021\/03\/1-12-631x420.jpg 631w\" sizes=\"(max-width: 700px) 100vw, 700px\" \/><\/figure><\/li><li class=\"blocks-gallery-item\"><figure><img loading=\"lazy\" decoding=\"async\" width=\"700\" height=\"466\" src=\"https:\/\/diariotribuna.com.br\/wp-content\/uploads\/2021\/03\/2-11.jpg\" alt=\"\" data-id=\"8606\" data-link=\"https:\/\/diariotribuna.com.br\/?attachment_id=8606\" class=\"wp-image-8606\" srcset=\"https:\/\/diariotribuna.com.br\/wp-content\/uploads\/2021\/03\/2-11.jpg 700w, https:\/\/diariotribuna.com.br\/wp-content\/uploads\/2021\/03\/2-11-300x200.jpg 300w, https:\/\/diariotribuna.com.br\/wp-content\/uploads\/2021\/03\/2-11-696x463.jpg 696w, https:\/\/diariotribuna.com.br\/wp-content\/uploads\/2021\/03\/2-11-631x420.jpg 631w\" sizes=\"(max-width: 700px) 100vw, 700px\" \/><\/figure><\/li><li class=\"blocks-gallery-item\"><figure><img loading=\"lazy\" decoding=\"async\" width=\"700\" height=\"466\" src=\"https:\/\/diariotribuna.com.br\/wp-content\/uploads\/2021\/03\/3-Inauguracao-da-Galeria-de-ex-presidentes-desde-a-criacao-da-ACE-TO.jpg\" alt=\"\" data-id=\"8605\" data-link=\"https:\/\/diariotribuna.com.br\/?attachment_id=8605\" class=\"wp-image-8605\" srcset=\"https:\/\/diariotribuna.com.br\/wp-content\/uploads\/2021\/03\/3-Inauguracao-da-Galeria-de-ex-presidentes-desde-a-criacao-da-ACE-TO.jpg 700w, https:\/\/diariotribuna.com.br\/wp-content\/uploads\/2021\/03\/3-Inauguracao-da-Galeria-de-ex-presidentes-desde-a-criacao-da-ACE-TO-300x200.jpg 300w, https:\/\/diariotribuna.com.br\/wp-content\/uploads\/2021\/03\/3-Inauguracao-da-Galeria-de-ex-presidentes-desde-a-criacao-da-ACE-TO-696x463.jpg 696w, https:\/\/diariotribuna.com.br\/wp-content\/uploads\/2021\/03\/3-Inauguracao-da-Galeria-de-ex-presidentes-desde-a-criacao-da-ACE-TO-631x420.jpg 631w\" sizes=\"(max-width: 700px) 100vw, 700px\" \/><\/figure><\/li><\/ul><\/figure>\n\n\n\n<p><strong>O primeiro ato da solenidade foi marcado pela inaugura\u00e7\u00e3o da Galeria de Presidentes.<\/strong> Esta \u00e9 a primeira vez na hist\u00f3ria da entidade que todos os ex-presidentes s\u00e3o homenageados com a sua foto na galeria, desde o primeiro, o saudoso fundador da ACE, Rachid Salom\u00e3o Handeri, at\u00e9 o atual, Ricardo Bastos Peres. Ao todo, dezessete nomes presidiram a ACE desde a sua funda\u00e7\u00e3o. O fundador Rachid Handeri foi o \u00fanico que a presidiu em momentos distintos: 1941\u20131961 e 1974\u20131977. Inaugurada a Galeria, que fica na recep\u00e7\u00e3o da ACE, passou-se ao segundo ato da solenidade, que foi a apresenta\u00e7\u00e3o de um v\u00eddeo institucional de 4 minutos contando de forma resumida um pouco da hist\u00f3ria da institui\u00e7\u00e3o com as principais conquistas da entidade ao longo dessas oito d\u00e9cadas.<\/p>\n\n\n\n<p><strong>Pronunciamentos \u2013<\/strong> O presidente da ACE-Te\u00f3filo Otoni, Ricardo Bastos Peres, foi o primeiro a se pronunciar abrindo a sess\u00e3o. Ele ressaltou a import\u00e2ncia de cada um dos ex-presidentes e o legado que cada um deixou para que a ACE se tornasse o que \u00e9 hoje: a grande b\u00fassola do desenvolvimento da cidade e regi\u00e3o. Em seu discurso Ricardo voltou a defender uma das bandeiras da sua atual gest\u00e3o \u00e0 frente da entidade, que \u00e9 a defesa e o est\u00edmulo \u00e0 otimiza\u00e7\u00e3o do potencial industrial da cidade, inclusive voltando a comentar a import\u00e2ncia de defender um ramal ferrovi\u00e1rio interligando Te\u00f3filo Otoni ao mundo atrav\u00e9s dos trilhos. Ele ressaltou que \u201cestamos para inaugurar o nosso distrito industrial, mas precisamos de incentivos para que as empresas cres\u00e7am, prosperem e gerem empregos\u201d.<\/p>\n\n\n\n<p><strong>Trilhos do Progresso:<\/strong> Por sua vez, o vice-prefeito, dr. \u00c9der Detrez, que tamb\u00e9m se fez presente ao evento, e \u00e9 filho de um ex-funcion\u00e1rio da Estrada de Ferro Bahia-Minas, endossou a fala de Ricardo a respeito da import\u00e2ncia de um ramal ferrovi\u00e1rio que colocasse Te\u00f3filo Otoni literalmente nos trilhos do progresso e do desenvolvimento.<\/p>\n\n\n\n<p><strong>Desafio:<\/strong> Outra pessoa que apresentou um verdadeiro desafio aos empres\u00e1rios e lideran\u00e7as presentes foi a secret\u00e1ria Municipal de Economia Solid\u00e1ria, Trabalho, Emprego e Renda, Joana Louback. Ela desafiou todos os que ali estavam a se unirem para, junto com o prefeito Daniel Sucupira, ajudar Te\u00f3filo Otoni a ser, nos pr\u00f3ximos cinco anos, a quinta maior economia de Minas Gerais, posi\u00e7\u00e3o que jamais deveria ter perdido.<\/p>\n\n\n\n<p><strong>Ambiente Oportuno:<\/strong> Outro pronunciamento muito importante foi o do ex-presidente da ACE, Jary Soares de Mendon\u00e7a Filho. Jary fez quest\u00e3o de ressaltar o momento hist\u00f3rico que a cidade est\u00e1 vivendo com o prefeito Daniel Sucupira, que \u00e9 de um partido de esquerda, o PT, tendo um vice-prefeito que \u00e9 do Democratas, de direita, e estarem ambos trabalhando juntos, de m\u00e3os dadas, para ajudar Te\u00f3filo Otoni a crescer e a se desenvolver. \u201cIsso nos d\u00e1 um ambiente oportuno para o desenvolvimento que sempre foi apontado e defendido nesta casa, a ACE\u201d.<\/p>\n\n\n\n<p><strong>Emo\u00e7\u00e3o:<\/strong> O ex-presidente da ACE, Ant\u00f4nio Celso de Moura, tamb\u00e9m se pronunciou. Ele comentou o seu ingresso \u00e0 vida do associativismo empresarial e disse que teve como professor o ex-presidente da entidade, Salvador Rodrigues, da antiga Revena. Ant\u00f4nio Celso se disse ainda muito grato \u00e0 Fam\u00edlia Handeri, pelo apoio que sempre recebeu.<\/p>\n\n\n\n<p><strong>Parceria:<\/strong> O comunicador Lula Guedes, que representou o deputado federal F\u00e1bio Ramalho no evento, disse que o deputado n\u00e3o p\u00f4de estar presente \u00e0 solenidade por ter uma agenda naquela mesma tarde com o ministro da Sa\u00fade, Eduardo Pazuello, quando vai pleitear verbas e recursos para a sa\u00fade p\u00fablica de Te\u00f3filo Otoni. Lula, que tamb\u00e9m \u00e9 parceiro da ACE em eventos art\u00edstico-culturais, elogiou a integridade da ACE em tudo o que faz.<\/p>\n\n\n\n<figure class=\"wp-block-image size-large is-resized\"><img loading=\"lazy\" decoding=\"async\" src=\"https:\/\/diariotribuna.com.br\/wp-content\/uploads\/2021\/03\/4-ACE-prestando-homenagem-ao-presidente-da-Camara-Fabio-Lemes-2.jpg\" alt=\"\" class=\"wp-image-8610\" width=\"492\" height=\"344\" srcset=\"https:\/\/diariotribuna.com.br\/wp-content\/uploads\/2021\/03\/4-ACE-prestando-homenagem-ao-presidente-da-Camara-Fabio-Lemes-2.jpg 700w, https:\/\/diariotribuna.com.br\/wp-content\/uploads\/2021\/03\/4-ACE-prestando-homenagem-ao-presidente-da-Camara-Fabio-Lemes-2-300x210.jpg 300w, https:\/\/diariotribuna.com.br\/wp-content\/uploads\/2021\/03\/4-ACE-prestando-homenagem-ao-presidente-da-Camara-Fabio-Lemes-2-100x70.jpg 100w, https:\/\/diariotribuna.com.br\/wp-content\/uploads\/2021\/03\/4-ACE-prestando-homenagem-ao-presidente-da-Camara-Fabio-Lemes-2-696x486.jpg 696w, https:\/\/diariotribuna.com.br\/wp-content\/uploads\/2021\/03\/4-ACE-prestando-homenagem-ao-presidente-da-Camara-Fabio-Lemes-2-601x420.jpg 601w\" sizes=\"(max-width: 492px) 100vw, 492px\" \/><figcaption><strong>ACE prestando homenagem ao presidente da C\u00e2mara F\u00e1bio Lemes<\/strong><\/figcaption><\/figure>\n\n\n\n<p><strong>Homenagens &#8211;<\/strong> O presidente da ACE ofereceu um certificado de Reconhecimento ao M\u00e9rito ao presidente da C\u00e2mara Municipal de Te\u00f3filo Otoni, vereador F\u00e1bio Lemes, que, em 2018, foi o autor da lei que incluiu a EXPONOR, hoje o maior evento empresarial de todo o Nordeste Mineiro, e que \u00e9 realizada pela ACE, no calend\u00e1rio oficial de eventos da cidade. F\u00e1bio elogiou o trabalho da ACE e fez alguns importantes coment\u00e1rios sobre a import\u00e2ncia de uma agenda econ\u00f4mica efetiva para o desenvolvimento da cidade.<\/p>\n\n\n\n<p><strong>Dia Internacional das Mulheres<\/strong> \u2013 Sendo a solenidade realizada no Dia Internacional da Mulher, o presidente da Associa\u00e7\u00e3o Comercial, Ricardo Bastos, fez quest\u00e3o de estender uma homenagem a todas as mulheres presentes. A assessora jur\u00eddica da ACE, dra. Diviany Ledo, fez quest\u00e3o de se pronunciar como mulher e em nome de toda a equipe da ACE e agradecendo ao ambiente altamente \u00e9tico e profissional da ACE, o que torna o lugar um \u00f3timo ambiente para se trabalhar. Ap\u00f3s a solenidade, todos os presentes foram convidados a participarem do caf\u00e9 empresarial.<\/p>\n\n\n\n<figure class=\"wp-block-image size-large is-resized\"><img loading=\"lazy\" decoding=\"async\" src=\"https:\/\/diariotribuna.com.br\/wp-content\/uploads\/2021\/03\/1deec8fd-5e37-4394-9f94-c4700a520ee9-1.jpg\" alt=\"\" class=\"wp-image-8612\" width=\"437\" height=\"569\" srcset=\"https:\/\/diariotribuna.com.br\/wp-content\/uploads\/2021\/03\/1deec8fd-5e37-4394-9f94-c4700a520ee9-1.jpg 600w, https:\/\/diariotribuna.com.br\/wp-content\/uploads\/2021\/03\/1deec8fd-5e37-4394-9f94-c4700a520ee9-1-230x300.jpg 230w, https:\/\/diariotribuna.com.br\/wp-content\/uploads\/2021\/03\/1deec8fd-5e37-4394-9f94-c4700a520ee9-1-322x420.jpg 322w\" sizes=\"(max-width: 437px) 100vw, 437px\" \/><\/figure>\n\n\n\n<p><strong>O presidente da Associa\u00e7\u00e3o Comercial e Empresarial de Te\u00f3filo Otoni (ACE-TO), empres\u00e1rio Ricardo Bastos Peres<\/strong> concedeu entrevista ao Di\u00e1rio Tribuna e explica que desejava uma festa com jantar, m\u00fasica, muitas homenagens aos ex-presidentes, \u00e0s pessoas que fizeram a diferen\u00e7a e deixaram suas marcas de trabalho na Associa\u00e7\u00e3o Comercial, mas \u00e9 preciso respeitar o momento da pandemia. Ele destaca que aproveita o momento para iniciar um novo mandato na presid\u00eancia da ACE-TO junto com sua diretoria, e nesta data aproveitou para homenagear as mulheres pelo seu dia, 8 de Mar\u00e7o.<\/p>\n\n\n\n<p>\u201cE mostrar nessa nova gest\u00e3o uma bandeira nossa, uma bandeira do social. N\u00f3s estamos trazendo diversos cursos, desde cursos de forma\u00e7\u00e3o de um almoxarife, de um RH, de uma empresa, curso que a ACE est\u00e1 planejando, at\u00e9 cursos mais tecnol\u00f3gicos para pessoas que tenham dificuldade financeira, e a ACE vai apoiar. Podem procurar a Associa\u00e7\u00e3o Comercial, entrar no site e ver, s\u00e3o mais de 40 cursos pra que a gente possa ajudar na forma\u00e7\u00e3o de m\u00e3o de obra\u201d, disse.<\/p>\n\n\n\n<p>Ricardo Bastos ressalta que agora tem uma nova bandeira e j\u00e1 vinha trabalhando ela. Afirma que quer uma bandeira para desenvolvimento industrial, apoiar o Distrito Industrial, mas \u00e9 preciso mais do que isso, \u00e9 preciso incentivo, unir os pol\u00edticos e os empres\u00e1rios em prol de um desenvolvimento com incentivos fiscais. Citou como exemplo, a cidade de Nova Serrana, as ind\u00fastrias estavam quebrando e agora tem o ICMS de 2%. \u201cL\u00e1 n\u00e3o \u00e9 cidade de fronteira, e existe um projeto no Estado de Minas que pode ter ICMS de fronteira. Te\u00f3filo Otoni est\u00e1 perto, divisa com o Esp\u00edrito Santo, com a Bahia, estados que promovem o incentivo\u201d, destacou.<\/p>\n\n\n\n<p>\u201cH\u00e1 exemplo de Extrema que est\u00e1 na divisa de Minas quase com S\u00e3o Paulo, l\u00e1 ICMS \u00e9 de 2%. Est\u00e3o se aportando nas ind\u00fastrias de outras cidades de Minas, mas de outros estados tamb\u00e9m. Isso \u00e9 poss\u00edvel em Te\u00f3filo Otoni. N\u00f3s precisamos buscar incentivos, tanto na \u00e1rea federal, quanto nas \u00e1reas estadual e municipal. Essa \u00e9 uma das nossas bandeiras que foi muito debatida aqui, n\u00f3s precisamos acreditar, n\u00f3s podemos mudar isso, porque hoje n\u00f3s comemoramos 80 anos de uma entidade que nasceu durante uma crise, que nasceu num per\u00edodo de interven\u00e7\u00e3o militar. Sabemos da import\u00e2ncia da ACE, e junto com os empres\u00e1rios, com a classe pol\u00edtica, com as pessoas interessadas no desenvolvimento\u201d.<\/p>\n\n\n\n<p>O presidente da ACE destacou a presen\u00e7a do vice-prefeito, dr. \u00c9der Detrez na solenidade, tamb\u00e9m do presidente da C\u00e2mara Municipal, vereador F\u00e1bio Lemes, frisando que \u00e9 amigo incans\u00e1vel da ACE, que tem ajudado e vai trabalhar junto em cima desse projeto de desenvolvimento industrial. E os outros ex- -presidentes, porque, hoje ele est\u00e1 presidente.<\/p>\n\n\n\n<p>Iniciando a solenidade de comemora\u00e7\u00e3o dos 80 anos da ACE-TO, foi inaugurada a galeria dos ex-presidentes, desde a sua funda\u00e7\u00e3o com Rachid Salom\u00e3o Handeri. Ricardo ressalta que cada um plantou a sua semente, cada um colocou o seu tijolo na constru\u00e7\u00e3o. \u201cE \u00e9 isso que n\u00f3s queremos construir uma Te\u00f3filo Otoni melhor. Queremos construir uma cidade de oportunidade para nossos filhos, para os nossos netos, e continuar acreditando que vamos voltar a ser a 5\u00aa cidade do Estado como j\u00e1 fomos no passado\u201d.<\/p>\n\n\n\n<p>S\u00e3o 80 anos de muito trabalho, de muita luta para chegar ao reconhecimento e respeito que tem hoje a ACE-TO, muita luta que come\u00e7ou com os demais presidentes. \u201cEu entrei aqui em 1\u00ba de abril de 2011, vou fazer 10 anos \u00e0 frente da Associa\u00e7\u00e3o Comercial, e um dos grandes desafios falados aqui como \u00e9 o Dia da Mulher, n\u00f3s queremos ver uma mulher assumir a presid\u00eancia dessa entidade de classe na pr\u00f3xima gest\u00e3o, para que continue trabalhando, mostrando a for\u00e7a da mulher\u201d.<\/p>\n\n\n\n<p>Destacou a presen\u00e7a da secret\u00e1ria de Desenvolvimento da Economia Solid\u00e1ria, Joana Louback e da assessora jur\u00eddica da ACE. \u201c\u00c9 uma pessoa que n\u00e3o mede esfor\u00e7os em prol do desenvolvimento, em prol de forma\u00e7\u00e3o da pessoa para que ela se torne cada dia melhor, e que se torne profissional. Tivemos aqui tamb\u00e9m a representante jur\u00eddica, dra. Diviany representando as mulheres, e com certeza, acreditamos em dias melhores para nossa cidade. Fica aqui o nosso agradecimento a todos\u201d.<\/p>\n\n\n\n<p>Em tempo de pandemia muitas institui\u00e7\u00f5es vem enfrentando s\u00e9rios problemas de ordens diversas, mas, a crise se enfrenta com trabalho, e Ricardo ressalta que a ACE junto com outras entidades tem trabalhado muito contra a pandemia. \u201cN\u00f3s adquirimos o pulverizador que continua at\u00e9 hoje sanitizando a cidade, tentando diminuir o \u00edndice da Covid. Temos feito um trabalho distribuindo m\u00e1scaras, \u00e1lcool, um trabalho de consci\u00eancia junto aos empres\u00e1rios para que eles cuidem bem dos seus funcion\u00e1rios, cuidem bem das suas lojas. Isso \u00e9 um trabalho incans\u00e1vel. Que tem dificuldades, tem, mas n\u00f3s temos oportunidade e vamos melhorar a nossa cidade, o Brasil e o mundo\u201d. (<strong>Fotos da Galeria de Presidentes:<\/strong> MBG Marketing e Comunica\u00e7\u00e3o. <strong>Fotos do evento:<\/strong> Di\u00e1rio Tribuna. <strong>Textos:<\/strong> Di\u00e1rio Tribuna e David Jr.)<\/p>\n\n\n\n<figure class=\"wp-block-gallery columns-3 is-cropped wp-block-gallery-3 is-layout-flex wp-block-gallery-is-layout-flex\"><ul class=\"blocks-gallery-grid\"><li class=\"blocks-gallery-item\"><figure><img loading=\"lazy\" decoding=\"async\" width=\"700\" height=\"463\" src=\"https:\/\/diariotribuna.com.br\/wp-content\/uploads\/2021\/03\/12.jpg\" alt=\"\" data-id=\"8613\" data-link=\"https:\/\/diariotribuna.com.br\/?attachment_id=8613\" class=\"wp-image-8613\" srcset=\"https:\/\/diariotribuna.com.br\/wp-content\/uploads\/2021\/03\/12.jpg 700w, https:\/\/diariotribuna.com.br\/wp-content\/uploads\/2021\/03\/12-300x198.jpg 300w, https:\/\/diariotribuna.com.br\/wp-content\/uploads\/2021\/03\/12-696x460.jpg 696w, https:\/\/diariotribuna.com.br\/wp-content\/uploads\/2021\/03\/12-635x420.jpg 635w\" sizes=\"(max-width: 700px) 100vw, 700px\" \/><\/figure><\/li><li class=\"blocks-gallery-item\"><figure><img loading=\"lazy\" decoding=\"async\" width=\"1024\" height=\"678\" src=\"https:\/\/diariotribuna.com.br\/wp-content\/uploads\/2021\/03\/6-Faca-do-ex-presidente-Jary-Soares-de-Mendonca-Filho-1024x678.jpg\" alt=\"\" data-id=\"8616\" data-full-url=\"https:\/\/diariotribuna.com.br\/wp-content\/uploads\/2021\/03\/6-Faca-do-ex-presidente-Jary-Soares-de-Mendonca-Filho.jpg\" data-link=\"https:\/\/diariotribuna.com.br\/?attachment_id=8616\" class=\"wp-image-8616\" srcset=\"https:\/\/diariotribuna.com.br\/wp-content\/uploads\/2021\/03\/6-Faca-do-ex-presidente-Jary-Soares-de-Mendonca-Filho-1024x678.jpg 1024w, https:\/\/diariotribuna.com.br\/wp-content\/uploads\/2021\/03\/6-Faca-do-ex-presidente-Jary-Soares-de-Mendonca-Filho-300x199.jpg 300w, https:\/\/diariotribuna.com.br\/wp-content\/uploads\/2021\/03\/6-Faca-do-ex-presidente-Jary-Soares-de-Mendonca-Filho-768x508.jpg 768w, https:\/\/diariotribuna.com.br\/wp-content\/uploads\/2021\/03\/6-Faca-do-ex-presidente-Jary-Soares-de-Mendonca-Filho-696x461.jpg 696w, https:\/\/diariotribuna.com.br\/wp-content\/uploads\/2021\/03\/6-Faca-do-ex-presidente-Jary-Soares-de-Mendonca-Filho-1068x707.jpg 1068w, https:\/\/diariotribuna.com.br\/wp-content\/uploads\/2021\/03\/6-Faca-do-ex-presidente-Jary-Soares-de-Mendonca-Filho-634x420.jpg 634w, https:\/\/diariotribuna.com.br\/wp-content\/uploads\/2021\/03\/6-Faca-do-ex-presidente-Jary-Soares-de-Mendonca-Filho.jpg 1240w\" sizes=\"(max-width: 1024px) 100vw, 1024px\" \/><\/figure><\/li><li class=\"blocks-gallery-item\"><figure><img loading=\"lazy\" decoding=\"async\" width=\"700\" height=\"463\" src=\"https:\/\/diariotribuna.com.br\/wp-content\/uploads\/2021\/03\/14-Presidente-da-ACE-Rivardo-Bastos-e-colaboradores-da-entidade.jpg\" alt=\"\" data-id=\"8615\" data-link=\"https:\/\/diariotribuna.com.br\/?attachment_id=8615\" class=\"wp-image-8615\" srcset=\"https:\/\/diariotribuna.com.br\/wp-content\/uploads\/2021\/03\/14-Presidente-da-ACE-Rivardo-Bastos-e-colaboradores-da-entidade.jpg 700w, https:\/\/diariotribuna.com.br\/wp-content\/uploads\/2021\/03\/14-Presidente-da-ACE-Rivardo-Bastos-e-colaboradores-da-entidade-300x198.jpg 300w, https:\/\/diariotribuna.com.br\/wp-content\/uploads\/2021\/03\/14-Presidente-da-ACE-Rivardo-Bastos-e-colaboradores-da-entidade-696x460.jpg 696w, https:\/\/diariotribuna.com.br\/wp-content\/uploads\/2021\/03\/14-Presidente-da-ACE-Rivardo-Bastos-e-colaboradores-da-entidade-635x420.jpg 635w\" sizes=\"(max-width: 700px) 100vw, 700px\" \/><\/figure><\/li><\/ul><\/figure>\n","protected":false},"excerpt":{"rendered":"<p>No s\u00e1bado (27\/02\/21), a Associa\u00e7\u00e3o Comercial e Empresarial de Te\u00f3filo Otoni (ACE-TO) comemorou 80 anos de exist\u00eancia. A entidade foi fundada em 1941 e est\u00e1 comemorando o seu Jubileu de Carvalho. A diretoria da ACE preparou ao longo dos \u00faltimos dois anos uma s\u00e9rie de eventos e programas comemorativos para celebrar a data, mas, em [&hellip;]<\/p>\n","protected":false},"author":1,"featured_media":8602,"comment_status":"open","ping_status":"open","sticky":false,"template":"","format":"standard","meta":{"rop_custom_images_group":[],"rop_custom_messages_group":[],"rop_publish_now":"initial","rop_publish_now_accounts":[],"rop_publish_now_history":[],"rop_publish_now_status":"pending","footnotes":""},"categories":[17],"tags":[1281,2599,2786,70,75],"class_list":["post-8601","post","type-post","status-publish","format-standard","has-post-thumbnail","hentry","category-teofilootoni","tag-1281","tag-80-anos","tag-ace-to","tag-minas-gerais","tag-teofilo-otoni"],"_links":{"self":[{"href":"https:\/\/diariotribuna.com.br\/index.php?rest_route=\/wp\/v2\/posts\/8601"}],"collection":[{"href":"https:\/\/diariotribuna.com.br\/index.php?rest_route=\/wp\/v2\/posts"}],"about":[{"href":"https:\/\/diariotribuna.com.br\/index.php?rest_route=\/wp\/v2\/types\/post"}],"author":[{"embeddable":true,"href":"https:\/\/diariotribuna.com.br\/index.php?rest_route=\/wp\/v2\/users\/1"}],"replies":[{"embeddable":true,"href":"https:\/\/diariotribuna.com.br\/index.php?rest_route=%2Fwp%2Fv2%2Fcomments&post=8601"}],"version-history":[{"count":4,"href":"https:\/\/diariotribuna.com.br\/index.php?rest_route=\/wp\/v2\/posts\/8601\/revisions"}],"predecessor-version":[{"id":8621,"href":"https:\/\/diariotribuna.com.br\/index.php?rest_route=\/wp\/v2\/posts\/8601\/revisions\/8621"}],"wp:featuredmedia":[{"embeddable":true,"href":"https:\/\/diariotribuna.com.br\/index.php?rest_route=\/wp\/v2\/media\/8602"}],"wp:attachment":[{"href":"https:\/\/diariotribuna.com.br\/index.php?rest_route=%2Fwp%2Fv2%2Fmedia&parent=8601"}],"wp:term":[{"taxonomy":"category","embeddable":true,"href":"https:\/\/diariotribuna.com.br\/index.php?rest_route=%2Fwp%2Fv2%2Fcategories&post=8601"},{"taxonomy":"post_tag","embeddable":true,"href":"https:\/\/diariotribuna.com.br\/index.php?rest_route=%2Fwp%2Fv2%2Ftags&post=8601"}],"curies":[{"name":"wp","href":"https:\/\/api.w.org\/{rel}","templated":true}]}}