{"id":8630,"date":"2021-03-15T21:20:01","date_gmt":"2021-03-16T00:20:01","guid":{"rendered":"https:\/\/diariotribuna.com.br\/?p=8630"},"modified":"2021-03-15T21:20:03","modified_gmt":"2021-03-16T00:20:03","slug":"governador-romeu-zema-anuncia-onda-roxa-em-todo-o-estado","status":"publish","type":"post","link":"https:\/\/diariotribuna.com.br\/?p=8630","title":{"rendered":"Governador Romeu Zema anuncia onda roxa em todo o estado"},"content":{"rendered":"\n<p><strong>Medida foi comunicada a prefeitos e representantes de cons\u00f3rcios municipais durante reuni\u00e3o nesta segunda-feira (15\/3)<\/strong><\/p>\n\n\n\n<figure class=\"wp-block-image size-large is-resized\"><img loading=\"lazy\" decoding=\"async\" src=\"https:\/\/diariotribuna.com.br\/wp-content\/uploads\/2021\/03\/MG_2969.jpg\" alt=\"\" class=\"wp-image-8631\" width=\"538\" height=\"219\" srcset=\"https:\/\/diariotribuna.com.br\/wp-content\/uploads\/2021\/03\/MG_2969.jpg 700w, https:\/\/diariotribuna.com.br\/wp-content\/uploads\/2021\/03\/MG_2969-300x122.jpg 300w, https:\/\/diariotribuna.com.br\/wp-content\/uploads\/2021\/03\/MG_2969-696x285.jpg 696w\" sizes=\"(max-width: 538px) 100vw, 538px\" \/><\/figure>\n\n\n\n<p>O governador Romeu Zema anunciou, na noite desta segunda-feira (15\/3), que a partir desta quarta-feira (17\/3), todas as regi\u00f5es de Minas Gerais entrar\u00e3o na onda roxa, para conter a dissemina\u00e7\u00e3o da covid-19. A princ\u00edpio, a medida ter\u00e1 validade por 15 dias.<\/p>\n\n\n\n<p>A decis\u00e3o foi comunicada durante reuni\u00e3o com prefeitos e representantes de cons\u00f3rcios municipais de sa\u00fade, em que foi relatado o agravamento da situa\u00e7\u00e3o em todas as macrorregi\u00f5es do Estado. <strong><em>Zema afirmou que a situa\u00e7\u00e3o atual \u00e9 a mais grave desde o in\u00edcio da pandemia, em que os hospitais est\u00e3o no limite de leitos dispon\u00edveis e muitas pessoas n\u00e3o est\u00e3o respeitando as medidas de isolamento<\/em><\/strong>.<\/p>\n\n\n\n<p><em>\u201c\u00c9 uma medida dura, mas extremamente necess\u00e1ria neste momento para evitar um cen\u00e1rio pior do que j\u00e1 estamos vivendo. Fa\u00e7o um apelo a todos os mineiros: precisamos manter as medidas de prote\u00e7\u00e3o e distanciamento social. N\u00e3o vamos deixar que o cansa\u00e7o nos ven\u00e7a. Por favor, respeite e colabore para que possamos vencer essa guerra\u201d<\/em>, afirmou Romeu Zema, em v\u00eddeo divulgado nas redes sociais ap\u00f3s a reuni\u00e3o.<\/p>\n\n\n\n<p>A decis\u00e3o de estender a onda roxa para todo o Estado foi tomada, segundo o governador, ap\u00f3s ouvir os especialistas em sa\u00fade e o comit\u00ea de enfrentamento \u00e0 covid-19, sobre a necessidade de adotar medidas mais restritivas e obrigat\u00f3rias.<\/p>\n\n\n\n<p>\u201cAs filas nos hospitais s\u00f3 t\u00eam aumentado. Sabemos que a solu\u00e7\u00e3o definitiva para esse cen\u00e1rio \u00e9 a vacina\u00e7\u00e3o. Ela est\u00e1 mais r\u00e1pida, mas ainda \u00e9 insuficiente para garantir a queda na busca por atendimento m\u00e9dico. Por isso, n\u00e3o nos resta op\u00e7\u00e3o a n\u00e3o ser adotar medidas mais restritivas. \u00c9 uma quest\u00e3o humanit\u00e1ria, para n\u00e3o assistirmos cenas de horror\u201d, disse Zema aos prefeitos.<\/p>\n\n\n\n<p><strong>Os prefeitos que participaram da reuni\u00e3o manifestaram apoio \u00e0 decis\u00e3o anunciada pelo governador.<\/strong><\/p>\n\n\n\n<p><strong>Medidas restritivas<\/strong> &#8211; O novo secret\u00e1rio de Estado de Sa\u00fade, F\u00e1bio Baccheretti, tamb\u00e9m participou da reuni\u00e3o com os prefeitos e refor\u00e7ou a import\u00e2ncia das medidas restritivas que est\u00e3o sendo anunciadas.<\/p>\n\n\n\n<p>\u201cNos \u00faltimos tr\u00eas dias o n\u00famero de pacientes retidos aguardando vagas, especialmente em terapia intensiva aumentou de forma exponencial. Diferente de todo o cen\u00e1rio vivido nos \u00faltimos 12 meses, desde o in\u00edcio da pandemia, a gente desta vez vive um cen\u00e1rio \u00fanico, que \u00e9 todo o Estado sofrendo muito ao mesmo tempo com a pandemia. A Secretaria da Sa\u00fade fez uma grande expans\u00e3o de leitos, os munic\u00edpios tamb\u00e9m fizeram, mas chegamos num momento de limite operacional\u201d, disse o secret\u00e1rio.<\/p>\n\n\n\n<p><strong>Amplia\u00e7\u00e3o de leitos<\/strong> &#8211; F\u00e1bio Baccheretti relatou que a Secretaria de Sa\u00fade est\u00e1 trabalhando por mais expans\u00e3o de leitos. \u201cEstamos utilizando todos os recursos poss\u00edveis. Os hospitais da Fhemig est\u00e3o adaptando blocos cir\u00fargicos, pronto-atendimento, para vivarem leitos de CTI. Faremos remanejamento de equipamentos, para que os munic\u00edpios consigam durante essas pr\u00f3ximas semanas ampliar leitos\u201d, afirmou.<\/p>\n\n\n\n<p>Desde mar\u00e7o do ano passado, o Governo de Minas tem feito todos os esfor\u00e7os para aumentar a capacidade assistencial do estado, como ressaltou o governador Romeu Zema.<\/p>\n\n\n\n<p>\u201cAumentamos de 2 mil para 4 mil o n\u00famero de leitos de UTI, de 10 mil para 20 mil os leitos de enfermaria, compramos respiradores, ampliamos o n\u00famero de profissionais de sa\u00fade, e nos preparamos para a maior opera\u00e7\u00e3o de vacina\u00e7\u00e3o da hist\u00f3ria de Minas, que est\u00e1 em andamento. Mas mesmo assim chegamos agora no momento mais dif\u00edcil\u201d, disse.<\/p>\n\n\n\n<p><strong>Fiscaliza\u00e7\u00e3o<\/strong> &#8211; Tamb\u00e9m presente na reuni\u00e3o desta segunda-feira, o comandante-geral da Pol\u00edcia Militar de Minas Gerais, coronel Rodrigo Rodrigues, disse que a corpora\u00e7\u00e3o vai atuar de forma ainda mais integrada com as guardas municipais para garantir que as recomenda\u00e7\u00f5es previstas para a onda roxa sejam cumpridas nos munic\u00edpios.<\/p>\n\n\n\n<p>\u201cVamos refor\u00e7ar os nossos turnos, principalmente nos hor\u00e1rios de 15h \u00e0s 23h e 23h at\u00e9 as 6h, para evitar a circula\u00e7\u00e3o. Onde n\u00e3o h\u00e1 guardas municipais, a pr\u00f3pria Pol\u00edcia Militar est\u00e1 sendo orientada para dar esse apoio aos munic\u00edpios. Principalmente em rela\u00e7\u00e3o a aglomera\u00e7\u00f5es em s\u00edtios, pessoas fazendo churrasco. Vamos atuar efetivamente, como foi feito durante o Carnaval\u201d, explicou.<\/p>\n\n\n\n<p><strong>Onda roxa<\/strong> &#8211; Conforme\u00a0<a rel=\"noreferrer noopener\" href=\"http:\/\/www.pesquisalegislativa.mg.gov.br\/LegislacaoCompleta.aspx?cod=194797&amp;marc=\" target=\"_blank\">Delibera\u00e7\u00e3o n\u00ba 130, de 3 de mar\u00e7o de 2021, do Comit\u00ea Extraordin\u00e1rio Covid-19<\/a>, durante a vig\u00eancia da onda roxa, somente poder\u00e3o funcionar as seguintes atividades e servi\u00e7os, e seus respectivos sistemas log\u00edsticos de opera\u00e7\u00e3o e cadeia de abastecimento e fornecimento.<\/p>\n\n\n\n<p>I \u2013 setor de sa\u00fade, incluindo unidades hospitalares e de atendimento e consult\u00f3rios;<br>II \u2013 ind\u00fastria, log\u00edstica de montagem e de distribui\u00e7\u00e3o, e com\u00e9rcio de f\u00e1rmacos, farm\u00e1cias, drogarias, \u00f3ticas, materiais cl\u00ednicos e hospitalares;<br>III \u2013 hipermercados, supermercados, mercados, a\u00e7ougues, peixarias, hortifrutigranjeiros, padarias, quitandas, centros de abastecimento de alimentos, lojas de conveni\u00eancia, lanchonetes, de \u00e1gua mineral e de alimentos para animais;<br>IV \u2013 produ\u00e7\u00e3o, distribui\u00e7\u00e3o e comercializa\u00e7\u00e3o de combust\u00edveis e derivados;<br>V \u2013 distribuidoras de g\u00e1s;<br>VI \u2013 oficinas mec\u00e2nicas, borracharias, autope\u00e7as, concession\u00e1rias e revendedoras de ve\u00edculos automotores de qualquer natureza, inclusive as de m\u00e1quinas agr\u00edcolas e afins;<br>VII \u2013 restaurantes em pontos ou postos de paradas nas rodovias;<br>VIII \u2013 ag\u00eancias banc\u00e1rias e similares;<br>IX \u2013 cadeia industrial de alimentos;<br>X \u2013 agrossilvipastoris e agroindustriais;<br>XI \u2013 telecomunica\u00e7\u00e3o, internet, imprensa, tecnologia da informa\u00e7\u00e3o e processamento de dados, tais como gest\u00e3o, desenvolvimento, suporte e manuten\u00e7\u00e3o de hardware, software, hospedagem e conectividade;<br>XII \u2013 constru\u00e7\u00e3o civil;<br>XIII \u2013 setores industriais, desde que relacionados \u00e0 cadeia produtiva de servi\u00e7os e produtos essenciais;<br>XIV \u2013 lavanderias;<br>XV \u2013 assist\u00eancia veterin\u00e1ria e pet shops;<br>XVI \u2013 transporte e entrega de cargas em geral;<br>XVII \u2013 call center;<br>XVIII \u2013 loca\u00e7\u00e3o de ve\u00edculos de qualquer natureza, inclusive a de m\u00e1quinas agr\u00edcolas e afins;<br>XIX \u2013 assist\u00eancia t\u00e9cnica em m\u00e1quinas, equipamentos, instala\u00e7\u00f5es, edifica\u00e7\u00f5es e atividades correlatas, tais como a de eletricista e bombeiro hidr\u00e1ulico;<br>XX \u2013 controle de pragas e de desinfec\u00e7\u00e3o de ambientes;<br>XXI \u2013 atendimento e atua\u00e7\u00e3o em emerg\u00eancias ambientais;<br>XXII \u2013 com\u00e9rcio atacadista e varejista de insumos para confec\u00e7\u00e3o de equipamentos de prote\u00e7\u00e3o individual \u2013 EPI e cl\u00ednico-hospitalares, tais como tecidos, artefatos de tecidos e aviamento;<br>XXIII \u2013 de representa\u00e7\u00e3o judicial e extrajudicial, assessoria e consultoria jur\u00eddicas;<br>XXIV \u2013 relacionados \u00e0 contabilidade;<br>XXV \u2013 servi\u00e7os dom\u00e9sticos e de cuidadores e terapeutas;<br>XXVI \u2013 hotelaria, hospedagem, pousadas, mot\u00e9is e cong\u00eaneres para uso de trabalhadores de servi\u00e7os essenciais, como resid\u00eancia ou local para isolamento em caso de suspeita ou confirma\u00e7\u00e3o de covid-19;<br>XXVII \u2013 atividades de ensino presencial referentes ao \u00faltimo per\u00edodo ou semestre dos cursos da \u00e1rea de sa\u00fade;<br>XXVIII \u2013 transporte privado individual de passageiros, solicitado por aplicativos ou outras plataformas de comunica\u00e7\u00e3o em rede.<\/p>\n\n\n\n<p><strong>As atividades e servi\u00e7os essenciais acima dever\u00e3o seguir o\u00a0protocolo\u00a0sanit\u00e1rio\u00a0previstos pelo plano\u00a0<a rel=\"noreferrer noopener\" href=\"http:\/\/www.mg.gov.br\/minasconsciente\" target=\"_blank\">Minas Consciente<\/a>\u00a0e priorizar o funcionamento interno e a presta\u00e7\u00e3o dos servi\u00e7os na modalidade remota e por entrega de produtos.<\/strong><\/p>\n\n\n\n<p>As atividades de operacionaliza\u00e7\u00e3o interna dos estabelecimentos comerciais e as atividades comerciais que se realizarem por meio de aplicativos, internet, telefone ou outros instrumentos similares, e de entrega de mercadorias em domic\u00edlio ou de retirada em balc\u00e3o, vedado o consumo no pr\u00f3prio estabelecimento, est\u00e3o permitidas, desde que respeitados o protocolo citado acima.<\/p>\n\n\n\n<figure class=\"wp-block-image size-large is-resized\"><img loading=\"lazy\" decoding=\"async\" src=\"https:\/\/diariotribuna.com.br\/wp-content\/uploads\/2021\/03\/56a26d2b-53e5-4fa9-8df8-3b423dae8dd3.jpg\" alt=\"\" class=\"wp-image-8632\" width=\"523\" height=\"403\" srcset=\"https:\/\/diariotribuna.com.br\/wp-content\/uploads\/2021\/03\/56a26d2b-53e5-4fa9-8df8-3b423dae8dd3.jpg 700w, https:\/\/diariotribuna.com.br\/wp-content\/uploads\/2021\/03\/56a26d2b-53e5-4fa9-8df8-3b423dae8dd3-300x231.jpg 300w, https:\/\/diariotribuna.com.br\/wp-content\/uploads\/2021\/03\/56a26d2b-53e5-4fa9-8df8-3b423dae8dd3-696x537.jpg 696w, https:\/\/diariotribuna.com.br\/wp-content\/uploads\/2021\/03\/56a26d2b-53e5-4fa9-8df8-3b423dae8dd3-544x420.jpg 544w\" sizes=\"(max-width: 523px) 100vw, 523px\" \/><\/figure>\n\n\n\n<p><strong>(Ag\u00eancia Minas)<\/strong><\/p>\n","protected":false},"excerpt":{"rendered":"<p>Medida foi comunicada a prefeitos e representantes de cons\u00f3rcios municipais durante reuni\u00e3o nesta segunda-feira (15\/3) O governador Romeu Zema anunciou, na noite desta segunda-feira (15\/3), que a partir desta quarta-feira (17\/3), todas as regi\u00f5es de Minas Gerais entrar\u00e3o na onda roxa, para conter a dissemina\u00e7\u00e3o da covid-19. A princ\u00edpio, a medida ter\u00e1 validade por 15 [&hellip;]<\/p>\n","protected":false},"author":1,"featured_media":8631,"comment_status":"open","ping_status":"open","sticky":false,"template":"","format":"standard","meta":{"rop_custom_images_group":[],"rop_custom_messages_group":[],"rop_publish_now":"initial","rop_publish_now_accounts":[],"rop_publish_now_history":[],"rop_publish_now_status":"pending","footnotes":""},"categories":[192],"tags":[65,70,2711],"class_list":["post-8630","post","type-post","status-publish","format-standard","has-post-thumbnail","hentry","category-covid19","tag-covid","tag-minas-gerais","tag-onda-roxa"],"_links":{"self":[{"href":"https:\/\/diariotribuna.com.br\/index.php?rest_route=\/wp\/v2\/posts\/8630"}],"collection":[{"href":"https:\/\/diariotribuna.com.br\/index.php?rest_route=\/wp\/v2\/posts"}],"about":[{"href":"https:\/\/diariotribuna.com.br\/index.php?rest_route=\/wp\/v2\/types\/post"}],"author":[{"embeddable":true,"href":"https:\/\/diariotribuna.com.br\/index.php?rest_route=\/wp\/v2\/users\/1"}],"replies":[{"embeddable":true,"href":"https:\/\/diariotribuna.com.br\/index.php?rest_route=%2Fwp%2Fv2%2Fcomments&post=8630"}],"version-history":[{"count":1,"href":"https:\/\/diariotribuna.com.br\/index.php?rest_route=\/wp\/v2\/posts\/8630\/revisions"}],"predecessor-version":[{"id":8633,"href":"https:\/\/diariotribuna.com.br\/index.php?rest_route=\/wp\/v2\/posts\/8630\/revisions\/8633"}],"wp:featuredmedia":[{"embeddable":true,"href":"https:\/\/diariotribuna.com.br\/index.php?rest_route=\/wp\/v2\/media\/8631"}],"wp:attachment":[{"href":"https:\/\/diariotribuna.com.br\/index.php?rest_route=%2Fwp%2Fv2%2Fmedia&parent=8630"}],"wp:term":[{"taxonomy":"category","embeddable":true,"href":"https:\/\/diariotribuna.com.br\/index.php?rest_route=%2Fwp%2Fv2%2Fcategories&post=8630"},{"taxonomy":"post_tag","embeddable":true,"href":"https:\/\/diariotribuna.com.br\/index.php?rest_route=%2Fwp%2Fv2%2Ftags&post=8630"}],"curies":[{"name":"wp","href":"https:\/\/api.w.org\/{rel}","templated":true}]}}