{"id":8634,"date":"2021-03-15T23:14:12","date_gmt":"2021-03-16T02:14:12","guid":{"rendered":"https:\/\/diariotribuna.com.br\/?p=8634"},"modified":"2021-03-15T23:16:20","modified_gmt":"2021-03-16T02:16:20","slug":"bolsonaro-anuncia-marcelo-queiroga-como-novo-ministro-da-saude","status":"publish","type":"post","link":"https:\/\/diariotribuna.com.br\/?p=8634","title":{"rendered":"Bolsonaro anuncia Marcelo Queiroga como novo ministro da Sa\u00fade"},"content":{"rendered":"\n<p><strong>M\u00e9dico cardiologista substituir\u00e1 o general Eduardo Pazuello<\/strong><\/p>\n\n\n\n<figure class=\"wp-block-image size-large is-resized\"><img loading=\"lazy\" decoding=\"async\" src=\"https:\/\/diariotribuna.com.br\/wp-content\/uploads\/2021\/03\/35941643904_e10d0b86fb_o.jpg\" alt=\"\" class=\"wp-image-8635\" width=\"482\" height=\"331\" srcset=\"https:\/\/diariotribuna.com.br\/wp-content\/uploads\/2021\/03\/35941643904_e10d0b86fb_o.jpg 700w, https:\/\/diariotribuna.com.br\/wp-content\/uploads\/2021\/03\/35941643904_e10d0b86fb_o-300x206.jpg 300w, https:\/\/diariotribuna.com.br\/wp-content\/uploads\/2021\/03\/35941643904_e10d0b86fb_o-100x70.jpg 100w, https:\/\/diariotribuna.com.br\/wp-content\/uploads\/2021\/03\/35941643904_e10d0b86fb_o-218x150.jpg 218w, https:\/\/diariotribuna.com.br\/wp-content\/uploads\/2021\/03\/35941643904_e10d0b86fb_o-696x478.jpg 696w, https:\/\/diariotribuna.com.br\/wp-content\/uploads\/2021\/03\/35941643904_e10d0b86fb_o-611x420.jpg 611w\" sizes=\"(max-width: 482px) 100vw, 482px\" \/><\/figure>\n\n\n\n<p>O presidente Jair Bolsonaro anunciou na noite desta segunda-feira (15), nas redes sociais, ter acertado a nomea\u00e7\u00e3o do m\u00e9dico Marcelo Queiroga como ministro da Sa\u00fade. Os dois se reuniram ao longo da tarde no Pal\u00e1cio do Planalto para discutir a troca no comando da pasta. O an\u00fancio tamb\u00e9m foi feito pelo presidente durante conversa com apoiadores na porta do Pal\u00e1cio do Alvorada.<\/p>\n\n\n\n<p>&#8220;Foi decidido agora a tarde a indica\u00e7\u00e3o do m\u00e9dico Marcelo Queiroga para o Minist\u00e9rio da Sa\u00fade. Ele \u00e9 presidente da Sociedade Brasileira de Cardiologia. A conversa foi excelente, j\u00e1 o conhecia h\u00e1 alguns anos ent\u00e3o n\u00e3o \u00e9 uma pessoa que tomei conhecimento h\u00e1 poucos dias, e tem, no meu entender, tudo para fazer um bom trabalho dando prosseguimento em tudo que Pazuello fez at\u00e9 hoje&#8221;, afirmou Bolsonaro na conversa transmitida pelo\u00a0<em>site Foco do Brasil,\u00a0<\/em>mantido por apoiadores do presidente.<\/p>\n\n\n\n<p>Mais cedo, o ministro Eduardo Pazuello deu uma coletiva de imprensa para atualizar informa\u00e7\u00f5es sobre o combate \u00e0 pandemia de covid-19 e confirmou que o presidente mantinha tratativas para a sua<a rel=\"noreferrer noopener\" href=\"https:\/\/agenciabrasil.ebc.com.br\/saude\/noticia\/2021-03\/pazuello-tratativas-saude-vacinas\" target=\"_blank\">\u00a0substitui\u00e7\u00e3o na pasta<\/a>\u00a0.<\/p>\n\n\n\n<p>A nomea\u00e7\u00e3o de Queiroga ser\u00e1 publicada na edi\u00e7\u00e3o de amanh\u00e3 (16) do\u00a0<em>Di\u00e1rio Oficial da Uni\u00e3o<\/em>\u00a0e o processo de transi\u00e7\u00e3o no minist\u00e9rio deve durar entre uma e duas semanas, disse o presidente.<\/p>\n\n\n\n<p>Nas redes sociais, o ministro das Comunica\u00e7\u00f5es, F\u00e1bio Faria, tamb\u00e9m comentou a indica\u00e7\u00e3o de Queiroga, classificando o Minist\u00e9rio da Sa\u00fade como \u201cuma das pastas mais desafiadoras e relevantes\u201d do governo.<\/p>\n\n\n\n<h2 class=\"wp-block-heading\">Perfil<\/h2>\n\n\n\n<p>Marcelo Queiroga \u00e9 natural de Jo\u00e3o Pessoa e se formou em medicina pela Universidade Federal da Para\u00edba (UFPB). Ele fez especializa\u00e7\u00e3o em cardiologia no Hospital Adventista Silvestre, no Rio de Janeiro. Sua \u00e1rea de atua\u00e7\u00e3o \u00e9 em hemodin\u00e2mica e cardiologia intervencionista e atualmente Queiroga \u00e9 presidente da Sociedade Brasileira de Cardiologia.<\/p>\n\n\n\n<p><strong>Com a indica\u00e7\u00e3o, Queiroga ser\u00e1 o quarto ministro da Sa\u00fade desde o come\u00e7o da pandemia de Covid,<\/strong> h\u00e1 exatamente um ano. Passaram pela pasta, neste per\u00edodo, os m\u00e9dicos Luiz Henrique Mandetta e Nelson Teich, seguido depois pelo general Eduardo Pazuello, do Ex\u00e9rcito.<\/p>\n\n\n\n<p><strong>O principal desafio do novo ministro ser\u00e1<\/strong> acelerar o processo de vacina\u00e7\u00e3o em massa da popula\u00e7\u00e3o. At\u00e9 agora, o pa\u00eds vacinou cerca de 4,59% da popula\u00e7\u00e3o com a primeira dose de imunizantes, percentual que corresponde a 9,7 milh\u00f5es de pessoas. O Brasil acumula, at\u00e9 o momento, mais de<a rel=\"noreferrer noopener\" href=\"https:\/\/agenciabrasil.ebc.com.br\/saude\/noticia\/2021-03\/covid-19-brasil-tem-2792-mil-mortes-e-115-milhoes-de-casos\" target=\"_blank\">\u00a0279 mil mortes por covid-19<\/a>.<\/p>\n\n\n\n<p><strong>(Ag\u00eancia Brasil)<\/strong><\/p>\n","protected":false},"excerpt":{"rendered":"<p>M\u00e9dico cardiologista substituir\u00e1 o general Eduardo Pazuello O presidente Jair Bolsonaro anunciou na noite desta segunda-feira (15), nas redes sociais, ter acertado a nomea\u00e7\u00e3o do m\u00e9dico Marcelo Queiroga como ministro da Sa\u00fade. Os dois se reuniram ao longo da tarde no Pal\u00e1cio do Planalto para discutir a troca no comando da pasta. O an\u00fancio tamb\u00e9m [&hellip;]<\/p>\n","protected":false},"author":1,"featured_media":8635,"comment_status":"open","ping_status":"open","sticky":false,"template":"","format":"standard","meta":{"rop_custom_images_group":[],"rop_custom_messages_group":[],"rop_publish_now":"initial","rop_publish_now_accounts":[],"rop_publish_now_history":[],"rop_publish_now_status":"pending","footnotes":""},"categories":[21],"tags":[393,2790,1552],"class_list":["post-8634","post","type-post","status-publish","format-standard","has-post-thumbnail","hentry","category-politica","tag-brasil","tag-marcelo-queiroga","tag-ministro-da-saude"],"_links":{"self":[{"href":"https:\/\/diariotribuna.com.br\/index.php?rest_route=\/wp\/v2\/posts\/8634"}],"collection":[{"href":"https:\/\/diariotribuna.com.br\/index.php?rest_route=\/wp\/v2\/posts"}],"about":[{"href":"https:\/\/diariotribuna.com.br\/index.php?rest_route=\/wp\/v2\/types\/post"}],"author":[{"embeddable":true,"href":"https:\/\/diariotribuna.com.br\/index.php?rest_route=\/wp\/v2\/users\/1"}],"replies":[{"embeddable":true,"href":"https:\/\/diariotribuna.com.br\/index.php?rest_route=%2Fwp%2Fv2%2Fcomments&post=8634"}],"version-history":[{"count":3,"href":"https:\/\/diariotribuna.com.br\/index.php?rest_route=\/wp\/v2\/posts\/8634\/revisions"}],"predecessor-version":[{"id":8639,"href":"https:\/\/diariotribuna.com.br\/index.php?rest_route=\/wp\/v2\/posts\/8634\/revisions\/8639"}],"wp:featuredmedia":[{"embeddable":true,"href":"https:\/\/diariotribuna.com.br\/index.php?rest_route=\/wp\/v2\/media\/8635"}],"wp:attachment":[{"href":"https:\/\/diariotribuna.com.br\/index.php?rest_route=%2Fwp%2Fv2%2Fmedia&parent=8634"}],"wp:term":[{"taxonomy":"category","embeddable":true,"href":"https:\/\/diariotribuna.com.br\/index.php?rest_route=%2Fwp%2Fv2%2Fcategories&post=8634"},{"taxonomy":"post_tag","embeddable":true,"href":"https:\/\/diariotribuna.com.br\/index.php?rest_route=%2Fwp%2Fv2%2Ftags&post=8634"}],"curies":[{"name":"wp","href":"https:\/\/api.w.org\/{rel}","templated":true}]}}