{"id":8640,"date":"2021-03-15T23:39:23","date_gmt":"2021-03-16T02:39:23","guid":{"rendered":"https:\/\/diariotribuna.com.br\/?p=8640"},"modified":"2021-03-15T23:43:23","modified_gmt":"2021-03-16T02:43:23","slug":"associacao-medica-brasileira-lanca-comite-de-monitoramento-da-covid-19","status":"publish","type":"post","link":"https:\/\/diariotribuna.com.br\/?p=8640","title":{"rendered":"Associa\u00e7\u00e3o M\u00e9dica Brasileira lan\u00e7a comit\u00ea de monitoramento da covid-19"},"content":{"rendered":"\n<p><strong>Grupo fornecer\u00e1 informa\u00e7\u00f5es atualizadas enquanto durar a pandemia<\/strong><\/p>\n\n\n\n<figure class=\"wp-block-image size-large is-resized\"><img loading=\"lazy\" decoding=\"async\" src=\"https:\/\/diariotribuna.com.br\/wp-content\/uploads\/2021\/03\/Coronavirus_covid19_02.jpg\" alt=\"\" class=\"wp-image-8644\" width=\"456\" height=\"256\" srcset=\"https:\/\/diariotribuna.com.br\/wp-content\/uploads\/2021\/03\/Coronavirus_covid19_02.jpg 700w, https:\/\/diariotribuna.com.br\/wp-content\/uploads\/2021\/03\/Coronavirus_covid19_02-300x169.jpg 300w, https:\/\/diariotribuna.com.br\/wp-content\/uploads\/2021\/03\/Coronavirus_covid19_02-696x392.jpg 696w\" sizes=\"(max-width: 456px) 100vw, 456px\" \/><\/figure>\n\n\n\n<p>A Associa\u00e7\u00e3o M\u00e9dica Brasileira (AMB) e mais de 50 sociedades de especialidade m\u00e9dica lan\u00e7aram nesta segunda-feira (15) o Comit\u00ea Extraordin\u00e1rio de Monitoramento Covid-19. O objetivo do grupo \u00e9 monitorar a pandemia em todo o territ\u00f3rio nacional e as a\u00e7\u00f5es dos \u00f3rg\u00e3os respons\u00e1veis pela sa\u00fade p\u00fablica. O comit\u00ea funcionar\u00e1 permanentemente enquanto durar a pandemia e vai transmitir orienta\u00e7\u00f5es atualizadas para os cidad\u00e3os e para os profissionais de medicina.<br><br>Em carta aberta, as associa\u00e7\u00f5es de m\u00e9dicos defenderam a vacina\u00e7\u00e3o em larga escala, o distanciamento social e a conscientiza\u00e7\u00e3o da popula\u00e7\u00e3o quanto \u00e0s regras de preven\u00e7\u00e3o contra o cont\u00e1gio do novo coronav\u00edrus.<\/p>\n\n\n\n<p>\u201cO momento torna necess\u00e1rias comunica\u00e7\u00f5es recorrentes com esclarecimentos e orienta\u00e7\u00f5es \u00e0 sa\u00fade, por mais simples que pare\u00e7am. S\u00e3o elas a vacina, o combate \u00e0s fake news e a conscientiza\u00e7\u00e3o individual e coletiva para as medidas de preven\u00e7\u00e3o\u201d, diz o texto.<\/p>\n\n\n\n<p>O documento destaca ainda o momento grave da pandemia e pede \u201cuni\u00e3o das intelig\u00eancias\u201d do pa\u00eds. \u201cO Brasil requer uni\u00e3o de suas intelig\u00eancias, da soma de conhecimentos cient\u00edficos, de estrat\u00e9gias unificadas e a\u00e7\u00e3o imediata. N\u00e3o pode prevalecer a m\u00e1xima do cada um por si. N\u00f3s, m\u00e9dicos, por \u00e9tica, retid\u00e3o e compromisso com os pacientes, dizemos claramente \u00e0 Na\u00e7\u00e3o: o controle da situa\u00e7\u00e3o nos foge \u00e0s m\u00e3os, pois n\u00e3o est\u00e3o sob nosso comando as a\u00e7\u00f5es, nem a gest\u00e3o de sa\u00fade\u201d, diz ainda a carta.<\/p>\n\n\n\n<p><strong>(Ag\u00eancia Brasil)<\/strong><\/p>\n","protected":false},"excerpt":{"rendered":"<p>Grupo fornecer\u00e1 informa\u00e7\u00f5es atualizadas enquanto durar a pandemia A Associa\u00e7\u00e3o M\u00e9dica Brasileira (AMB) e mais de 50 sociedades de especialidade m\u00e9dica lan\u00e7aram nesta segunda-feira (15) o Comit\u00ea Extraordin\u00e1rio de Monitoramento Covid-19. O objetivo do grupo \u00e9 monitorar a pandemia em todo o territ\u00f3rio nacional e as a\u00e7\u00f5es dos \u00f3rg\u00e3os respons\u00e1veis pela sa\u00fade p\u00fablica. O comit\u00ea [&hellip;]<\/p>\n","protected":false},"author":1,"featured_media":8644,"comment_status":"open","ping_status":"open","sticky":false,"template":"","format":"standard","meta":{"rop_custom_images_group":[],"rop_custom_messages_group":[],"rop_publish_now":"initial","rop_publish_now_accounts":[],"rop_publish_now_history":[],"rop_publish_now_status":"pending","footnotes":""},"categories":[192],"tags":[2791,2793,84,2792],"class_list":["post-8640","post","type-post","status-publish","format-standard","has-post-thumbnail","hentry","category-covid19","tag-associacao-medica-brasileira","tag-comite","tag-covid-19","tag-monitoramento-covid"],"_links":{"self":[{"href":"https:\/\/diariotribuna.com.br\/index.php?rest_route=\/wp\/v2\/posts\/8640"}],"collection":[{"href":"https:\/\/diariotribuna.com.br\/index.php?rest_route=\/wp\/v2\/posts"}],"about":[{"href":"https:\/\/diariotribuna.com.br\/index.php?rest_route=\/wp\/v2\/types\/post"}],"author":[{"embeddable":true,"href":"https:\/\/diariotribuna.com.br\/index.php?rest_route=\/wp\/v2\/users\/1"}],"replies":[{"embeddable":true,"href":"https:\/\/diariotribuna.com.br\/index.php?rest_route=%2Fwp%2Fv2%2Fcomments&post=8640"}],"version-history":[{"count":3,"href":"https:\/\/diariotribuna.com.br\/index.php?rest_route=\/wp\/v2\/posts\/8640\/revisions"}],"predecessor-version":[{"id":8646,"href":"https:\/\/diariotribuna.com.br\/index.php?rest_route=\/wp\/v2\/posts\/8640\/revisions\/8646"}],"wp:featuredmedia":[{"embeddable":true,"href":"https:\/\/diariotribuna.com.br\/index.php?rest_route=\/wp\/v2\/media\/8644"}],"wp:attachment":[{"href":"https:\/\/diariotribuna.com.br\/index.php?rest_route=%2Fwp%2Fv2%2Fmedia&parent=8640"}],"wp:term":[{"taxonomy":"category","embeddable":true,"href":"https:\/\/diariotribuna.com.br\/index.php?rest_route=%2Fwp%2Fv2%2Fcategories&post=8640"},{"taxonomy":"post_tag","embeddable":true,"href":"https:\/\/diariotribuna.com.br\/index.php?rest_route=%2Fwp%2Fv2%2Ftags&post=8640"}],"curies":[{"name":"wp","href":"https:\/\/api.w.org\/{rel}","templated":true}]}}