{"id":8651,"date":"2021-03-16T11:34:33","date_gmt":"2021-03-16T14:34:33","guid":{"rendered":"https:\/\/diariotribuna.com.br\/?p=8651"},"modified":"2021-03-16T11:35:26","modified_gmt":"2021-03-16T14:35:26","slug":"presidente-da-amuc-se-reune-com-o-comando-da-15a-regiao-de-policia-militar","status":"publish","type":"post","link":"https:\/\/diariotribuna.com.br\/?p=8651","title":{"rendered":"Presidente da AMUC se re\u00fane com o comando da 15\u00aa Regi\u00e3o de Pol\u00edcia Militar"},"content":{"rendered":"\n<figure class=\"wp-block-image size-large is-resized\"><img loading=\"lazy\" decoding=\"async\" src=\"https:\/\/diariotribuna.com.br\/wp-content\/uploads\/2021\/03\/dec95045-1f6c-4f22-be99-ec3fc0137696.jpg\" alt=\"\" class=\"wp-image-8652\" width=\"495\" height=\"432\" srcset=\"https:\/\/diariotribuna.com.br\/wp-content\/uploads\/2021\/03\/dec95045-1f6c-4f22-be99-ec3fc0137696.jpg 955w, https:\/\/diariotribuna.com.br\/wp-content\/uploads\/2021\/03\/dec95045-1f6c-4f22-be99-ec3fc0137696-300x262.jpg 300w, https:\/\/diariotribuna.com.br\/wp-content\/uploads\/2021\/03\/dec95045-1f6c-4f22-be99-ec3fc0137696-768x671.jpg 768w, https:\/\/diariotribuna.com.br\/wp-content\/uploads\/2021\/03\/dec95045-1f6c-4f22-be99-ec3fc0137696-696x609.jpg 696w, https:\/\/diariotribuna.com.br\/wp-content\/uploads\/2021\/03\/dec95045-1f6c-4f22-be99-ec3fc0137696-480x420.jpg 480w\" sizes=\"(max-width: 495px) 100vw, 495px\" \/><figcaption><strong>Comandante da 15\u00aa Regi\u00e3o de Pol\u00edcia Militar, coronel<\/strong><br><strong>Menezes e o<\/strong> <strong>presidente da AMUC, dr. Heber Neiva &#8220;Vav\u00e1&#8221;<\/strong><\/figcaption><\/figure>\n\n\n\n<p>O presidente da Associa\u00e7\u00e3o dos Munic\u00edpios da Microrregi\u00e3o do Vale do Mucuri (AMUC), dr. Heber Neiva \u201cVav\u00e1\u201d, se reuniu na manh\u00e3 desta ter\u00e7a-feira (16\/03), com o comandante da 15\u00aa Regi\u00e3o de Pol\u00edcia Militar, coronel Menezes, pra saber como ser\u00e1 a atua\u00e7\u00e3o da Pol\u00edcia Militar diante do pronunciamento do Governador Romeu Zema, na noite de segunda-feira (15), que coloca todo o estado na Onda Roxa do programa Minas Consciente.<\/p>\n\n\n\n<p><strong>Vav\u00e1 emitiu uma nota aos colegas prefeitos da regi\u00e3o:<\/strong><\/p>\n\n\n\n<p>\u201cOl\u00e1 colegas prefeitos e prefeitas, diante do atual momento de enfrentamento \u00e0 pandemia da covid-19 e estado de gravidade que atingiu. Diante da iniciativa do governo de Minas em decretar a onda roxa em todo estado de Minas Gerais estive reunido no dia de hoje, ter\u00e7a-feira, 16\/03\/2021, com o comandante da 15\u00aa Regi\u00e3o da Pol\u00edcia Militar, o coronel Menezes.<\/p>\n\n\n\n<p>Na ocasi\u00e3o fui buscar esclarecimentos sobre como se dar\u00e1 a atua\u00e7\u00e3o da Pol\u00edcia Militar diante do decreto do governador, bem como nos colocar em harmonia e uni\u00e3o para que o objetivo final seja atingido: o desafogamento do sistema de sa\u00fade, bem como a sequ\u00eancia de a\u00e7\u00f5es de combate ao coronav\u00edrus de forma menos dram\u00e1tica para toda a popula\u00e7\u00e3o.<\/p>\n\n\n\n<p>Fui muito bem recebido, esclarecemos v\u00e1rios pontos e o comandante ficou de nos posicionar de forma mais clara ap\u00f3s uma reuni\u00e3o com o comando geral, antecipando a atua\u00e7\u00e3o enf\u00e1tica, intensa e em conjunto com os munic\u00edpios. Acertamos em fazermos uma reuni\u00e3o virtual entre o comandante e os munic\u00edpios da AMUC em agenda a ser definida por ele entre amanh\u00e3 e sexta-feira. Unidos somos mais fortes.<\/p>\n\n\n\n<p><strong>A UNI\u00c3O faz a FOR\u00c7A e a for\u00e7a traz os RESULTADOS.<\/strong><\/p>\n\n\n\n<p><strong>Vav\u00e1 &#8211; Prefeito de Cara\u00ed-MG \/ Presidente da AMUC<\/strong><\/p>\n","protected":false},"excerpt":{"rendered":"<p>O presidente da Associa\u00e7\u00e3o dos Munic\u00edpios da Microrregi\u00e3o do Vale do Mucuri (AMUC), dr. Heber Neiva \u201cVav\u00e1\u201d, se reuniu na manh\u00e3 desta ter\u00e7a-feira (16\/03), com o comandante da 15\u00aa Regi\u00e3o de Pol\u00edcia Militar, coronel Menezes, pra saber como ser\u00e1 a atua\u00e7\u00e3o da Pol\u00edcia Militar diante do pronunciamento do Governador Romeu Zema, na noite de segunda-feira [&hellip;]<\/p>\n","protected":false},"author":1,"featured_media":8652,"comment_status":"open","ping_status":"open","sticky":false,"template":"","format":"standard","meta":{"rop_custom_images_group":[],"rop_custom_messages_group":[],"rop_publish_now":"initial","rop_publish_now_accounts":[],"rop_publish_now_history":[],"rop_publish_now_status":"pending","footnotes":""},"categories":[25,19],"tags":[129,277,2795,211,70,2711,279,246],"class_list":["post-8651","post","type-post","status-publish","format-standard","has-post-thumbnail","hentry","category-destaque","category-gerais","tag-15a-rpm","tag-amuc","tag-coronel-menezes","tag-minas-consciente","tag-minas-gerais","tag-onda-roxa","tag-reuniao","tag-vava"],"_links":{"self":[{"href":"https:\/\/diariotribuna.com.br\/index.php?rest_route=\/wp\/v2\/posts\/8651"}],"collection":[{"href":"https:\/\/diariotribuna.com.br\/index.php?rest_route=\/wp\/v2\/posts"}],"about":[{"href":"https:\/\/diariotribuna.com.br\/index.php?rest_route=\/wp\/v2\/types\/post"}],"author":[{"embeddable":true,"href":"https:\/\/diariotribuna.com.br\/index.php?rest_route=\/wp\/v2\/users\/1"}],"replies":[{"embeddable":true,"href":"https:\/\/diariotribuna.com.br\/index.php?rest_route=%2Fwp%2Fv2%2Fcomments&post=8651"}],"version-history":[{"count":2,"href":"https:\/\/diariotribuna.com.br\/index.php?rest_route=\/wp\/v2\/posts\/8651\/revisions"}],"predecessor-version":[{"id":8654,"href":"https:\/\/diariotribuna.com.br\/index.php?rest_route=\/wp\/v2\/posts\/8651\/revisions\/8654"}],"wp:featuredmedia":[{"embeddable":true,"href":"https:\/\/diariotribuna.com.br\/index.php?rest_route=\/wp\/v2\/media\/8652"}],"wp:attachment":[{"href":"https:\/\/diariotribuna.com.br\/index.php?rest_route=%2Fwp%2Fv2%2Fmedia&parent=8651"}],"wp:term":[{"taxonomy":"category","embeddable":true,"href":"https:\/\/diariotribuna.com.br\/index.php?rest_route=%2Fwp%2Fv2%2Fcategories&post=8651"},{"taxonomy":"post_tag","embeddable":true,"href":"https:\/\/diariotribuna.com.br\/index.php?rest_route=%2Fwp%2Fv2%2Ftags&post=8651"}],"curies":[{"name":"wp","href":"https:\/\/api.w.org\/{rel}","templated":true}]}}