{"id":8655,"date":"2021-03-16T13:49:57","date_gmt":"2021-03-16T16:49:57","guid":{"rendered":"https:\/\/diariotribuna.com.br\/?p=8655"},"modified":"2021-03-16T15:15:09","modified_gmt":"2021-03-16T18:15:09","slug":"edital-de-correicao-ministerio-publico-do-estado-de-minas-gerais","status":"publish","type":"post","link":"https:\/\/diariotribuna.com.br\/?p=8655","title":{"rendered":"Edital de Correi\u00e7\u00e3o: Minist\u00e9rio P\u00fablico do Estado de Minas Gerais"},"content":{"rendered":"\n<figure class=\"wp-block-image size-large is-resized\"><img loading=\"lazy\" decoding=\"async\" src=\"https:\/\/diariotribuna.com.br\/wp-content\/uploads\/2021\/03\/1_5c369426257ac.jpg\" alt=\"\" class=\"wp-image-8657\" width=\"477\" height=\"275\" srcset=\"https:\/\/diariotribuna.com.br\/wp-content\/uploads\/2021\/03\/1_5c369426257ac.jpg 700w, https:\/\/diariotribuna.com.br\/wp-content\/uploads\/2021\/03\/1_5c369426257ac-300x173.jpg 300w, https:\/\/diariotribuna.com.br\/wp-content\/uploads\/2021\/03\/1_5c369426257ac-696x402.jpg 696w\" sizes=\"(max-width: 477px) 100vw, 477px\" \/><\/figure>\n\n\n\n<p><strong>O Minist\u00e9rio P\u00fablico do Estado de Minas Gerais publica edital, informando da realiza\u00e7\u00e3o da Correi\u00e7\u00e3o Ordin\u00e1ria nos servi\u00e7os afetos \u00e0s 6\u00aa e 7\u00aa Promotorias de Justi\u00e7a da Comarca de Te\u00f3filo Otoni. Veja abaixo conte\u00fado completo dos editais:<\/strong><\/p>\n\n\n\n<figure class=\"wp-block-image size-large\"><img loading=\"lazy\" decoding=\"async\" width=\"748\" height=\"1024\" src=\"https:\/\/diariotribuna.com.br\/wp-content\/uploads\/2021\/03\/Screenshot_20210316-142444_OneDrive-748x1024.jpg\" alt=\"\" class=\"wp-image-8660\" srcset=\"https:\/\/diariotribuna.com.br\/wp-content\/uploads\/2021\/03\/Screenshot_20210316-142444_OneDrive-748x1024.jpg 748w, https:\/\/diariotribuna.com.br\/wp-content\/uploads\/2021\/03\/Screenshot_20210316-142444_OneDrive-219x300.jpg 219w, https:\/\/diariotribuna.com.br\/wp-content\/uploads\/2021\/03\/Screenshot_20210316-142444_OneDrive-768x1051.jpg 768w, https:\/\/diariotribuna.com.br\/wp-content\/uploads\/2021\/03\/Screenshot_20210316-142444_OneDrive-696x953.jpg 696w, https:\/\/diariotribuna.com.br\/wp-content\/uploads\/2021\/03\/Screenshot_20210316-142444_OneDrive-307x420.jpg 307w, https:\/\/diariotribuna.com.br\/wp-content\/uploads\/2021\/03\/Screenshot_20210316-142444_OneDrive.jpg 800w\" sizes=\"(max-width: 748px) 100vw, 748px\" \/><\/figure>\n\n\n\n<figure class=\"wp-block-image size-large\"><img loading=\"lazy\" decoding=\"async\" width=\"530\" height=\"800\" src=\"https:\/\/diariotribuna.com.br\/wp-content\/uploads\/2021\/03\/MP-correicao.png\" alt=\"\" class=\"wp-image-8656\" srcset=\"https:\/\/diariotribuna.com.br\/wp-content\/uploads\/2021\/03\/MP-correicao.png 530w, https:\/\/diariotribuna.com.br\/wp-content\/uploads\/2021\/03\/MP-correicao-199x300.png 199w, https:\/\/diariotribuna.com.br\/wp-content\/uploads\/2021\/03\/MP-correicao-278x420.png 278w\" sizes=\"(max-width: 530px) 100vw, 530px\" \/><\/figure>\n","protected":false},"excerpt":{"rendered":"<p>O Minist\u00e9rio P\u00fablico do Estado de Minas Gerais publica edital, informando da realiza\u00e7\u00e3o da Correi\u00e7\u00e3o Ordin\u00e1ria nos servi\u00e7os afetos \u00e0s 6\u00aa e 7\u00aa Promotorias de Justi\u00e7a da Comarca de Te\u00f3filo Otoni. Veja abaixo conte\u00fado completo dos editais:<\/p>\n","protected":false},"author":1,"featured_media":8657,"comment_status":"open","ping_status":"open","sticky":false,"template":"","format":"standard","meta":{"rop_custom_images_group":[],"rop_custom_messages_group":[],"rop_publish_now":"initial","rop_publish_now_accounts":[],"rop_publish_now_history":[],"rop_publish_now_status":"pending","footnotes":""},"categories":[25,19],"tags":[2797,2796,146,75],"class_list":["post-8655","post","type-post","status-publish","format-standard","has-post-thumbnail","hentry","category-destaque","category-gerais","tag-7a-promotoria-de-justica-da-comarca-de-teofilo-otoni","tag-correicao-ordinaria","tag-mpmg","tag-teofilo-otoni"],"_links":{"self":[{"href":"https:\/\/diariotribuna.com.br\/index.php?rest_route=\/wp\/v2\/posts\/8655"}],"collection":[{"href":"https:\/\/diariotribuna.com.br\/index.php?rest_route=\/wp\/v2\/posts"}],"about":[{"href":"https:\/\/diariotribuna.com.br\/index.php?rest_route=\/wp\/v2\/types\/post"}],"author":[{"embeddable":true,"href":"https:\/\/diariotribuna.com.br\/index.php?rest_route=\/wp\/v2\/users\/1"}],"replies":[{"embeddable":true,"href":"https:\/\/diariotribuna.com.br\/index.php?rest_route=%2Fwp%2Fv2%2Fcomments&post=8655"}],"version-history":[{"count":2,"href":"https:\/\/diariotribuna.com.br\/index.php?rest_route=\/wp\/v2\/posts\/8655\/revisions"}],"predecessor-version":[{"id":8661,"href":"https:\/\/diariotribuna.com.br\/index.php?rest_route=\/wp\/v2\/posts\/8655\/revisions\/8661"}],"wp:featuredmedia":[{"embeddable":true,"href":"https:\/\/diariotribuna.com.br\/index.php?rest_route=\/wp\/v2\/media\/8657"}],"wp:attachment":[{"href":"https:\/\/diariotribuna.com.br\/index.php?rest_route=%2Fwp%2Fv2%2Fmedia&parent=8655"}],"wp:term":[{"taxonomy":"category","embeddable":true,"href":"https:\/\/diariotribuna.com.br\/index.php?rest_route=%2Fwp%2Fv2%2Fcategories&post=8655"},{"taxonomy":"post_tag","embeddable":true,"href":"https:\/\/diariotribuna.com.br\/index.php?rest_route=%2Fwp%2Fv2%2Ftags&post=8655"}],"curies":[{"name":"wp","href":"https:\/\/api.w.org\/{rel}","templated":true}]}}