{"id":8662,"date":"2021-03-16T20:35:59","date_gmt":"2021-03-16T23:35:59","guid":{"rendered":"https:\/\/diariotribuna.com.br\/?p=8662"},"modified":"2021-03-16T20:36:01","modified_gmt":"2021-03-16T23:36:01","slug":"teofilo-otoni-registra-mais-03-obitos-em-decorrencia-da-covid-19","status":"publish","type":"post","link":"https:\/\/diariotribuna.com.br\/?p=8662","title":{"rendered":"Te\u00f3filo Otoni registra mais 03 \u00f3bitos em decorr\u00eancia da covid-19"},"content":{"rendered":"\n<figure class=\"wp-block-image size-large is-resized\"><img loading=\"lazy\" decoding=\"async\" src=\"https:\/\/diariotribuna.com.br\/wp-content\/uploads\/2021\/03\/unnamed-file-3.jpg\" alt=\"\" class=\"wp-image-8663\" width=\"461\" height=\"280\" srcset=\"https:\/\/diariotribuna.com.br\/wp-content\/uploads\/2021\/03\/unnamed-file-3.jpg 700w, https:\/\/diariotribuna.com.br\/wp-content\/uploads\/2021\/03\/unnamed-file-3-300x183.jpg 300w, https:\/\/diariotribuna.com.br\/wp-content\/uploads\/2021\/03\/unnamed-file-3-689x420.jpg 689w\" sizes=\"(max-width: 461px) 100vw, 461px\" \/><\/figure>\n\n\n\n<p>O boletim epidemiol\u00f3gico divulgado na noite desta ter\u00e7a-feira (16\/03) pela Secretaria Municipal de Sa\u00fade, confirma 7.142 casos positivos de covid-19 em Te\u00f3filo Otoni, 100 a mais nas \u00faltimas 24 horas, e registra mais 03 \u00f3bitos por complica\u00e7\u00f5es causadas pela covid-19, totalizando 191. Tem ainda 01 \u00f3bito em investiga\u00e7\u00e3o. Ainda de acordo com o boletim tem 482 casos ativos, 6.463 casos recuperados, 126 a mais nas \u00faltimas 24 horas. 18.482 casos suspeitos foram descartados<\/p>\n\n\n\n<p>O <strong>1\u00ba \u00f3bito<\/strong> \u00e9 de um idoso de 81 anos. <strong>O 2\u00ba<\/strong> \u00e9 de uma idosa de 81 anos. <strong>O 3\u00ba \u00f3bito<\/strong> \u00e9 de um idoso de 70 anos. Todos os tr\u00eas estavam internados na UPA 24 Horas (Avenida Get\u00falio Vargas) e eram portadores de comorbidades. O 1\u00ba e o 2\u00ba pacientes tiveram os resultados confirmados por RT-PCR. O 3\u00ba teve o resultado confirmado por teste r\u00e1pido.<\/p>\n\n\n\n<p><strong>Interna\u00e7\u00f5es at\u00e9 (16\/03):<\/strong> Pelo <strong>SUS, Conv\u00eanio e Particular<\/strong> tem 40 leitos de UTI Covid no munic\u00edpio e 38 est\u00e3o ocupados, sendo 18 pacientes de Te\u00f3filo Otoni e 20 de outros munic\u00edpios <strong>(95,00% de ocupa\u00e7\u00e3o<\/strong>). Tem <strong>58 Leitos de Enfermaria Covid<\/strong> e 46 est\u00e3o ocupados, sendo 36 pacientes de Te\u00f3filo Otoni e 10 de outros munic\u00edpios <strong>(79,31% de ocupa\u00e7\u00e3o)<\/strong>.<\/p>\n\n\n\n<p><strong>Vacin\u00f4metro:<\/strong> dados atualizados nesta ter\u00e7a-feira (16\/03) mostram que j\u00e1 foram aplicadas 6.108 doses de vacina contra a covid-19 (na 1\u00aa dose), e 3.892 doses (na 2\u00aa).<\/p>\n","protected":false},"excerpt":{"rendered":"<p>O boletim epidemiol\u00f3gico divulgado na noite desta ter\u00e7a-feira (16\/03) pela Secretaria Municipal de Sa\u00fade, confirma 7.142 casos positivos de covid-19 em Te\u00f3filo Otoni, 100 a mais nas \u00faltimas 24 horas, e registra mais 03 \u00f3bitos por complica\u00e7\u00f5es causadas pela covid-19, totalizando 191. Tem ainda 01 \u00f3bito em investiga\u00e7\u00e3o. Ainda de acordo com o boletim tem [&hellip;]<\/p>\n","protected":false},"author":1,"featured_media":8663,"comment_status":"open","ping_status":"open","sticky":false,"template":"","format":"standard","meta":{"rop_custom_images_group":[],"rop_custom_messages_group":[],"rop_publish_now":"initial","rop_publish_now_accounts":[],"rop_publish_now_history":[],"rop_publish_now_status":"pending","footnotes":""},"categories":[192],"tags":[2794,489,84,75],"class_list":["post-8662","post","type-post","status-publish","format-standard","has-post-thumbnail","hentry","category-covid19","tag-16-03-2021","tag-boletim-epidemiologico","tag-covid-19","tag-teofilo-otoni"],"_links":{"self":[{"href":"https:\/\/diariotribuna.com.br\/index.php?rest_route=\/wp\/v2\/posts\/8662"}],"collection":[{"href":"https:\/\/diariotribuna.com.br\/index.php?rest_route=\/wp\/v2\/posts"}],"about":[{"href":"https:\/\/diariotribuna.com.br\/index.php?rest_route=\/wp\/v2\/types\/post"}],"author":[{"embeddable":true,"href":"https:\/\/diariotribuna.com.br\/index.php?rest_route=\/wp\/v2\/users\/1"}],"replies":[{"embeddable":true,"href":"https:\/\/diariotribuna.com.br\/index.php?rest_route=%2Fwp%2Fv2%2Fcomments&post=8662"}],"version-history":[{"count":1,"href":"https:\/\/diariotribuna.com.br\/index.php?rest_route=\/wp\/v2\/posts\/8662\/revisions"}],"predecessor-version":[{"id":8664,"href":"https:\/\/diariotribuna.com.br\/index.php?rest_route=\/wp\/v2\/posts\/8662\/revisions\/8664"}],"wp:featuredmedia":[{"embeddable":true,"href":"https:\/\/diariotribuna.com.br\/index.php?rest_route=\/wp\/v2\/media\/8663"}],"wp:attachment":[{"href":"https:\/\/diariotribuna.com.br\/index.php?rest_route=%2Fwp%2Fv2%2Fmedia&parent=8662"}],"wp:term":[{"taxonomy":"category","embeddable":true,"href":"https:\/\/diariotribuna.com.br\/index.php?rest_route=%2Fwp%2Fv2%2Fcategories&post=8662"},{"taxonomy":"post_tag","embeddable":true,"href":"https:\/\/diariotribuna.com.br\/index.php?rest_route=%2Fwp%2Fv2%2Ftags&post=8662"}],"curies":[{"name":"wp","href":"https:\/\/api.w.org\/{rel}","templated":true}]}}