{"id":8675,"date":"2021-03-17T00:22:15","date_gmt":"2021-03-17T03:22:15","guid":{"rendered":"https:\/\/diariotribuna.com.br\/?p=8675"},"modified":"2021-03-17T00:22:17","modified_gmt":"2021-03-17T03:22:17","slug":"tg-04-018-realiza-formatura-de-matricula-de-150-atiradores","status":"publish","type":"post","link":"https:\/\/diariotribuna.com.br\/?p=8675","title":{"rendered":"TG 04-018 realiza formatura de matr\u00edcula de 150 atiradores"},"content":{"rendered":"\n<figure class=\"wp-block-image size-large is-resized\"><img loading=\"lazy\" decoding=\"async\" src=\"https:\/\/diariotribuna.com.br\/wp-content\/uploads\/2021\/03\/f7b9c60d-cca3-41da-908c-95ed81b54931.jpg\" alt=\"\" class=\"wp-image-8676\" width=\"534\" height=\"333\" srcset=\"https:\/\/diariotribuna.com.br\/wp-content\/uploads\/2021\/03\/f7b9c60d-cca3-41da-908c-95ed81b54931.jpg 700w, https:\/\/diariotribuna.com.br\/wp-content\/uploads\/2021\/03\/f7b9c60d-cca3-41da-908c-95ed81b54931-300x187.jpg 300w, https:\/\/diariotribuna.com.br\/wp-content\/uploads\/2021\/03\/f7b9c60d-cca3-41da-908c-95ed81b54931-696x435.jpg 696w, https:\/\/diariotribuna.com.br\/wp-content\/uploads\/2021\/03\/f7b9c60d-cca3-41da-908c-95ed81b54931-673x420.jpg 673w\" sizes=\"(max-width: 534px) 100vw, 534px\" \/><\/figure>\n\n\n\n<p><strong>Te\u00f3filo Otoni \u2013<\/strong> Na quinta-feira (11\/03\/21), o Tiro de Guerra 04-018 realizou a tradicional formatura de matr\u00edcula dos 150 jovens que ingressaram no servi\u00e7o militar em 2021. A solenidade conduzida pelo chefe de instru\u00e7\u00e3o &#8211; Subtenente Herlon, foi prestigiada com a presen\u00e7a do vice-prefeito de Te\u00f3filo Otoni, dr. Eder Detrez, representando o diretor do TG 04-018 e prefeito municipal Daniel Sucupira.<\/p>\n\n\n\n<p>Tamb\u00e9m participaram da solenidade o tenente Michel, representando a 15\u00aa Regi\u00e3o de Pol\u00edcia Militar, o aspirante Renato representando o 19\u00ba Batalh\u00e3o de Pol\u00edcia Militar e o ex-atirador Amaro representando a Associa\u00e7\u00e3o de Reservistas do Ex\u00e9rcito da cidade de Te\u00f3filo Otoni.<\/p>\n\n\n\n<p>Por ocasi\u00e3o da formatura os novos atiradores cantaram o Hino Nacional no Gin\u00e1sio Professor Joaquim Nunes (Pra\u00e7a de Esportes), e desfilaram ao som da can\u00e7\u00e3o Fibra de Her\u00f3is, simbolizando o in\u00edcio do ano de instru\u00e7\u00e3o e matr\u00edcula no TG 04-018, da cidade de Te\u00f3filo Otoni.<\/p>\n\n\n\n<p>Durante a presta\u00e7\u00e3o do Servi\u00e7o Militar Inicial, os atiradores cultuam valores como patriotismo, civismo, esp\u00edrito de corpo, respeito aos s\u00edmbolos nacionais, lealdade, respeito \u00e0 hierarquia e a disciplina. Att. Subtenente Herlon, chefe de instru\u00e7\u00e3o.<\/p>\n\n\n\n<figure class=\"wp-block-image size-large is-resized\"><img loading=\"lazy\" decoding=\"async\" src=\"https:\/\/diariotribuna.com.br\/wp-content\/uploads\/2021\/03\/1e7017d5-ee16-4092-8119-3eec875b2da0-3.jpg\" alt=\"\" class=\"wp-image-8683\" width=\"519\" height=\"350\" srcset=\"https:\/\/diariotribuna.com.br\/wp-content\/uploads\/2021\/03\/1e7017d5-ee16-4092-8119-3eec875b2da0-3.jpg 700w, https:\/\/diariotribuna.com.br\/wp-content\/uploads\/2021\/03\/1e7017d5-ee16-4092-8119-3eec875b2da0-3-300x203.jpg 300w, https:\/\/diariotribuna.com.br\/wp-content\/uploads\/2021\/03\/1e7017d5-ee16-4092-8119-3eec875b2da0-3-696x470.jpg 696w, https:\/\/diariotribuna.com.br\/wp-content\/uploads\/2021\/03\/1e7017d5-ee16-4092-8119-3eec875b2da0-3-622x420.jpg 622w\" sizes=\"(max-width: 519px) 100vw, 519px\" \/><\/figure>\n\n\n\n<figure class=\"wp-block-image size-large is-resized\"><img loading=\"lazy\" decoding=\"async\" src=\"https:\/\/diariotribuna.com.br\/wp-content\/uploads\/2021\/03\/4d0a7fa6-c8ce-447d-939d-7bf684fdb0ba-3.jpg\" alt=\"\" class=\"wp-image-8684\" width=\"521\" height=\"277\" srcset=\"https:\/\/diariotribuna.com.br\/wp-content\/uploads\/2021\/03\/4d0a7fa6-c8ce-447d-939d-7bf684fdb0ba-3.jpg 700w, https:\/\/diariotribuna.com.br\/wp-content\/uploads\/2021\/03\/4d0a7fa6-c8ce-447d-939d-7bf684fdb0ba-3-300x159.jpg 300w, https:\/\/diariotribuna.com.br\/wp-content\/uploads\/2021\/03\/4d0a7fa6-c8ce-447d-939d-7bf684fdb0ba-3-696x372.jpg 696w\" sizes=\"(max-width: 521px) 100vw, 521px\" \/><\/figure>\n","protected":false},"excerpt":{"rendered":"<p>Te\u00f3filo Otoni \u2013 Na quinta-feira (11\/03\/21), o Tiro de Guerra 04-018 realizou a tradicional formatura de matr\u00edcula dos 150 jovens que ingressaram no servi\u00e7o militar em 2021. A solenidade conduzida pelo chefe de instru\u00e7\u00e3o &#8211; Subtenente Herlon, foi prestigiada com a presen\u00e7a do vice-prefeito de Te\u00f3filo Otoni, dr. Eder Detrez, representando o diretor do TG [&hellip;]<\/p>\n","protected":false},"author":1,"featured_media":8676,"comment_status":"open","ping_status":"open","sticky":false,"template":"","format":"standard","meta":{"rop_custom_images_group":[],"rop_custom_messages_group":[],"rop_publish_now":"initial","rop_publish_now_accounts":[],"rop_publish_now_history":[],"rop_publish_now_status":"pending","footnotes":""},"categories":[25,17],"tags":[2799,2800,75,1112],"class_list":["post-8675","post","type-post","status-publish","format-standard","has-post-thumbnail","hentry","category-destaque","category-teofilootoni","tag-formatura","tag-matricula","tag-teofilo-otoni","tag-tg-04-018"],"_links":{"self":[{"href":"https:\/\/diariotribuna.com.br\/index.php?rest_route=\/wp\/v2\/posts\/8675"}],"collection":[{"href":"https:\/\/diariotribuna.com.br\/index.php?rest_route=\/wp\/v2\/posts"}],"about":[{"href":"https:\/\/diariotribuna.com.br\/index.php?rest_route=\/wp\/v2\/types\/post"}],"author":[{"embeddable":true,"href":"https:\/\/diariotribuna.com.br\/index.php?rest_route=\/wp\/v2\/users\/1"}],"replies":[{"embeddable":true,"href":"https:\/\/diariotribuna.com.br\/index.php?rest_route=%2Fwp%2Fv2%2Fcomments&post=8675"}],"version-history":[{"count":1,"href":"https:\/\/diariotribuna.com.br\/index.php?rest_route=\/wp\/v2\/posts\/8675\/revisions"}],"predecessor-version":[{"id":8685,"href":"https:\/\/diariotribuna.com.br\/index.php?rest_route=\/wp\/v2\/posts\/8675\/revisions\/8685"}],"wp:featuredmedia":[{"embeddable":true,"href":"https:\/\/diariotribuna.com.br\/index.php?rest_route=\/wp\/v2\/media\/8676"}],"wp:attachment":[{"href":"https:\/\/diariotribuna.com.br\/index.php?rest_route=%2Fwp%2Fv2%2Fmedia&parent=8675"}],"wp:term":[{"taxonomy":"category","embeddable":true,"href":"https:\/\/diariotribuna.com.br\/index.php?rest_route=%2Fwp%2Fv2%2Fcategories&post=8675"},{"taxonomy":"post_tag","embeddable":true,"href":"https:\/\/diariotribuna.com.br\/index.php?rest_route=%2Fwp%2Fv2%2Ftags&post=8675"}],"curies":[{"name":"wp","href":"https:\/\/api.w.org\/{rel}","templated":true}]}}