{"id":8686,"date":"2021-03-17T00:29:40","date_gmt":"2021-03-17T03:29:40","guid":{"rendered":"https:\/\/diariotribuna.com.br\/?p=8686"},"modified":"2021-03-20T11:28:55","modified_gmt":"2021-03-20T14:28:55","slug":"policia-civil-apura-furtos-ocorridos-em-residencias-no-bairro-ipiranga","status":"publish","type":"post","link":"https:\/\/diariotribuna.com.br\/?p=8686","title":{"rendered":"Pol\u00edcia Civil apura furtos ocorridos em resid\u00eancias no Bairro Ipiranga"},"content":{"rendered":"\n<figure class=\"wp-block-image size-large is-resized\"><img loading=\"lazy\" decoding=\"async\" src=\"https:\/\/diariotribuna.com.br\/wp-content\/uploads\/2021\/03\/8e4a29b8-2f7c-4dbd-81c9-aa8e3f01473b.jpg\" alt=\"\" class=\"wp-image-8687\" width=\"481\" height=\"401\" srcset=\"https:\/\/diariotribuna.com.br\/wp-content\/uploads\/2021\/03\/8e4a29b8-2f7c-4dbd-81c9-aa8e3f01473b.jpg 700w, https:\/\/diariotribuna.com.br\/wp-content\/uploads\/2021\/03\/8e4a29b8-2f7c-4dbd-81c9-aa8e3f01473b-300x250.jpg 300w, https:\/\/diariotribuna.com.br\/wp-content\/uploads\/2021\/03\/8e4a29b8-2f7c-4dbd-81c9-aa8e3f01473b-696x580.jpg 696w, https:\/\/diariotribuna.com.br\/wp-content\/uploads\/2021\/03\/8e4a29b8-2f7c-4dbd-81c9-aa8e3f01473b-504x420.jpg 504w\" sizes=\"(max-width: 481px) 100vw, 481px\" \/><\/figure>\n\n\n\n<p><strong>Te\u00f3filo Otoni &#8211;<\/strong> A Pol\u00edcia Civil de Minas Gerais, atrav\u00e9s da Delegacia Especializada em Repress\u00e3o a Furtos e Roubos de Te\u00f3filo Otoni (D.E.R.F.R), concluiu investiga\u00e7\u00e3o que apurou furto qualificado a resid\u00eancias no Bairro Ipiranga. Segundo a PC foi apurado furto qualificado mediante arrombamento e escalada e concurso de agentes e recepta\u00e7\u00e3o.<\/p>\n\n\n\n<p>No dia dos fatos, dois indiv\u00edduos, aproveitando a aus\u00eancia dos moradores, ap\u00f3s arrombarem portas e tamb\u00e9m usando acesso pelo telhado, subtra\u00edram diversos pertences das v\u00edtimas, como joias, rel\u00f3gios, roupas, sapatos, aparelhos eletro-eletr\u00f4nicos, al\u00e9m de promover grande bagun\u00e7a no interior dos im\u00f3veis.<\/p>\n\n\n\n<p>O delegado titular da Delegacia Especializada, dr. M\u00e1rcio Pereira informou que os preju\u00edzos somaram em avalia\u00e7\u00e3o t\u00e9cnica aproximadamente R$ 21 mil. Que ap\u00f3s intensas investiga\u00e7\u00f5es qualificadas pela sua equipe, com arrimo em an\u00e1lise de imagens confronto das vers\u00f5es, bem como em outras provas t\u00e9cnicas, concluiu-se pela defini\u00e7\u00e3o da autoria e materialidade dos crimes.<\/p>\n\n\n\n<p>\u201cRessalta-se que essa investiga\u00e7\u00e3o culminou na identifica\u00e7\u00e3o e responsabiliza\u00e7\u00e3o de indiv\u00edduos que vinham praticando delitos id\u00eanticos a resid\u00eancias na cidade, que contavam com o favorecimento de taxistas, al\u00e9m da identifica\u00e7\u00e3o de receptadores das mercadorias furtadas, e consequentemente a diminui\u00e7\u00e3o de crimes de furtos qualificados na cidade\u201d, disse Pereira.<\/p>\n\n\n\n<p>Ao encerramento do inqu\u00e9rito policial, dois adolescentes foram responsabilizados por ato infracional an\u00e1logo ao delito de furto qualificado mediante arrombamento e escalada e concurso de agentes e crime de recepta\u00e7\u00e3o praticado. \u201cO procedimento foi relatado e encaminhado \u00e0 justi\u00e7a para a devida responsabiliza\u00e7\u00e3o dos infratores\u201d.<\/p>\n\n\n\n<p><strong>Equipe policial &#8211; Delegado:<\/strong> Dr. M\u00e1rcio Pereira. <strong>Investigadores:<\/strong> Fabr\u00edcio Tud\u00e9ia, Cl\u00e1udio Borges, Andr\u00e9 Guedes. <strong>Escriv\u00e3o:<\/strong> Gerson Lucas. <strong>Perito criminal:<\/strong> Willian Apolin\u00e1rio. (Informa\u00e7\u00f5es\/Foto: Pol\u00edcia Civil\/ Te\u00f3filo Otoni).<\/p>\n","protected":false},"excerpt":{"rendered":"<p>Te\u00f3filo Otoni &#8211; A Pol\u00edcia Civil de Minas Gerais, atrav\u00e9s da Delegacia Especializada em Repress\u00e3o a Furtos e Roubos de Te\u00f3filo Otoni (D.E.R.F.R), concluiu investiga\u00e7\u00e3o que apurou furto qualificado a resid\u00eancias no Bairro Ipiranga. Segundo a PC foi apurado furto qualificado mediante arrombamento e escalada e concurso de agentes e recepta\u00e7\u00e3o. No dia dos fatos, [&hellip;]<\/p>\n","protected":false},"author":1,"featured_media":8687,"comment_status":"open","ping_status":"open","sticky":false,"template":"","format":"standard","meta":{"rop_custom_images_group":[],"rop_custom_messages_group":[],"rop_publish_now":"initial","rop_publish_now_accounts":[],"rop_publish_now_history":[],"rop_publish_now_status":"pending","footnotes":""},"categories":[20],"tags":[2135,2801,659,2802,292,75],"class_list":["post-8686","post","type-post","status-publish","format-standard","has-post-thumbnail","hentry","category-policia","tag-apuracao","tag-delegacia-de-furtos-e-roubos","tag-furtos","tag-ipiranga","tag-policia-civil","tag-teofilo-otoni"],"_links":{"self":[{"href":"https:\/\/diariotribuna.com.br\/index.php?rest_route=\/wp\/v2\/posts\/8686"}],"collection":[{"href":"https:\/\/diariotribuna.com.br\/index.php?rest_route=\/wp\/v2\/posts"}],"about":[{"href":"https:\/\/diariotribuna.com.br\/index.php?rest_route=\/wp\/v2\/types\/post"}],"author":[{"embeddable":true,"href":"https:\/\/diariotribuna.com.br\/index.php?rest_route=\/wp\/v2\/users\/1"}],"replies":[{"embeddable":true,"href":"https:\/\/diariotribuna.com.br\/index.php?rest_route=%2Fwp%2Fv2%2Fcomments&post=8686"}],"version-history":[{"count":1,"href":"https:\/\/diariotribuna.com.br\/index.php?rest_route=\/wp\/v2\/posts\/8686\/revisions"}],"predecessor-version":[{"id":8688,"href":"https:\/\/diariotribuna.com.br\/index.php?rest_route=\/wp\/v2\/posts\/8686\/revisions\/8688"}],"wp:featuredmedia":[{"embeddable":true,"href":"https:\/\/diariotribuna.com.br\/index.php?rest_route=\/wp\/v2\/media\/8687"}],"wp:attachment":[{"href":"https:\/\/diariotribuna.com.br\/index.php?rest_route=%2Fwp%2Fv2%2Fmedia&parent=8686"}],"wp:term":[{"taxonomy":"category","embeddable":true,"href":"https:\/\/diariotribuna.com.br\/index.php?rest_route=%2Fwp%2Fv2%2Fcategories&post=8686"},{"taxonomy":"post_tag","embeddable":true,"href":"https:\/\/diariotribuna.com.br\/index.php?rest_route=%2Fwp%2Fv2%2Ftags&post=8686"}],"curies":[{"name":"wp","href":"https:\/\/api.w.org\/{rel}","templated":true}]}}