{"id":8689,"date":"2021-03-17T00:44:05","date_gmt":"2021-03-17T03:44:05","guid":{"rendered":"https:\/\/diariotribuna.com.br\/?p=8689"},"modified":"2021-03-17T00:45:52","modified_gmt":"2021-03-17T03:45:52","slug":"onda-roxa-passa-a-valer-em-todo-o-estado-a-partir-desta-quarta-feira-17-3","status":"publish","type":"post","link":"https:\/\/diariotribuna.com.br\/?p=8689","title":{"rendered":"Onda roxa passa a valer em todo o estado a partir desta quarta-feira (17\/3)"},"content":{"rendered":"\n<p><strong>Romeu Zema faz apelo para que popula\u00e7\u00e3o mude o comportamento e adote medidas contra o coronav\u00edrus<\/strong><\/p>\n\n\n\n<figure class=\"wp-block-image size-large is-resized\"><img loading=\"lazy\" decoding=\"async\" src=\"https:\/\/diariotribuna.com.br\/wp-content\/uploads\/2021\/03\/MG_3136-1.jpg\" alt=\"\" class=\"wp-image-8690\" width=\"541\" height=\"284\" srcset=\"https:\/\/diariotribuna.com.br\/wp-content\/uploads\/2021\/03\/MG_3136-1.jpg 700w, https:\/\/diariotribuna.com.br\/wp-content\/uploads\/2021\/03\/MG_3136-1-300x158.jpg 300w, https:\/\/diariotribuna.com.br\/wp-content\/uploads\/2021\/03\/MG_3136-1-696x367.jpg 696w\" sizes=\"(max-width: 541px) 100vw, 541px\" \/><figcaption><strong><em>Governador ressaltou que, enquanto n\u00e3o existe vacina\u00e7\u00e3o em<\/em><\/strong><br><strong><em>massa,<\/em><\/strong> <strong><em>a alternativa \u00e9 controlar a dissemina\u00e7\u00e3o do v\u00edrus<\/em><\/strong><\/figcaption><\/figure>\n\n\n\n<p>Em alerta pelo agravamento da pandemia em todo o estado, o governador Romeu Zema fez um apelo \u00e0 popula\u00e7\u00e3o mineira para que adote medidas de prote\u00e7\u00e3o contra o coronav\u00edrus, que agora passam a ser mais duras em todas as regi\u00f5es de Minas Gerais.<br><br>A aplica\u00e7\u00e3o das medidas previstas na onda roxa e os motivos que levaram o\u00a0<a rel=\"noreferrer noopener\" href=\"https:\/\/www.mg.gov.br\/\" target=\"_blank\">Governo de Minas<\/a>\u00a0a estend\u00ea-la aos 853 munic\u00edpios foram detalhados por Romeu Zema em entrevista coletiva \u00e0 imprensa nesta ter\u00e7a-feira (16\/3). A nova etapa passa a valer a partir de quarta-feira (17\/3) e, a princ\u00edpio, ter\u00e1 dura\u00e7\u00e3o de 15 dias.<br><br>\u201cEstamos aqui hoje para tratar de uma quest\u00e3o que, h\u00e1 um ano, tem causado transtorno e tristeza a toda a sociedade. O sistema de Sa\u00fade de Minas Gerais entrou em colapso. Ou seja, o n\u00famero de pessoas que demandam cuidados m\u00e9dicos \u00e9 maior que a capacidade de atendimento\u201d, alertou o governador.<br><br>Para Zema, enquanto n\u00e3o existe vacina\u00e7\u00e3o em massa, a alternativa \u00e9 controlar a dissemina\u00e7\u00e3o do v\u00edrus com as medidas de distanciamento social. \u201cEstamos obrigados a optarmos entre continuar vivendo como se nada estivesse acontecendo ou termos um isolamento para salvarmos vidas. E eu sou favor\u00e1vel a salvar vidas\u201d, disse.<br><br>O governador lembrou do trabalho feito, desde o in\u00edcio da pandemia, para estruturar o setor de Sa\u00fade no Estado. \u201cPassamos de 2 mil para 4 mil leitos de UTI. Leitos de enfermaria que antes eram de 10 mil saltaram para 20 mil unidades. Compramos respiradores e ampliamos o n\u00famero de profissionais. Mas, apesar de todo o esfor\u00e7o, com a segunda cepa que chegou no Brasil, nos \u00faltimos meses tivemos um grande aumento no n\u00famero de casos e \u00f3bitos. Essa situa\u00e7\u00e3o, vale lembrar, n\u00e3o \u00e9 exclusividade de Minas nem do Brasil, ocorre em v\u00e1rios pa\u00edses do mundo\u201d, explicou.<br><br><strong>Sobrecarga<\/strong> &#8211; O secret\u00e1rio de Estado de\u00a0<a rel=\"noreferrer noopener\" href=\"http:\/\/www.saude.mg.gov.br\/\" target=\"_blank\">Sa\u00fade<\/a>, F\u00e1bio Baccheretti, que assumiu o cargo na \u00faltima segunda-feira (15\/3) e participou da coletiva ao lado do governador, afirmou que Minas vive o pior cen\u00e1rio em 12 meses de pandemia.<\/p>\n\n\n\n<p>\u201cEstamos vivendo um momento de alta taxa de incid\u00eancia e ocupa\u00e7\u00e3o de leitos. \u00c9 a primeira vez que as unidades de Sa\u00fade de todas as regi\u00f5es est\u00e3o sobrecarregadas. N\u00e3o temos mais capacidade de transferir pacientes de uma macrorregi\u00e3o para outra, e isso faz com que a gente adote medidas mais duras\u201d, explicou o secret\u00e1rio.<\/p>\n\n\n\n<p>F\u00e1bio Baccheretti ressaltou que a onda roxa n\u00e3o pode ser apenas mais uma cor no mapa, mas uma mudan\u00e7a de comportamento de todos os mineiros. \u201cPrecisamos que os cidad\u00e3os entendam isso. N\u00e3o adianta restringir a circula\u00e7\u00e3o e fechar o com\u00e9rcio se as pessoas n\u00e3o mudarem os h\u00e1bitos. O mineiro foi um exemplo para o Brasil no in\u00edcio da pandemia, mas com o passar do tempo ele foi relaxando\u201d, disse.<\/p>\n\n\n\n<p>O secret\u00e1rio explicou que Minas Gerais passou a registrar uma queda mais acentuada das taxas de isolamento em outubro, chegando a 30%. Com isso, a m\u00e9dia m\u00f3vel de casos subiu de maneira exponencial, seguida pelo n\u00famero de \u00f3bitos. \u201cNas primeiras semanas de mar\u00e7o houve um aumento acima da m\u00e9dia de ocupa\u00e7\u00e3o. A abertura de leitos n\u00e3o acompanha a velocidade do n\u00famero de infectados, que \u00e9 muito maior\u201d, afirmou.\u00a0\u00a0\u00a0<\/p>\n\n\n\n<figure class=\"wp-block-image size-large is-resized\"><img loading=\"lazy\" decoding=\"async\" src=\"https:\/\/diariotribuna.com.br\/wp-content\/uploads\/2021\/03\/content_topo_materia-agencia-mc.png\" alt=\"\" class=\"wp-image-8691\" width=\"534\" height=\"229\" srcset=\"https:\/\/diariotribuna.com.br\/wp-content\/uploads\/2021\/03\/content_topo_materia-agencia-mc.png 700w, https:\/\/diariotribuna.com.br\/wp-content\/uploads\/2021\/03\/content_topo_materia-agencia-mc-300x129.png 300w, https:\/\/diariotribuna.com.br\/wp-content\/uploads\/2021\/03\/content_topo_materia-agencia-mc-696x299.png 696w\" sizes=\"(max-width: 534px) 100vw, 534px\" \/><\/figure>\n\n\n\n<h3 class=\"wp-block-heading\"><strong><span style=\"color:#713da2\" class=\"has-inline-color\">Seguran\u00e7a<\/span><\/strong><\/h3>\n\n\n\n<p>Em rela\u00e7\u00e3o \u00e0 seguran\u00e7a durante o per\u00edodo de onda roxa, o comandante-geral da&nbsp;<a href=\"https:\/\/www.policiamilitar.mg.gov.br\/\" target=\"_blank\" rel=\"noreferrer noopener\">Pol\u00edcia Militar do Estado de Minas Gerais (PMMG)<\/a>, coronel Rodrigo Sousa, explicou que caber\u00e1 \u00e0 corpora\u00e7\u00e3o apoiar a fiscaliza\u00e7\u00e3o das posturas municipais.<\/p>\n\n\n\n<p>\u201cTemos protocolos j\u00e1 definidos. O objetivo \u00e9 fazer com que as pessoas obede\u00e7am e que n\u00e3o seja preciso adotar outras medidas, que podem ser notifica\u00e7\u00e3o ou multa. No entanto, alguns comportamentos podem incorrer em crimes como resist\u00eancia, desobedi\u00eancia, desacato e at\u00e9 mesmo a propaga\u00e7\u00e3o de doen\u00e7a contagiosa. Neste caso, entramos na esfera criminal, o que deve ser tratado pela Justi\u00e7a\u201d, explicou.<\/p>\n\n\n\n<h3 class=\"wp-block-heading\"><strong><span style=\"color:#633192\" class=\"has-inline-color\">Onda roxa<\/span><\/strong><\/h3>\n\n\n\n<figure class=\"wp-block-image size-large is-resized\"><img loading=\"lazy\" decoding=\"async\" src=\"https:\/\/diariotribuna.com.br\/wp-content\/uploads\/2021\/03\/content_ondaroxa_1603.png\" alt=\"\" class=\"wp-image-8692\" width=\"500\" height=\"385\" srcset=\"https:\/\/diariotribuna.com.br\/wp-content\/uploads\/2021\/03\/content_ondaroxa_1603.png 700w, https:\/\/diariotribuna.com.br\/wp-content\/uploads\/2021\/03\/content_ondaroxa_1603-300x231.png 300w, https:\/\/diariotribuna.com.br\/wp-content\/uploads\/2021\/03\/content_ondaroxa_1603-696x537.png 696w, https:\/\/diariotribuna.com.br\/wp-content\/uploads\/2021\/03\/content_ondaroxa_1603-544x420.png 544w\" sizes=\"(max-width: 500px) 100vw, 500px\" \/><\/figure>\n\n\n\n<figure class=\"wp-block-image size-large is-resized\"><img loading=\"lazy\" decoding=\"async\" src=\"https:\/\/diariotribuna.com.br\/wp-content\/uploads\/2021\/03\/content_onda_medidas.png\" alt=\"\" class=\"wp-image-8693\" width=\"500\" height=\"385\" srcset=\"https:\/\/diariotribuna.com.br\/wp-content\/uploads\/2021\/03\/content_onda_medidas.png 700w, https:\/\/diariotribuna.com.br\/wp-content\/uploads\/2021\/03\/content_onda_medidas-300x231.png 300w, https:\/\/diariotribuna.com.br\/wp-content\/uploads\/2021\/03\/content_onda_medidas-696x537.png 696w, https:\/\/diariotribuna.com.br\/wp-content\/uploads\/2021\/03\/content_onda_medidas-544x420.png 544w\" sizes=\"(max-width: 500px) 100vw, 500px\" \/><\/figure>\n\n\n\n<p>Conforme\u00a0<a href=\"http:\/\/www.pesquisalegislativa.mg.gov.br\/LegislacaoCompleta.aspx?cod=194797&amp;marc=\">Delibera\u00e7\u00e3o n\u00ba 130, de 3 de mar\u00e7o de 2021, do Comit\u00ea Extraordin\u00e1rio Covid-19<\/a>, durante a vig\u00eancia da onda roxa, somente podem funcionar as seguintes atividades e servi\u00e7os, e seus respectivos sistemas log\u00edsticos de opera\u00e7\u00e3o e cadeia de abastecimento e fornecimento.<\/p>\n\n\n\n<p>I \u2013 setor de Sa\u00fade, incluindo unidades hospitalares e de atendimento e consult\u00f3rios;<\/p>\n\n\n\n<p>II \u2013 ind\u00fastria, log\u00edstica de montagem e de distribui\u00e7\u00e3o, e com\u00e9rcio de f\u00e1rmacos, farm\u00e1cias, drogarias, \u00f3ticas, materiais cl\u00ednicos e hospitalares;<\/p>\n\n\n\n<p>III \u2013 hipermercados, supermercados, mercados, a\u00e7ougues, peixarias, hortifrutigranjeiros, padarias, quitandas, centros de abastecimento de alimentos, lojas de conveni\u00eancia, lanchonetes, de \u00e1gua mineral e de alimentos para animais;<\/p>\n\n\n\n<p>IV \u2013 produ\u00e7\u00e3o, distribui\u00e7\u00e3o e comercializa\u00e7\u00e3o de combust\u00edveis e derivados;<\/p>\n\n\n\n<p>V \u2013 distribuidoras de g\u00e1s;<\/p>\n\n\n\n<p>VI \u2013 oficinas mec\u00e2nicas, borracharias, autope\u00e7as, concession\u00e1rias e revendedoras de ve\u00edculos automotores de qualquer natureza, inclusive as de m\u00e1quinas agr\u00edcolas e afins;<\/p>\n\n\n\n<p>VII \u2013 restaurantes em pontos ou postos de paradas nas rodovias;<\/p>\n\n\n\n<p>VIII \u2013 ag\u00eancias banc\u00e1rias e similares;<\/p>\n\n\n\n<p>IX \u2013 cadeia industrial de alimentos;<\/p>\n\n\n\n<p>X \u2013 agrossilvipastoris e agroindustriais;<\/p>\n\n\n\n<p>XI \u2013 telecomunica\u00e7\u00e3o, internet, imprensa, tecnologia da informa\u00e7\u00e3o e processamento de dados, tais como gest\u00e3o, desenvolvimento, suporte e manuten\u00e7\u00e3o de hardware, software, hospedagem e conectividade;<\/p>\n\n\n\n<p>XII \u2013 constru\u00e7\u00e3o civil;<\/p>\n\n\n\n<p>XIII \u2013 setores industriais, desde que relacionados \u00e0 cadeia produtiva de servi\u00e7os e produtos essenciais;<\/p>\n\n\n\n<p>XIV \u2013 lavanderias;<\/p>\n\n\n\n<p>XV \u2013 assist\u00eancia veterin\u00e1ria e pet shops;<\/p>\n\n\n\n<p>XVI \u2013 transporte e entrega de cargas em geral;<\/p>\n\n\n\n<p>XVII \u2013 call center;<\/p>\n\n\n\n<p>XVIII \u2013 loca\u00e7\u00e3o de ve\u00edculos de qualquer natureza, inclusive a de m\u00e1quinas agr\u00edcolas e afins;<\/p>\n\n\n\n<p>XIX \u2013 assist\u00eancia t\u00e9cnica em m\u00e1quinas, equipamentos, instala\u00e7\u00f5es, edifica\u00e7\u00f5es e atividades correlatas, tais como a de eletricista e bombeiro hidr\u00e1ulico;<\/p>\n\n\n\n<p>XX \u2013 controle de pragas e de desinfec\u00e7\u00e3o de ambientes;<\/p>\n\n\n\n<p>XXI \u2013 atendimento e atua\u00e7\u00e3o em emerg\u00eancias ambientais;<\/p>\n\n\n\n<p>XXII \u2013 com\u00e9rcio atacadista e varejista de insumos para confec\u00e7\u00e3o de equipamentos de prote\u00e7\u00e3o individual \u2013 EPI e cl\u00ednico-hospitalares, tais como tecidos, artefatos de tecidos e aviamento;<\/p>\n\n\n\n<p>XXIII \u2013 de representa\u00e7\u00e3o judicial e extrajudicial, assessoria e consultoria jur\u00eddicas;<\/p>\n\n\n\n<p>XXIV \u2013 relacionados \u00e0 contabilidade;<\/p>\n\n\n\n<p>XXV \u2013 servi\u00e7os dom\u00e9sticos e de cuidadores e terapeutas;<\/p>\n\n\n\n<p>XXVI \u2013 hotelaria, hospedagem, pousadas, mot\u00e9is e cong\u00eaneres para uso de trabalhadores de servi\u00e7os essenciais, como resid\u00eancia ou local para isolamento em caso de suspeita ou confirma\u00e7\u00e3o de covid-19;<\/p>\n\n\n\n<p>XXVII \u2013 atividades de ensino presencial referentes ao \u00faltimo per\u00edodo ou semestre dos cursos da \u00e1rea de sa\u00fade;<\/p>\n\n\n\n<p>XXVIII \u2013 transporte privado individual de passageiros, solicitado por aplicativos ou outras plataformas de comunica\u00e7\u00e3o em rede.<\/p>\n\n\n\n<p>As atividades e os servi\u00e7os essenciais acima devem seguir o protocolo sanit\u00e1rio previstos pelo plano&nbsp;<a href=\"http:\/\/www.mg.gov.br\/minasconsciente\" target=\"_blank\" rel=\"noreferrer noopener\">Minas Consciente<\/a>&nbsp;e priorizar o funcionamento interno e a presta\u00e7\u00e3o dos servi\u00e7os na modalidade remota e por entrega de produtos.<\/p>\n\n\n\n<p>As atividades de operacionaliza\u00e7\u00e3o interna dos estabelecimentos comerciais e as atividades comerciais que se realizarem por meio de aplicativos, internet, telefone ou outros instrumentos similares, e de entrega de mercadorias em domic\u00edlio ou de retirada em balc\u00e3o, vedado o consumo no pr\u00f3prio estabelecimento, est\u00e3o permitidas, desde que respeitado o protocolo citado acima.<\/p>\n\n\n\n<p><strong>(Ag\u00eancia Minas)<\/strong><\/p>\n","protected":false},"excerpt":{"rendered":"<p>Romeu Zema faz apelo para que popula\u00e7\u00e3o mude o comportamento e adote medidas contra o coronav\u00edrus Em alerta pelo agravamento da pandemia em todo o estado, o governador Romeu Zema fez um apelo \u00e0 popula\u00e7\u00e3o mineira para que adote medidas de prote\u00e7\u00e3o contra o coronav\u00edrus, que agora passam a ser mais duras em todas as [&hellip;]<\/p>\n","protected":false},"author":1,"featured_media":8690,"comment_status":"open","ping_status":"open","sticky":false,"template":"","format":"standard","meta":{"rop_custom_images_group":[],"rop_custom_messages_group":[],"rop_publish_now":"initial","rop_publish_now_accounts":[],"rop_publish_now_history":[],"rop_publish_now_status":"pending","footnotes":""},"categories":[192],"tags":[84,70,2711],"class_list":["post-8689","post","type-post","status-publish","format-standard","has-post-thumbnail","hentry","category-covid19","tag-covid-19","tag-minas-gerais","tag-onda-roxa"],"_links":{"self":[{"href":"https:\/\/diariotribuna.com.br\/index.php?rest_route=\/wp\/v2\/posts\/8689"}],"collection":[{"href":"https:\/\/diariotribuna.com.br\/index.php?rest_route=\/wp\/v2\/posts"}],"about":[{"href":"https:\/\/diariotribuna.com.br\/index.php?rest_route=\/wp\/v2\/types\/post"}],"author":[{"embeddable":true,"href":"https:\/\/diariotribuna.com.br\/index.php?rest_route=\/wp\/v2\/users\/1"}],"replies":[{"embeddable":true,"href":"https:\/\/diariotribuna.com.br\/index.php?rest_route=%2Fwp%2Fv2%2Fcomments&post=8689"}],"version-history":[{"count":3,"href":"https:\/\/diariotribuna.com.br\/index.php?rest_route=\/wp\/v2\/posts\/8689\/revisions"}],"predecessor-version":[{"id":8696,"href":"https:\/\/diariotribuna.com.br\/index.php?rest_route=\/wp\/v2\/posts\/8689\/revisions\/8696"}],"wp:featuredmedia":[{"embeddable":true,"href":"https:\/\/diariotribuna.com.br\/index.php?rest_route=\/wp\/v2\/media\/8690"}],"wp:attachment":[{"href":"https:\/\/diariotribuna.com.br\/index.php?rest_route=%2Fwp%2Fv2%2Fmedia&parent=8689"}],"wp:term":[{"taxonomy":"category","embeddable":true,"href":"https:\/\/diariotribuna.com.br\/index.php?rest_route=%2Fwp%2Fv2%2Fcategories&post=8689"},{"taxonomy":"post_tag","embeddable":true,"href":"https:\/\/diariotribuna.com.br\/index.php?rest_route=%2Fwp%2Fv2%2Ftags&post=8689"}],"curies":[{"name":"wp","href":"https:\/\/api.w.org\/{rel}","templated":true}]}}