{"id":8701,"date":"2021-03-18T00:09:40","date_gmt":"2021-03-18T03:09:40","guid":{"rendered":"https:\/\/diariotribuna.com.br\/?p=8701"},"modified":"2021-03-18T00:10:52","modified_gmt":"2021-03-18T03:10:52","slug":"governo-mpmg-e-dpmg-vao-trabalhar-juntos-para-garantir-o-cumprimento-da-onda-roxa-por-todos-os-municipios-mineiros","status":"publish","type":"post","link":"https:\/\/diariotribuna.com.br\/?p=8701","title":{"rendered":"Governo, MPMG e DPMG v\u00e3o trabalhar juntos para garantir o cumprimento da onda roxa por todos os munic\u00edpios mineiros"},"content":{"rendered":"\n<p><strong><em>Fase mais restritiva do plano Minas Consciente passou a valer em todo o estado nesta quarta (17\/3); \u00f3rg\u00e3os refor\u00e7aram apoio \u00e0s a\u00e7\u00f5es durante reuni\u00e3o do Comit\u00ea Covid-19<\/em><\/strong><\/p>\n\n\n\n<p>O\u00a0<a rel=\"noreferrer noopener\" href=\"http:\/\/www.mg.gov.br\/\" target=\"_blank\">Governo de Minas<\/a>, por meio da\u00a0<a rel=\"noreferrer noopener\" href=\"http:\/\/www.advocaciageral.mg.gov.br\/\" target=\"_blank\">Advocacia-Geral do Estado (AGE)<\/a>\u00a0e da\u00a0<a rel=\"noreferrer noopener\" href=\"http:\/\/www.governo.mg.gov.br\/\" target=\"_blank\">Secretaria de Estado de Governo (Segov)<\/a>, vai atuar em conjunto com o Minist\u00e9rio P\u00fablico de Minas (MPMG) e a Defensoria P\u00fablica Estadual (DPMG) para garantir o cumprimento das regras da onda roxa do plano\u00a0<a rel=\"noreferrer noopener\" href=\"http:\/\/www.mg.gov.br\/minasconsciente\" target=\"_blank\">Minas Consciente<\/a>\u00a0por todos os munic\u00edpios mineiros. A defini\u00e7\u00e3o conjunta foi refor\u00e7ada nesta quarta-feira (17\/3), durante reuni\u00e3o do Comit\u00ea Extraordin\u00e1rio Covid-19, grupo que se re\u00fane semanalmente para avaliar a situa\u00e7\u00e3o da pandemia no estado.\u00a0<br><br>Em uma semana, os \u00edndices da doen\u00e7a em Minas tiveram uma piora, o que refor\u00e7a a necessidade de todas as regi\u00f5es adotarem medidas mais r\u00edgidas e restritivas para restabelecer o sistema de sa\u00fade no estado. Houve aumento de 4,5% no n\u00famero de casos e \u00f3bitos. Al\u00e9m disso, o aumento da incid\u00eancia da covid-19 foi de 21%, com 42% de positividade nos testes realizados. J\u00e1 o \u00edndice de ocupa\u00e7\u00e3o de leitos Covid em Minas est\u00e1 em 92%, com localidades em que a ocupa\u00e7\u00e3o j\u00e1 atingiu 100%.<br><br>\u201cEstamos vivendo o momento mais cr\u00edtico desde o in\u00edcio da pandemia. Em nenhuma outra reuni\u00e3o tivemos n\u00fameros t\u00e3o graves como estes apresentados. As medidas muitas vezes desagradam e afetam a vida das pessoas, mas n\u00e3o h\u00e1 alternativas\u201d, salientou o governador Romeu Zema.<br><br><strong>Di\u00e1logo<\/strong> &#8211; O secret\u00e1rio de Estado de Governo, Igor Eto, ressalta que a secretaria est\u00e1 fazendo interlocu\u00e7\u00e3o junto aos munic\u00edpios, apresentando dados e demonstrando a import\u00e2ncia das a\u00e7\u00f5es determinadas pelo Estado.<br><br>\u201cRessalto a import\u00e2ncia do cumprimento das regras pelos 853 munic\u00edpios de Minas, regras estas que t\u00eam o respaldo do MP, da AGE, da Defensoria, al\u00e9m de outros \u00f3rg\u00e3os\u00a0que nos ajudam no cumprimento da onda roxa, incluindo a\u00a0<a rel=\"noreferrer noopener\" href=\"http:\/\/www.policiamilitar.mg.gov.br\/\" target=\"_blank\">Policia Militar<\/a>. Agrade\u00e7o muito aos munic\u00edpios que cumprem a lei e ressalto que \u00e9 fundamental que todos os munic\u00edpios tenham a compreens\u00e3o de que isso \u00e9 passageiro. Pe\u00e7o encarecidamente \u00e0queles que ainda t\u00eam d\u00favidas que entrem em contato conosco para esclarecer e entender a import\u00e2ncia dessa fase que estamos vivendo no nosso estado\u201d, afirmou.<br><br>Segundo o advogado-geral do Estado, S\u00e9rgio Pessoa, a AGE est\u00e1 em contato com o Minist\u00e9rio P\u00fablico para dialogar com os munic\u00edpios de forma conjunta para a imposi\u00e7\u00e3o da onda roxa. \u201cTivemos conversa hoje e evolu\u00edmos para um ato conjunto entre Estado, via AGE, e MPMG em rela\u00e7\u00e3o ao cumprimento da onda roxa pelo conjunto dos munic\u00edpios. Temos uma realidade agora que n\u00e3o \u00e9 mais uma recomenda\u00e7\u00e3o, uma vez que a situa\u00e7\u00e3o gera impacto em toda a rede estadual. \u00c9 uma quest\u00e3o supramunicipal\u201d, afirmou.<br><br>Representante do Minist\u00e9rio P\u00fablico no Comit\u00ea, o promotor Luciano Oliveira esclareceu que a atua\u00e7\u00e3o do \u00f3rg\u00e3o ser\u00e1 no mesmo sentido. \u201cEstamos propondo que as not\u00edcias (de eventuais quest\u00f5es envolvendo os munic\u00edpios) sejam encaminhadas \u00e0 Advocacia-Geral do Estado. Com apoio do Minist\u00e9rio P\u00fablico e da Secretaria de Governo,\u00a0buscaremos o di\u00e1logo. Mas, havendo problema, o uso da via judicial n\u00e3o est\u00e1 desprezado\u201d, refor\u00e7ou.<br><br>A Defensoria P\u00fablica, representada no Comit\u00ea pela defensora Raquel Costa, tamb\u00e9m manifestou apoio \u00e0 atua\u00e7\u00e3o conjunta nas cidades mineiras para que haja o cumprimento da delibera\u00e7\u00e3o estadual.<\/p>\n\n\n\n<figure class=\"wp-block-image size-large is-resized\"><img loading=\"lazy\" decoding=\"async\" src=\"https:\/\/diariotribuna.com.br\/wp-content\/uploads\/2021\/03\/unnamed.png\" alt=\"\" class=\"wp-image-8702\" width=\"556\" height=\"242\" srcset=\"https:\/\/diariotribuna.com.br\/wp-content\/uploads\/2021\/03\/unnamed.png 700w, https:\/\/diariotribuna.com.br\/wp-content\/uploads\/2021\/03\/unnamed-300x131.png 300w, https:\/\/diariotribuna.com.br\/wp-content\/uploads\/2021\/03\/unnamed-696x304.png 696w\" sizes=\"(max-width: 556px) 100vw, 556px\" \/><\/figure>\n\n\n\n<p><strong>Restri\u00e7\u00f5es<\/strong> &#8211; <strong>A partir desta quarta-feira (17\/3), a ades\u00e3o \u00e0 onda roxa passou a ser impositiva a todos os 853 munic\u00edpios mineiros pelos pr\u00f3ximos 15 dias<\/strong>. Nesta fase do plano Minas Consciente, as cidades devem seguir as medidas mais severas de restri\u00e7\u00e3o, sendo permitido o funcionamento apenas de servi\u00e7os essenciais e a circula\u00e7\u00e3o de pessoas fica limitada aos funcion\u00e1rios e usu\u00e1rios desses estabelecimentos; com toque de recolher das 20h \u00e0s 5h e aos finais de semana.<br><br>O deslocamento por qualquer outra raz\u00e3o, com exce\u00e7\u00e3o dos trabalhadores envolvidos com as atividades essenciais, dever\u00e1 ser justificado<em>.<\/em>\u00a0<\/p>\n\n\n\n<h6 class=\"wp-block-heading\">\u00b7&nbsp;&nbsp;&nbsp;&nbsp;&nbsp;&nbsp;&nbsp;&nbsp;&nbsp;<em>Confira a delibera\u00e7\u00e3o 130 do Comit\u00ea Extraordin\u00e1rio Covid-19&nbsp;<a href=\"http:\/\/pesquisalegislativa.mg.gov.br\/LegislacaoCompleta.aspx?cod=194797&amp;marc=\" target=\"_blank\" rel=\"noreferrer noopener\">neste link<\/a><\/em><em>.<\/em><em><br><\/em><em>(<a href=\"http:\/\/pesquisalegislativa.mg.gov.br\/LegislacaoCompleta.aspx?cod=194797&amp;marc=\" target=\"_blank\" rel=\"noreferrer noopener\">http:\/\/pesquisalegislativa.mg.gov.br\/LegislacaoCompleta.aspx?cod=194797&amp;marc=<\/a>)<\/em><\/h6>\n\n\n\n<p>Segundo o secret\u00e1rio de Estado de Sa\u00fade, o m\u00e9dico F\u00e1bio Baccheretti, a decis\u00e3o tomada pelo Estado \u201c\u00e9 dura, mas necess\u00e1ria&#8217;. \u201cO aumento da incid\u00eancia da doen\u00e7a, visto nos dados apresentados ao comit\u00ea, aumenta a interna\u00e7\u00e3o, a ocupa\u00e7\u00e3o do CTI e o \u00f3bito, o que vai gerar impactos nos pr\u00f3ximos dias em todo o estado\u201d, afirmou.<\/p>\n\n\n\n<figure class=\"wp-block-image size-large is-resized\"><img loading=\"lazy\" decoding=\"async\" src=\"https:\/\/diariotribuna.com.br\/wp-content\/uploads\/2021\/03\/Onda-Roxa.png\" alt=\"\" class=\"wp-image-8704\" width=\"507\" height=\"391\" srcset=\"https:\/\/diariotribuna.com.br\/wp-content\/uploads\/2021\/03\/Onda-Roxa.png 700w, https:\/\/diariotribuna.com.br\/wp-content\/uploads\/2021\/03\/Onda-Roxa-300x231.png 300w, https:\/\/diariotribuna.com.br\/wp-content\/uploads\/2021\/03\/Onda-Roxa-696x537.png 696w, https:\/\/diariotribuna.com.br\/wp-content\/uploads\/2021\/03\/Onda-Roxa-544x420.png 544w\" sizes=\"(max-width: 507px) 100vw, 507px\" \/><\/figure>\n\n\n\n<p><strong>Prorroga\u00e7\u00e3o<\/strong> &#8211; Durante a reuni\u00e3o do Comit\u00ea Extraordin\u00e1rio Covid-19 tamb\u00e9m foi debatida a situa\u00e7\u00e3o das regi\u00f5es que j\u00e1 estavam na onda roxa do plano Minas Consciente desde o dia 3 de mar\u00e7o, e cujo prazo venceria nesta semana, como Tri\u00e2ngulo Norte e Noroeste. Elas tiveram a prorroga\u00e7\u00e3o autom\u00e1tica do tempo de perman\u00eancia da faixa roxa, iniciando nesta quarta-feira (17\/3) e terminando no dia 31.<\/p>\n\n\n\n<p>J\u00e1 as micro que teriam o prazo de 15 dias na onda roxa encerrado na pr\u00f3xima semana, como parte da Centro, Centro-Sul e Sudeste, ter\u00e3o os prazos de vig\u00eancia mantidos.<\/p>\n\n\n\n<figure class=\"wp-block-image size-large is-resized\"><img loading=\"lazy\" decoding=\"async\" src=\"https:\/\/diariotribuna.com.br\/wp-content\/uploads\/2021\/03\/Onda-Roxa-Medidas.png\" alt=\"\" class=\"wp-image-8705\" width=\"509\" height=\"393\" srcset=\"https:\/\/diariotribuna.com.br\/wp-content\/uploads\/2021\/03\/Onda-Roxa-Medidas.png 700w, https:\/\/diariotribuna.com.br\/wp-content\/uploads\/2021\/03\/Onda-Roxa-Medidas-300x231.png 300w, https:\/\/diariotribuna.com.br\/wp-content\/uploads\/2021\/03\/Onda-Roxa-Medidas-696x537.png 696w, https:\/\/diariotribuna.com.br\/wp-content\/uploads\/2021\/03\/Onda-Roxa-Medidas-544x420.png 544w\" sizes=\"(max-width: 509px) 100vw, 509px\" \/><\/figure>\n\n\n\n<p><strong>(Governo de Minas &#8211; Central de Imprensa<\/strong>)<\/p>\n","protected":false},"excerpt":{"rendered":"<p>Fase mais restritiva do plano Minas Consciente passou a valer em todo o estado nesta quarta (17\/3); \u00f3rg\u00e3os refor\u00e7aram apoio \u00e0s a\u00e7\u00f5es durante reuni\u00e3o do Comit\u00ea Covid-19 O\u00a0Governo de Minas, por meio da\u00a0Advocacia-Geral do Estado (AGE)\u00a0e da\u00a0Secretaria de Estado de Governo (Segov), vai atuar em conjunto com o Minist\u00e9rio P\u00fablico de Minas (MPMG) e a [&hellip;]<\/p>\n","protected":false},"author":1,"featured_media":8702,"comment_status":"open","ping_status":"open","sticky":false,"template":"","format":"standard","meta":{"rop_custom_images_group":[],"rop_custom_messages_group":[],"rop_publish_now":"initial","rop_publish_now_accounts":[],"rop_publish_now_history":[],"rop_publish_now_status":"pending","footnotes":""},"categories":[192],"tags":[84,2804,90,146,2805],"class_list":["post-8701","post","type-post","status-publish","format-standard","has-post-thumbnail","hentry","category-covid19","tag-covid-19","tag-dpmg","tag-governo","tag-mpmg","tag-trabalho-conjunto"],"_links":{"self":[{"href":"https:\/\/diariotribuna.com.br\/index.php?rest_route=\/wp\/v2\/posts\/8701"}],"collection":[{"href":"https:\/\/diariotribuna.com.br\/index.php?rest_route=\/wp\/v2\/posts"}],"about":[{"href":"https:\/\/diariotribuna.com.br\/index.php?rest_route=\/wp\/v2\/types\/post"}],"author":[{"embeddable":true,"href":"https:\/\/diariotribuna.com.br\/index.php?rest_route=\/wp\/v2\/users\/1"}],"replies":[{"embeddable":true,"href":"https:\/\/diariotribuna.com.br\/index.php?rest_route=%2Fwp%2Fv2%2Fcomments&post=8701"}],"version-history":[{"count":2,"href":"https:\/\/diariotribuna.com.br\/index.php?rest_route=\/wp\/v2\/posts\/8701\/revisions"}],"predecessor-version":[{"id":8707,"href":"https:\/\/diariotribuna.com.br\/index.php?rest_route=\/wp\/v2\/posts\/8701\/revisions\/8707"}],"wp:featuredmedia":[{"embeddable":true,"href":"https:\/\/diariotribuna.com.br\/index.php?rest_route=\/wp\/v2\/media\/8702"}],"wp:attachment":[{"href":"https:\/\/diariotribuna.com.br\/index.php?rest_route=%2Fwp%2Fv2%2Fmedia&parent=8701"}],"wp:term":[{"taxonomy":"category","embeddable":true,"href":"https:\/\/diariotribuna.com.br\/index.php?rest_route=%2Fwp%2Fv2%2Fcategories&post=8701"},{"taxonomy":"post_tag","embeddable":true,"href":"https:\/\/diariotribuna.com.br\/index.php?rest_route=%2Fwp%2Fv2%2Ftags&post=8701"}],"curies":[{"name":"wp","href":"https:\/\/api.w.org\/{rel}","templated":true}]}}