{"id":8712,"date":"2021-03-19T00:54:19","date_gmt":"2021-03-19T03:54:19","guid":{"rendered":"https:\/\/diariotribuna.com.br\/?p=8712"},"modified":"2021-03-19T00:54:21","modified_gmt":"2021-03-19T03:54:21","slug":"teofilo-otoni-registra-196-obitos-por-complicacoes-causadas-pela-covid-19","status":"publish","type":"post","link":"https:\/\/diariotribuna.com.br\/?p=8712","title":{"rendered":"Te\u00f3filo Otoni registra 196 \u00f3bitos por complica\u00e7\u00f5es causadas pela Covid-19"},"content":{"rendered":"\n<figure class=\"wp-block-image size-large is-resized\"><img loading=\"lazy\" decoding=\"async\" src=\"https:\/\/diariotribuna.com.br\/wp-content\/uploads\/2021\/03\/Teofilo-Otoni-2.jpg\" alt=\"\" class=\"wp-image-8713\" width=\"506\" height=\"284\" srcset=\"https:\/\/diariotribuna.com.br\/wp-content\/uploads\/2021\/03\/Teofilo-Otoni-2.jpg 640w, https:\/\/diariotribuna.com.br\/wp-content\/uploads\/2021\/03\/Teofilo-Otoni-2-300x169.jpg 300w\" sizes=\"(max-width: 506px) 100vw, 506px\" \/><\/figure>\n\n\n\n<p>O boletim epidemiol\u00f3gico divulgado na noite desta quinta-feira (18\/03) pela Secretaria Municipal de Sa\u00fade, confirma 7.398 casos positivos de covid-19 em Te\u00f3filo Otoni, 159 a mais nas \u00faltimas 24 horas, e registra mais 02 \u00f3bitos por complica\u00e7\u00f5es causadas pela covid-19, totalizando 196, tendo ainda 02 \u00f3bitos em investiga\u00e7\u00e3o. Ainda de acordo com o boletim tem 406 casos ativos, 6.753 casos recuperados, e 18.795 casos suspeitos foram descartados.<\/p>\n\n\n\n<p>Os 02 \u00faltimos \u00f3bitos ocorreram nos dias 17 e 18\/03\/2021 (quarta e quinta-feira). O 1\u00ba trata-se de uma idosa de 83 anos, que estava internada no Pronto Atendimento da Unimed. O 2\u00ba \u00f3bito \u00e9 de uma idosa de 75 anos, que estava internada no Hospital Philadelfia, As duas pacientes eram portadoras de comorbidades e tiveram os resultados confirmados por RT-PCR.<\/p>\n\n\n\n<p>No boletim de quarta-feira (17), foram inseridos 03 \u00f3bitos: o 1\u00ba \u00e9 de uma idosa de 62 anos, que estava internada no Hospital Philadelfia. O 2\u00ba \u00e9 de um idoso de 67 anos, que estava internado no Hospital Santa Ros\u00e1lia. O 3\u00ba \u00e9 de uma idosa de 72 anos, que estava internada na UPA 24 Horas (Avenida Get\u00falio Vargas). Todos os tr\u00eas pacientes eram portadores de comorbidades e tiveram os resultados confirmados por RT-PCR.<\/p>\n\n\n\n<p><strong>Interna\u00e7\u00f5es at\u00e9 (18\/03):<\/strong> Pelo <strong>SUS, Conv\u00eanio e Particular<\/strong> tem 40 leitos de UTI Covid no munic\u00edpio e 39 est\u00e3o ocupados, sendo 21 pacientes de Te\u00f3filo Otoni e 18 de outros munic\u00edpios <strong>(97,50% de ocupa\u00e7\u00e3o<\/strong>). Tem <strong>58 Leitos de Enfermaria Covid<\/strong> e 40 est\u00e3o ocupados, sendo 33 pacientes de Te\u00f3filo Otoni e 7 de outros munic\u00edpios <strong>(68,97% de ocupa\u00e7\u00e3o)<\/strong>.<\/p>\n\n\n\n<p><strong>Vacin\u00f4metro:<\/strong> dados atualizados nesta quinta-feira (18\/03) mostram que j\u00e1 foram aplicadas 6.108 doses de vacina contra a covid-19 (na 1\u00aa dose), e 3.892 doses (na 2\u00aa).<\/p>\n","protected":false},"excerpt":{"rendered":"<p>O boletim epidemiol\u00f3gico divulgado na noite desta quinta-feira (18\/03) pela Secretaria Municipal de Sa\u00fade, confirma 7.398 casos positivos de covid-19 em Te\u00f3filo Otoni, 159 a mais nas \u00faltimas 24 horas, e registra mais 02 \u00f3bitos por complica\u00e7\u00f5es causadas pela covid-19, totalizando 196, tendo ainda 02 \u00f3bitos em investiga\u00e7\u00e3o. Ainda de acordo com o boletim tem [&hellip;]<\/p>\n","protected":false},"author":1,"featured_media":8713,"comment_status":"open","ping_status":"open","sticky":false,"template":"","format":"standard","meta":{"rop_custom_images_group":[],"rop_custom_messages_group":[],"rop_publish_now":"initial","rop_publish_now_accounts":[],"rop_publish_now_history":[],"rop_publish_now_status":"pending","footnotes":""},"categories":[192],"tags":[2806,489,84,75],"class_list":["post-8712","post","type-post","status-publish","format-standard","has-post-thumbnail","hentry","category-covid19","tag-18-03-2021","tag-boletim-epidemiologico","tag-covid-19","tag-teofilo-otoni"],"_links":{"self":[{"href":"https:\/\/diariotribuna.com.br\/index.php?rest_route=\/wp\/v2\/posts\/8712"}],"collection":[{"href":"https:\/\/diariotribuna.com.br\/index.php?rest_route=\/wp\/v2\/posts"}],"about":[{"href":"https:\/\/diariotribuna.com.br\/index.php?rest_route=\/wp\/v2\/types\/post"}],"author":[{"embeddable":true,"href":"https:\/\/diariotribuna.com.br\/index.php?rest_route=\/wp\/v2\/users\/1"}],"replies":[{"embeddable":true,"href":"https:\/\/diariotribuna.com.br\/index.php?rest_route=%2Fwp%2Fv2%2Fcomments&post=8712"}],"version-history":[{"count":1,"href":"https:\/\/diariotribuna.com.br\/index.php?rest_route=\/wp\/v2\/posts\/8712\/revisions"}],"predecessor-version":[{"id":8714,"href":"https:\/\/diariotribuna.com.br\/index.php?rest_route=\/wp\/v2\/posts\/8712\/revisions\/8714"}],"wp:featuredmedia":[{"embeddable":true,"href":"https:\/\/diariotribuna.com.br\/index.php?rest_route=\/wp\/v2\/media\/8713"}],"wp:attachment":[{"href":"https:\/\/diariotribuna.com.br\/index.php?rest_route=%2Fwp%2Fv2%2Fmedia&parent=8712"}],"wp:term":[{"taxonomy":"category","embeddable":true,"href":"https:\/\/diariotribuna.com.br\/index.php?rest_route=%2Fwp%2Fv2%2Fcategories&post=8712"},{"taxonomy":"post_tag","embeddable":true,"href":"https:\/\/diariotribuna.com.br\/index.php?rest_route=%2Fwp%2Fv2%2Ftags&post=8712"}],"curies":[{"name":"wp","href":"https:\/\/api.w.org\/{rel}","templated":true}]}}