{"id":8715,"date":"2021-03-19T00:59:00","date_gmt":"2021-03-19T03:59:00","guid":{"rendered":"https:\/\/diariotribuna.com.br\/?p=8715"},"modified":"2021-03-19T00:59:03","modified_gmt":"2021-03-19T03:59:03","slug":"camara-municipal-suspende-atendimento-ao-publico-devido-a-covid-19","status":"publish","type":"post","link":"https:\/\/diariotribuna.com.br\/?p=8715","title":{"rendered":"C\u00e2mara Municipal suspende atendimento ao p\u00fablico devido \u00e0 covid-19"},"content":{"rendered":"\n<figure class=\"wp-block-image size-large is-resized\"><img loading=\"lazy\" decoding=\"async\" src=\"https:\/\/diariotribuna.com.br\/wp-content\/uploads\/2021\/03\/d66c4ef5-2c17-4f4a-9372-18d55cd679f7.jpg\" alt=\"\" class=\"wp-image-8716\" width=\"509\" height=\"285\" srcset=\"https:\/\/diariotribuna.com.br\/wp-content\/uploads\/2021\/03\/d66c4ef5-2c17-4f4a-9372-18d55cd679f7.jpg 700w, https:\/\/diariotribuna.com.br\/wp-content\/uploads\/2021\/03\/d66c4ef5-2c17-4f4a-9372-18d55cd679f7-300x168.jpg 300w, https:\/\/diariotribuna.com.br\/wp-content\/uploads\/2021\/03\/d66c4ef5-2c17-4f4a-9372-18d55cd679f7-696x391.jpg 696w\" sizes=\"(max-width: 509px) 100vw, 509px\" \/><\/figure>\n\n\n\n<p>A C\u00e2mara Municipal de Te\u00f3filo Otoni, em decorr\u00eancia da imposi\u00e7\u00e3o da Onda Roxa do programa Minas Consciente em todo estado, devido ao aumento de casos positivos relacionados ao novo coronav\u00edrus (covid-19), falta de leitos hospitalares, informou atrav\u00e9s de sua assessoria de imprensa que a partir de quarta-feira (17\/03), o atendimento ao p\u00fablico ser\u00e1 feita de forma virtual.<\/p>\n\n\n\n<p>\u201cPara que o trabalho continue da melhor maneira poss\u00edvel, as reuni\u00f5es internas, inclusive, as de comiss\u00f5es parlamentares ser\u00e3o feitas de maneira remota. A comunidade que precisar fazer contato com algum vereador tamb\u00e9m poder\u00e1 procur\u00e1-lo por meio de suas redes sociais\u201d, diz a nota.<\/p>\n\n\n\n<p>De acordo com o presidente da C\u00e2mara Municipal, vereador F\u00e1bio Lemes, \u201co momento \u00e9 de solidarizarmos e cumprirmos as normas sanit\u00e1rias para que possamos ter um avan\u00e7o positivo na luta contra a covid-19. Infelizmente teremos de suspender o atendimento presencial ao p\u00fablico, em virtude da pandemia. Hoje temos muitas pessoas hospitalizadas e at\u00e9 mesmo falta de leitos. Por isso, \u00e9 importante que neste momento n\u00f3s sigamos a onda roxa, decretada em todo o estado de Minas Gerais. N\u00f3s s\u00f3 sairemos dessa situa\u00e7\u00e3o se houver a uni\u00e3o e sensibilidade de todos\u201d, afirmou. (Assessoria de comunica\u00e7\u00e3o\/ CMTO).<\/p>\n","protected":false},"excerpt":{"rendered":"<p>A C\u00e2mara Municipal de Te\u00f3filo Otoni, em decorr\u00eancia da imposi\u00e7\u00e3o da Onda Roxa do programa Minas Consciente em todo estado, devido ao aumento de casos positivos relacionados ao novo coronav\u00edrus (covid-19), falta de leitos hospitalares, informou atrav\u00e9s de sua assessoria de imprensa que a partir de quarta-feira (17\/03), o atendimento ao p\u00fablico ser\u00e1 feita de [&hellip;]<\/p>\n","protected":false},"author":1,"featured_media":8716,"comment_status":"open","ping_status":"open","sticky":false,"template":"","format":"standard","meta":{"rop_custom_images_group":[],"rop_custom_messages_group":[],"rop_publish_now":"initial","rop_publish_now_accounts":[],"rop_publish_now_history":[],"rop_publish_now_status":"pending","footnotes":""},"categories":[17],"tags":[939,1981,84,2807,75,692],"class_list":["post-8715","post","type-post","status-publish","format-standard","has-post-thumbnail","hentry","category-teofilootoni","tag-atendimento","tag-camara-municipal","tag-covid-19","tag-publico","tag-teofilo-otoni","tag-virtual"],"_links":{"self":[{"href":"https:\/\/diariotribuna.com.br\/index.php?rest_route=\/wp\/v2\/posts\/8715"}],"collection":[{"href":"https:\/\/diariotribuna.com.br\/index.php?rest_route=\/wp\/v2\/posts"}],"about":[{"href":"https:\/\/diariotribuna.com.br\/index.php?rest_route=\/wp\/v2\/types\/post"}],"author":[{"embeddable":true,"href":"https:\/\/diariotribuna.com.br\/index.php?rest_route=\/wp\/v2\/users\/1"}],"replies":[{"embeddable":true,"href":"https:\/\/diariotribuna.com.br\/index.php?rest_route=%2Fwp%2Fv2%2Fcomments&post=8715"}],"version-history":[{"count":1,"href":"https:\/\/diariotribuna.com.br\/index.php?rest_route=\/wp\/v2\/posts\/8715\/revisions"}],"predecessor-version":[{"id":8717,"href":"https:\/\/diariotribuna.com.br\/index.php?rest_route=\/wp\/v2\/posts\/8715\/revisions\/8717"}],"wp:featuredmedia":[{"embeddable":true,"href":"https:\/\/diariotribuna.com.br\/index.php?rest_route=\/wp\/v2\/media\/8716"}],"wp:attachment":[{"href":"https:\/\/diariotribuna.com.br\/index.php?rest_route=%2Fwp%2Fv2%2Fmedia&parent=8715"}],"wp:term":[{"taxonomy":"category","embeddable":true,"href":"https:\/\/diariotribuna.com.br\/index.php?rest_route=%2Fwp%2Fv2%2Fcategories&post=8715"},{"taxonomy":"post_tag","embeddable":true,"href":"https:\/\/diariotribuna.com.br\/index.php?rest_route=%2Fwp%2Fv2%2Ftags&post=8715"}],"curies":[{"name":"wp","href":"https:\/\/api.w.org\/{rel}","templated":true}]}}