{"id":8718,"date":"2021-03-19T01:04:20","date_gmt":"2021-03-19T04:04:20","guid":{"rendered":"https:\/\/diariotribuna.com.br\/?p=8718"},"modified":"2021-03-19T01:04:22","modified_gmt":"2021-03-19T04:04:22","slug":"policia-militar-e-poder-judiciario-promovem-acao-social-em-aguas-formosas","status":"publish","type":"post","link":"https:\/\/diariotribuna.com.br\/?p=8718","title":{"rendered":"Policia Militar e Poder Judici\u00e1rio promovem a\u00e7\u00e3o social em \u00c1guas Formosas"},"content":{"rendered":"\n<figure class=\"wp-block-image size-large is-resized\"><img loading=\"lazy\" decoding=\"async\" src=\"https:\/\/diariotribuna.com.br\/wp-content\/uploads\/2021\/03\/unnamed-file.jpeg\" alt=\"\" class=\"wp-image-8719\" width=\"498\" height=\"308\" srcset=\"https:\/\/diariotribuna.com.br\/wp-content\/uploads\/2021\/03\/unnamed-file.jpeg 700w, https:\/\/diariotribuna.com.br\/wp-content\/uploads\/2021\/03\/unnamed-file-300x186.jpeg 300w, https:\/\/diariotribuna.com.br\/wp-content\/uploads\/2021\/03\/unnamed-file-356x220.jpeg 356w, https:\/\/diariotribuna.com.br\/wp-content\/uploads\/2021\/03\/unnamed-file-696x432.jpeg 696w, https:\/\/diariotribuna.com.br\/wp-content\/uploads\/2021\/03\/unnamed-file-677x420.jpeg 677w\" sizes=\"(max-width: 498px) 100vw, 498px\" \/><\/figure>\n\n\n\n<p>Promover a alimenta\u00e7\u00e3o solid\u00e1ria \u00e9 um dever de todos, por isso e, sensibilizados com a situa\u00e7\u00e3o cr\u00edtica em que muitas fam\u00edlias carentes se encontram, o Poder Judici\u00e1rio em \u00c1guas Formosas, procurou a Pol\u00edcia Militar, para juntos tentarem diminuir os efeitos desse cen\u00e1rio. Para tornar a a\u00e7\u00e3o poss\u00edvel, foi firmada uma parceria com o CRAS, Poder Judici\u00e1rio, Pol\u00edcia Civil e Minist\u00e9rio P\u00fablico na comarca de \u00c1guas Formosas.<\/p>\n\n\n\n<p>A princ\u00edpio o projeto arrecadou 84 cestas, e na sexta-feira (12\/03), os organizadores atenderam \u00e0s fam\u00edlias da Rede de Prote\u00e7\u00e3o a v\u00edtimas de Viol\u00eancia Dom\u00e9stica da cidade. O objetivo \u00e9 beneficiar fam\u00edlias das 07 cidades pertencentes \u00e0 comarca. (Assessoria de comunica\u00e7\u00e3o organizacional da 24\u00aa Cia Pm Ind, Nanuque).<\/p>\n","protected":false},"excerpt":{"rendered":"<p>Promover a alimenta\u00e7\u00e3o solid\u00e1ria \u00e9 um dever de todos, por isso e, sensibilizados com a situa\u00e7\u00e3o cr\u00edtica em que muitas fam\u00edlias carentes se encontram, o Poder Judici\u00e1rio em \u00c1guas Formosas, procurou a Pol\u00edcia Militar, para juntos tentarem diminuir os efeitos desse cen\u00e1rio. Para tornar a a\u00e7\u00e3o poss\u00edvel, foi firmada uma parceria com o CRAS, Poder [&hellip;]<\/p>\n","protected":false},"author":1,"featured_media":8719,"comment_status":"open","ping_status":"open","sticky":false,"template":"","format":"standard","meta":{"rop_custom_images_group":[],"rop_custom_messages_group":[],"rop_publish_now":"initial","rop_publish_now_accounts":[],"rop_publish_now_history":[],"rop_publish_now_status":"pending","footnotes":""},"categories":[18],"tags":[2810,590,892,2809,128],"class_list":["post-8718","post","type-post","status-publish","format-standard","has-post-thumbnail","hentry","category-regiao","tag-acao-social","tag-aguas-formosas","tag-parceria","tag-pj","tag-pmmg"],"_links":{"self":[{"href":"https:\/\/diariotribuna.com.br\/index.php?rest_route=\/wp\/v2\/posts\/8718"}],"collection":[{"href":"https:\/\/diariotribuna.com.br\/index.php?rest_route=\/wp\/v2\/posts"}],"about":[{"href":"https:\/\/diariotribuna.com.br\/index.php?rest_route=\/wp\/v2\/types\/post"}],"author":[{"embeddable":true,"href":"https:\/\/diariotribuna.com.br\/index.php?rest_route=\/wp\/v2\/users\/1"}],"replies":[{"embeddable":true,"href":"https:\/\/diariotribuna.com.br\/index.php?rest_route=%2Fwp%2Fv2%2Fcomments&post=8718"}],"version-history":[{"count":1,"href":"https:\/\/diariotribuna.com.br\/index.php?rest_route=\/wp\/v2\/posts\/8718\/revisions"}],"predecessor-version":[{"id":8720,"href":"https:\/\/diariotribuna.com.br\/index.php?rest_route=\/wp\/v2\/posts\/8718\/revisions\/8720"}],"wp:featuredmedia":[{"embeddable":true,"href":"https:\/\/diariotribuna.com.br\/index.php?rest_route=\/wp\/v2\/media\/8719"}],"wp:attachment":[{"href":"https:\/\/diariotribuna.com.br\/index.php?rest_route=%2Fwp%2Fv2%2Fmedia&parent=8718"}],"wp:term":[{"taxonomy":"category","embeddable":true,"href":"https:\/\/diariotribuna.com.br\/index.php?rest_route=%2Fwp%2Fv2%2Fcategories&post=8718"},{"taxonomy":"post_tag","embeddable":true,"href":"https:\/\/diariotribuna.com.br\/index.php?rest_route=%2Fwp%2Fv2%2Ftags&post=8718"}],"curies":[{"name":"wp","href":"https:\/\/api.w.org\/{rel}","templated":true}]}}