{"id":8721,"date":"2021-03-19T01:23:35","date_gmt":"2021-03-19T04:23:35","guid":{"rendered":"https:\/\/diariotribuna.com.br\/?p=8721"},"modified":"2021-03-22T15:06:29","modified_gmt":"2021-03-22T18:06:29","slug":"a-camara-municipal-de-ataleia-concede-titulo-de-cidadao-honorario-ao-dr-marcio-pereira","status":"publish","type":"post","link":"https:\/\/diariotribuna.com.br\/?p=8721","title":{"rendered":"A C\u00e2mara Municipal de Atal\u00e9ia concede T\u00edtulo de Cidad\u00e3o Honor\u00e1rio ao dr. M\u00e1rcio Pereira"},"content":{"rendered":"\n<figure class=\"wp-block-image size-large is-resized\"><img loading=\"lazy\" decoding=\"async\" src=\"https:\/\/diariotribuna.com.br\/wp-content\/uploads\/2021\/03\/334c4b3c-2e8d-4b93-af41-db02f72d26df.jpg\" alt=\"\" class=\"wp-image-8722\" width=\"561\" height=\"297\" srcset=\"https:\/\/diariotribuna.com.br\/wp-content\/uploads\/2021\/03\/334c4b3c-2e8d-4b93-af41-db02f72d26df.jpg 700w, https:\/\/diariotribuna.com.br\/wp-content\/uploads\/2021\/03\/334c4b3c-2e8d-4b93-af41-db02f72d26df-300x159.jpg 300w, https:\/\/diariotribuna.com.br\/wp-content\/uploads\/2021\/03\/334c4b3c-2e8d-4b93-af41-db02f72d26df-696x369.jpg 696w\" sizes=\"(max-width: 561px) 100vw, 561px\" \/><\/figure>\n\n\n\n<p>A C\u00e2mara Municipal de Atal\u00e9ia em sess\u00e3o solene realizada na segunda-feira (15\/03\/21), concedeu o t\u00edtulo de Cidad\u00e3o Honor\u00e1rio ao Delegado da Pol\u00edcia Civil de Minas Gerais, dr. M\u00e1rcio Pereira de Souza. A sess\u00e3o aconteceu no plen\u00e1rio na C\u00e2mara Municipal da cidade, e contou com a presen\u00e7a de autoridades representativas da Pol\u00edcia Civil, como o delegado Regional de Te\u00f3filo Otoni, dr. Washington Souza Filho e dra. Mariana Grassi Ceolin, al\u00e9m de outros convidados presentes da sociedade civil.<\/p>\n\n\n\n<figure class=\"wp-block-gallery columns-2 is-cropped wp-block-gallery-1 is-layout-flex wp-block-gallery-is-layout-flex\"><ul class=\"blocks-gallery-grid\"><li class=\"blocks-gallery-item\"><figure><img loading=\"lazy\" decoding=\"async\" width=\"500\" height=\"349\" src=\"https:\/\/diariotribuna.com.br\/wp-content\/uploads\/2021\/03\/65413d1f-7a36-4cbc-8f53-c9c29f40b7d2.jpg\" alt=\"\" data-id=\"8723\" data-full-url=\"https:\/\/diariotribuna.com.br\/wp-content\/uploads\/2021\/03\/65413d1f-7a36-4cbc-8f53-c9c29f40b7d2.jpg\" data-link=\"https:\/\/diariotribuna.com.br\/?attachment_id=8723\" class=\"wp-image-8723\" srcset=\"https:\/\/diariotribuna.com.br\/wp-content\/uploads\/2021\/03\/65413d1f-7a36-4cbc-8f53-c9c29f40b7d2.jpg 500w, https:\/\/diariotribuna.com.br\/wp-content\/uploads\/2021\/03\/65413d1f-7a36-4cbc-8f53-c9c29f40b7d2-300x209.jpg 300w, https:\/\/diariotribuna.com.br\/wp-content\/uploads\/2021\/03\/65413d1f-7a36-4cbc-8f53-c9c29f40b7d2-100x70.jpg 100w\" sizes=\"(max-width: 500px) 100vw, 500px\" \/><figcaption class=\"blocks-gallery-item__caption\">Dr. M\u00e1rcio com a dra Mariana Ceolin e dr. Washington Souza Filho<\/figcaption><\/figure><\/li><li class=\"blocks-gallery-item\"><figure><img loading=\"lazy\" decoding=\"async\" width=\"500\" height=\"349\" src=\"https:\/\/diariotribuna.com.br\/wp-content\/uploads\/2021\/03\/6d85bdc1-c4d7-4aca-9cfa-dff51744dffe.jpg\" alt=\"\" data-id=\"8724\" data-full-url=\"https:\/\/diariotribuna.com.br\/wp-content\/uploads\/2021\/03\/6d85bdc1-c4d7-4aca-9cfa-dff51744dffe.jpg\" data-link=\"https:\/\/diariotribuna.com.br\/?attachment_id=8724\" class=\"wp-image-8724\" srcset=\"https:\/\/diariotribuna.com.br\/wp-content\/uploads\/2021\/03\/6d85bdc1-c4d7-4aca-9cfa-dff51744dffe.jpg 500w, https:\/\/diariotribuna.com.br\/wp-content\/uploads\/2021\/03\/6d85bdc1-c4d7-4aca-9cfa-dff51744dffe-300x209.jpg 300w, https:\/\/diariotribuna.com.br\/wp-content\/uploads\/2021\/03\/6d85bdc1-c4d7-4aca-9cfa-dff51744dffe-100x70.jpg 100w\" sizes=\"(max-width: 500px) 100vw, 500px\" \/><figcaption class=\"blocks-gallery-item__caption\">Dr. M\u00e1rcio Pereira com sua esposa Nora<\/figcaption><\/figure><\/li><\/ul><\/figure>\n\n\n\n<p>A cerim\u00f4nia cumpriu com os protocolos de seguran\u00e7a sanit\u00e1ria contra a Covid-19 previstos pelo Minist\u00e9rio da Sa\u00fade. Os vereadores presentes, ressaltaram os relevantes servi\u00e7os prestados pelo dr. M\u00e1rcio Pereira e sua equipe na cidade e regi\u00e3o de Atal\u00e9ia, agradeceram e manifestaram apoio para a continuidade dos trabalhos. Dr. M\u00e1rcio ap\u00f3s cumprimentar a todos ali presentes agradeceu a indica\u00e7\u00e3o e a comenda recebida e terminou a sua fala, com um discurso emocionante.<\/p>\n\n\n\n<p><strong>Discurso de dr. M\u00e1rcio durante recebimento do T\u00edtulo de Cidad\u00e3o Honor\u00e1rio em Atal\u00e9ia:<\/strong> \u201cO dia n\u00e3o \u00e9 de festa, mas sim de pedidos de miseric\u00f3rdia e ora\u00e7\u00e3o pelo momento que estamos passando, no entanto, jamais me furtaria de alegrar-me e de sentir lisonjeado por esse momento de imensa gratid\u00e3o. Guardo gratid\u00e3o a todas as pessoas de bem dessa cidade, que enxergaram no trabalho da Pol\u00edcia Civil, nos \u00faltimos anos, marco civilizat\u00f3rio para a seguran\u00e7a p\u00fablica local.<\/p>\n\n\n\n<p>Atal\u00e9ia j\u00e1 fazia parte das hist\u00f3rias dos meus genitores que aqui marcaram \u00e9poca, uma vez que aqui t\u00eam ra\u00edzes, e sempre primei por buscar neste lugar a t\u00e3o almejada paz social. Ela pode at\u00e9 ser turbada momentaneamente, mas jamais abandonada.<\/p>\n\n\n\n<p>Desde que assumi a tarefa de responder em amplia\u00e7\u00e3o de compet\u00eancia por esta Delegacia, j\u00e1 era miss\u00e3o extirpar com o crime organizado local, e agora, ainda mais como cidad\u00e3o honor\u00e1rio, sentirei nos ombros a obriga\u00e7\u00e3o de servir bem essa sociedade. Muito obrigado a todos\u201d.<\/p>\n\n\n\n<p>Parab\u00e9ns ao dr. M\u00e1rcio Pereira por ter sido agraciado com esse t\u00edtulo. \u00c9 um delegado que presta relevantes servi\u00e7os na seguran\u00e7a p\u00fablica de Te\u00f3filo Otoni, Atal\u00e9ia e regi\u00e3o, atuando em opera\u00e7\u00f5es importantes, levando paz \u00e0 sociedade ordeira. Desempenha um trabalho s\u00e9rio, profissional, competente, e ter esse reconhecimento \u00e9 muito importante. A sociedade agradece.<\/p>\n\n\n\n<figure class=\"wp-block-image size-large is-resized\"><img loading=\"lazy\" decoding=\"async\" src=\"https:\/\/diariotribuna.com.br\/wp-content\/uploads\/2021\/03\/161064426_3846669642080266_5893750430210218005_n.jpg\" alt=\"\" class=\"wp-image-8726\" width=\"540\" height=\"417\" srcset=\"https:\/\/diariotribuna.com.br\/wp-content\/uploads\/2021\/03\/161064426_3846669642080266_5893750430210218005_n.jpg 700w, https:\/\/diariotribuna.com.br\/wp-content\/uploads\/2021\/03\/161064426_3846669642080266_5893750430210218005_n-300x232.jpg 300w, https:\/\/diariotribuna.com.br\/wp-content\/uploads\/2021\/03\/161064426_3846669642080266_5893750430210218005_n-696x538.jpg 696w, https:\/\/diariotribuna.com.br\/wp-content\/uploads\/2021\/03\/161064426_3846669642080266_5893750430210218005_n-543x420.jpg 543w\" sizes=\"(max-width: 540px) 100vw, 540px\" \/><\/figure>\n","protected":false},"excerpt":{"rendered":"<p>A C\u00e2mara Municipal de Atal\u00e9ia em sess\u00e3o solene realizada na segunda-feira (15\/03\/21), concedeu o t\u00edtulo de Cidad\u00e3o Honor\u00e1rio ao Delegado da Pol\u00edcia Civil de Minas Gerais, dr. M\u00e1rcio Pereira de Souza. A sess\u00e3o aconteceu no plen\u00e1rio na C\u00e2mara Municipal da cidade, e contou com a presen\u00e7a de autoridades representativas da Pol\u00edcia Civil, como o delegado [&hellip;]<\/p>\n","protected":false},"author":1,"featured_media":8725,"comment_status":"open","ping_status":"open","sticky":false,"template":"","format":"standard","meta":{"rop_custom_images_group":[],"rop_custom_messages_group":[],"rop_publish_now":"initial","rop_publish_now_accounts":[],"rop_publish_now_history":[],"rop_publish_now_status":"pending","footnotes":""},"categories":[19],"tags":[1529,960,2811,2812],"class_list":["post-8721","post","type-post","status-publish","format-standard","has-post-thumbnail","hentry","category-gerais","tag-ataleia-2","tag-delegado","tag-marcio-pereira","tag-titulo-de-cidadao-honorario"],"_links":{"self":[{"href":"https:\/\/diariotribuna.com.br\/index.php?rest_route=\/wp\/v2\/posts\/8721"}],"collection":[{"href":"https:\/\/diariotribuna.com.br\/index.php?rest_route=\/wp\/v2\/posts"}],"about":[{"href":"https:\/\/diariotribuna.com.br\/index.php?rest_route=\/wp\/v2\/types\/post"}],"author":[{"embeddable":true,"href":"https:\/\/diariotribuna.com.br\/index.php?rest_route=\/wp\/v2\/users\/1"}],"replies":[{"embeddable":true,"href":"https:\/\/diariotribuna.com.br\/index.php?rest_route=%2Fwp%2Fv2%2Fcomments&post=8721"}],"version-history":[{"count":1,"href":"https:\/\/diariotribuna.com.br\/index.php?rest_route=\/wp\/v2\/posts\/8721\/revisions"}],"predecessor-version":[{"id":8727,"href":"https:\/\/diariotribuna.com.br\/index.php?rest_route=\/wp\/v2\/posts\/8721\/revisions\/8727"}],"wp:featuredmedia":[{"embeddable":true,"href":"https:\/\/diariotribuna.com.br\/index.php?rest_route=\/wp\/v2\/media\/8725"}],"wp:attachment":[{"href":"https:\/\/diariotribuna.com.br\/index.php?rest_route=%2Fwp%2Fv2%2Fmedia&parent=8721"}],"wp:term":[{"taxonomy":"category","embeddable":true,"href":"https:\/\/diariotribuna.com.br\/index.php?rest_route=%2Fwp%2Fv2%2Fcategories&post=8721"},{"taxonomy":"post_tag","embeddable":true,"href":"https:\/\/diariotribuna.com.br\/index.php?rest_route=%2Fwp%2Fv2%2Ftags&post=8721"}],"curies":[{"name":"wp","href":"https:\/\/api.w.org\/{rel}","templated":true}]}}