{"id":8728,"date":"2021-03-19T10:13:43","date_gmt":"2021-03-19T13:13:43","guid":{"rendered":"https:\/\/diariotribuna.com.br\/?p=8728"},"modified":"2021-03-22T10:03:33","modified_gmt":"2021-03-22T13:03:33","slug":"diario-tribuna-19-de-marco-2021-teofilo-otoni-mg","status":"publish","type":"post","link":"https:\/\/diariotribuna.com.br\/?p=8728","title":{"rendered":"Di\u00e1rio Tribuna, 19 de Mar\u00e7o 2021, Te\u00f3filo Otoni &#8211; MG"},"content":{"rendered":"\n<figure class=\"wp-block-image size-large is-resized\"><img loading=\"lazy\" decoding=\"async\" src=\"https:\/\/diariotribuna.com.br\/wp-content\/uploads\/2021\/03\/e31f45b0-99d0-419b-a3c6-1a34d2291a26-729x1024.jpg\" alt=\"\" class=\"wp-image-8729\" width=\"426\" height=\"598\" srcset=\"https:\/\/diariotribuna.com.br\/wp-content\/uploads\/2021\/03\/e31f45b0-99d0-419b-a3c6-1a34d2291a26-729x1024.jpg 729w, https:\/\/diariotribuna.com.br\/wp-content\/uploads\/2021\/03\/e31f45b0-99d0-419b-a3c6-1a34d2291a26-214x300.jpg 214w, https:\/\/diariotribuna.com.br\/wp-content\/uploads\/2021\/03\/e31f45b0-99d0-419b-a3c6-1a34d2291a26-768x1079.jpg 768w, https:\/\/diariotribuna.com.br\/wp-content\/uploads\/2021\/03\/e31f45b0-99d0-419b-a3c6-1a34d2291a26-696x978.jpg 696w, https:\/\/diariotribuna.com.br\/wp-content\/uploads\/2021\/03\/e31f45b0-99d0-419b-a3c6-1a34d2291a26-299x420.jpg 299w, https:\/\/diariotribuna.com.br\/wp-content\/uploads\/2021\/03\/e31f45b0-99d0-419b-a3c6-1a34d2291a26.jpg 911w\" sizes=\"(max-width: 426px) 100vw, 426px\" \/><\/figure>\n\n\n\n<p><strong><strong>Acesse o link abaixo e veja a edi\u00e7\u00e3o completa do Di\u00e1rio Tribuna desta Sexta-feira (19\/03\/2021)<\/strong><\/strong><\/p>\n\n\n\n<h3 class=\"wp-block-heading\"><a href=\"https:\/\/diariotribuna.com.br\/wp-content\/uploads\/2021\/03\/DIARIO-TRIBUNA-51-ANOS-19-MARCO-2021.pdf\"><strong><span class=\"has-inline-color has-vivid-red-color\">https:\/\/diariotribuna.com.br\/wp-content\/uploads\/2021\/03\/DIARIO-TRIBUNA-51-ANOS-19-MARCO-2021.pdf<\/span><\/strong><\/a><\/h3>\n","protected":false},"excerpt":{"rendered":"<p>Acesse o link abaixo e veja a edi\u00e7\u00e3o completa do Di\u00e1rio Tribuna desta Sexta-feira (19\/03\/2021) https:\/\/diariotribuna.com.br\/wp-content\/uploads\/2021\/03\/DIARIO-TRIBUNA-51-ANOS-19-MARCO-2021.pdf<\/p>\n","protected":false},"author":1,"featured_media":8729,"comment_status":"open","ping_status":"open","sticky":false,"template":"","format":"standard","meta":{"rop_custom_images_group":[],"rop_custom_messages_group":[],"rop_publish_now":"initial","rop_publish_now_accounts":[],"rop_publish_now_history":[],"rop_publish_now_status":"pending","footnotes":""},"categories":[17,23],"tags":[2813,42,1010,75,867],"class_list":["post-8728","post","type-post","status-publish","format-standard","has-post-thumbnail","hentry","category-teofilootoni","category-ultimaedicao","tag-19-03-2021","tag-diario-tribuna","tag-nordeste-mineiro","tag-teofilo-otoni","tag-vale-do-mucuri"],"_links":{"self":[{"href":"https:\/\/diariotribuna.com.br\/index.php?rest_route=\/wp\/v2\/posts\/8728"}],"collection":[{"href":"https:\/\/diariotribuna.com.br\/index.php?rest_route=\/wp\/v2\/posts"}],"about":[{"href":"https:\/\/diariotribuna.com.br\/index.php?rest_route=\/wp\/v2\/types\/post"}],"author":[{"embeddable":true,"href":"https:\/\/diariotribuna.com.br\/index.php?rest_route=\/wp\/v2\/users\/1"}],"replies":[{"embeddable":true,"href":"https:\/\/diariotribuna.com.br\/index.php?rest_route=%2Fwp%2Fv2%2Fcomments&post=8728"}],"version-history":[{"count":1,"href":"https:\/\/diariotribuna.com.br\/index.php?rest_route=\/wp\/v2\/posts\/8728\/revisions"}],"predecessor-version":[{"id":8731,"href":"https:\/\/diariotribuna.com.br\/index.php?rest_route=\/wp\/v2\/posts\/8728\/revisions\/8731"}],"wp:featuredmedia":[{"embeddable":true,"href":"https:\/\/diariotribuna.com.br\/index.php?rest_route=\/wp\/v2\/media\/8729"}],"wp:attachment":[{"href":"https:\/\/diariotribuna.com.br\/index.php?rest_route=%2Fwp%2Fv2%2Fmedia&parent=8728"}],"wp:term":[{"taxonomy":"category","embeddable":true,"href":"https:\/\/diariotribuna.com.br\/index.php?rest_route=%2Fwp%2Fv2%2Fcategories&post=8728"},{"taxonomy":"post_tag","embeddable":true,"href":"https:\/\/diariotribuna.com.br\/index.php?rest_route=%2Fwp%2Fv2%2Ftags&post=8728"}],"curies":[{"name":"wp","href":"https:\/\/api.w.org\/{rel}","templated":true}]}}