{"id":8740,"date":"2021-03-20T18:52:57","date_gmt":"2021-03-20T21:52:57","guid":{"rendered":"https:\/\/diariotribuna.com.br\/?p=8740"},"modified":"2021-03-24T01:51:10","modified_gmt":"2021-03-24T04:51:10","slug":"srs-to-recebe-mais-uma-remessa-de-vacina-contra-a-covid-19","status":"publish","type":"post","link":"https:\/\/diariotribuna.com.br\/?p=8740","title":{"rendered":"SRS-TO recebe mais uma remessa de vacina contra a covid-19"},"content":{"rendered":"\n<figure class=\"wp-block-image size-large is-resized\"><img loading=\"lazy\" decoding=\"async\" src=\"https:\/\/diariotribuna.com.br\/wp-content\/uploads\/2021\/03\/18.3_Deborah_Goecking-1-1.jpeg\" alt=\"\" class=\"wp-image-8742\" width=\"530\" height=\"361\" srcset=\"https:\/\/diariotribuna.com.br\/wp-content\/uploads\/2021\/03\/18.3_Deborah_Goecking-1-1.jpeg 700w, https:\/\/diariotribuna.com.br\/wp-content\/uploads\/2021\/03\/18.3_Deborah_Goecking-1-1-300x204.jpeg 300w, https:\/\/diariotribuna.com.br\/wp-content\/uploads\/2021\/03\/18.3_Deborah_Goecking-1-1-696x473.jpeg 696w, https:\/\/diariotribuna.com.br\/wp-content\/uploads\/2021\/03\/18.3_Deborah_Goecking-1-1-618x420.jpeg 618w\" sizes=\"(max-width: 530px) 100vw, 530px\" \/><\/figure>\n\n\n\n<p>A Superintend\u00eancia Regional de Sa\u00fade de Te\u00f3filo Otoni (SRS-TO) recebeu na quinta-feira (18\/03), mais uma remessa das vacinas contra a covid-19. A chegada foi \u00e0s 14h30min, no aeroporto Kemil Kumaira, em Te\u00f3filo Otoni, no avi\u00e3o do Corpo de Bombeiros. De l\u00e1, as vacinas seguiram para a rede de frio da SRS\/Te\u00f3filo Otoni, com a escolta da Pol\u00edcia Militar.<\/p>\n\n\n\n<p>Segundo a assessoria de comunica\u00e7\u00e3o da Superintend\u00eancia Regional de Sa\u00fade, a partir desta segunda-feira (22), as vacinas estar\u00e3o dispon\u00edveis para retirada pelos munic\u00edpios, e, conforme as recomenda\u00e7\u00f5es do Programa Nacional de Imuniza\u00e7\u00e3o (PNI), os p\u00fablicos priorit\u00e1rios dessa etapa s\u00e3o 47% dos idosos com idade entre 75 e 79 anos e 7% dos trabalhadores de Sa\u00fade.<\/p>\n\n\n\n<p>Desenvolver imunidade contra a covid-19 \u00e9 algo complexo, mas que felizmente j\u00e1 \u00e9 uma realidade e aos poucos caminhamos at\u00e9 a vacina\u00e7\u00e3o de toda a popula\u00e7\u00e3o. A vacina, apesar de sua comprovada efic\u00e1cia no combate ao coronav\u00edrus, exige muita disciplina pois demanda intervalos espec\u00edficos para garantir sua efic\u00e1cia.<\/p>\n\n\n\n<p>Al\u00e9m dos intervalos entre as doses, tamb\u00e9m devemos aguardar um tempo ap\u00f3s receber a \u00faltima dose dos imunizantes. A vacina \u00e9 uma importante ferramenta contra a covid-19, mas mesmo ap\u00f3s ser vacinados, \u00e9 tarefa fundamental manter os demais cuidados referentes \u00e0 preven\u00e7\u00e3o sempre em dia. (Informa\u00e7\u00f5es\/Foto: SRS-TO, Deborah Ramos Goecking).<\/p>\n","protected":false},"excerpt":{"rendered":"<p>A Superintend\u00eancia Regional de Sa\u00fade de Te\u00f3filo Otoni (SRS-TO) recebeu na quinta-feira (18\/03), mais uma remessa das vacinas contra a covid-19. A chegada foi \u00e0s 14h30min, no aeroporto Kemil Kumaira, em Te\u00f3filo Otoni, no avi\u00e3o do Corpo de Bombeiros. De l\u00e1, as vacinas seguiram para a rede de frio da SRS\/Te\u00f3filo Otoni, com a escolta [&hellip;]<\/p>\n","protected":false},"author":1,"featured_media":8742,"comment_status":"open","ping_status":"open","sticky":false,"template":"","format":"standard","meta":{"rop_custom_images_group":[],"rop_custom_messages_group":[],"rop_publish_now":"initial","rop_publish_now_accounts":[],"rop_publish_now_history":[],"rop_publish_now_status":"pending","footnotes":""},"categories":[192],"tags":[2806,2565,1463],"class_list":["post-8740","post","type-post","status-publish","format-standard","has-post-thumbnail","hentry","category-covid19","tag-18-03-2021","tag-chegada-de-vacinas","tag-srs-de-teofilo-otoni"],"_links":{"self":[{"href":"https:\/\/diariotribuna.com.br\/index.php?rest_route=\/wp\/v2\/posts\/8740"}],"collection":[{"href":"https:\/\/diariotribuna.com.br\/index.php?rest_route=\/wp\/v2\/posts"}],"about":[{"href":"https:\/\/diariotribuna.com.br\/index.php?rest_route=\/wp\/v2\/types\/post"}],"author":[{"embeddable":true,"href":"https:\/\/diariotribuna.com.br\/index.php?rest_route=\/wp\/v2\/users\/1"}],"replies":[{"embeddable":true,"href":"https:\/\/diariotribuna.com.br\/index.php?rest_route=%2Fwp%2Fv2%2Fcomments&post=8740"}],"version-history":[{"count":2,"href":"https:\/\/diariotribuna.com.br\/index.php?rest_route=\/wp\/v2\/posts\/8740\/revisions"}],"predecessor-version":[{"id":8744,"href":"https:\/\/diariotribuna.com.br\/index.php?rest_route=\/wp\/v2\/posts\/8740\/revisions\/8744"}],"wp:featuredmedia":[{"embeddable":true,"href":"https:\/\/diariotribuna.com.br\/index.php?rest_route=\/wp\/v2\/media\/8742"}],"wp:attachment":[{"href":"https:\/\/diariotribuna.com.br\/index.php?rest_route=%2Fwp%2Fv2%2Fmedia&parent=8740"}],"wp:term":[{"taxonomy":"category","embeddable":true,"href":"https:\/\/diariotribuna.com.br\/index.php?rest_route=%2Fwp%2Fv2%2Fcategories&post=8740"},{"taxonomy":"post_tag","embeddable":true,"href":"https:\/\/diariotribuna.com.br\/index.php?rest_route=%2Fwp%2Fv2%2Ftags&post=8740"}],"curies":[{"name":"wp","href":"https:\/\/api.w.org\/{rel}","templated":true}]}}