{"id":8814,"date":"2021-03-23T23:12:05","date_gmt":"2021-03-24T02:12:05","guid":{"rendered":"https:\/\/diariotribuna.com.br\/?p=8814"},"modified":"2021-03-23T23:12:07","modified_gmt":"2021-03-24T02:12:07","slug":"covid-19-boletim-epidemiologico-de-teofilo-otoni-em-23-03-21","status":"publish","type":"post","link":"https:\/\/diariotribuna.com.br\/?p=8814","title":{"rendered":"COVID-19: Boletim Epidemiol\u00f3gico de Te\u00f3filo Otoni em 23\/03\/21"},"content":{"rendered":"\n<figure class=\"wp-block-image size-large is-resized\"><img loading=\"lazy\" decoding=\"async\" src=\"https:\/\/diariotribuna.com.br\/wp-content\/uploads\/2021\/03\/Teofilo-Otoni-3.jpg\" alt=\"\" class=\"wp-image-8815\" width=\"499\" height=\"281\" srcset=\"https:\/\/diariotribuna.com.br\/wp-content\/uploads\/2021\/03\/Teofilo-Otoni-3.jpg 640w, https:\/\/diariotribuna.com.br\/wp-content\/uploads\/2021\/03\/Teofilo-Otoni-3-300x169.jpg 300w\" sizes=\"(max-width: 499px) 100vw, 499px\" \/><\/figure>\n\n\n\n<p>O boletim epidemiol\u00f3gico divulgado pela Secretaria Municipal de Sa\u00fade, na noite desta ter\u00e7a-feira (23\/03), confirma 7.710 casos positivos de covid-19 em Te\u00f3filo Otoni, 70 a mais nas \u00faltimas 24 horas, e registra <strong>mais 02 \u00f3bitos<\/strong> por complica\u00e7\u00f5es causadas pela covid-19, <strong>totalizando 208<\/strong>, tendo ainda 02 \u00f3bitos em investiga\u00e7\u00e3o. Ainda de acordo com o boletim tem 332 casos ativos, 7.055 casos recuperados, e 19.104 casos suspeitos foram descartados.<\/p>\n\n\n\n<p><strong>Os 02 \u00faltimos \u00f3bitos<\/strong> ocorreram nesta ter\u00e7a-feira (23\/03\/2021). O 1\u00ba trata-se de uma mulher de 51 anos, e o 2\u00ba \u00e9 de um idoso de 62 anos, os dois estavam internados na UPA 24 Horas (Avenida Get\u00falio Vargas). A Secretaria de Sa\u00fade informa que os dois pacientes eram portadores de comorbidades, receberam assist\u00eancia e tratamento necess\u00e1rios, e tiveram os resultados confirmados por RT-PCR.<\/p>\n\n\n\n<p><strong>Interna\u00e7\u00f5es at\u00e9 (23\/03):<\/strong> Pelo <strong>SUS, Conv\u00eanio e Particular<\/strong> tem 40 leitos de UTI Covid no munic\u00edpio e 36 est\u00e3o ocupados, sendo 22 pacientes de Te\u00f3filo Otoni e 14 de outros munic\u00edpios <strong>(90,00% de ocupa\u00e7\u00e3o<\/strong>). Tem <strong>58 Leitos de Enfermaria Covid<\/strong> e 48 est\u00e3o ocupados, sendo 41 pacientes de Te\u00f3filo Otoni e 07 de outros munic\u00edpios <strong>(82,76% de ocupa\u00e7\u00e3o)<\/strong>.<\/p>\n\n\n\n<p><strong>Vacin\u00f4metro:<\/strong> dados atualizados na \u00faltima sexta-feira (19\/03) mostram que j\u00e1 foram aplicadas 7.936 doses de vacina contra a covid-19 (na 1\u00aa dose), e 4.072 doses (na 2\u00aa).<\/p>\n","protected":false},"excerpt":{"rendered":"<p>O boletim epidemiol\u00f3gico divulgado pela Secretaria Municipal de Sa\u00fade, na noite desta ter\u00e7a-feira (23\/03), confirma 7.710 casos positivos de covid-19 em Te\u00f3filo Otoni, 70 a mais nas \u00faltimas 24 horas, e registra mais 02 \u00f3bitos por complica\u00e7\u00f5es causadas pela covid-19, totalizando 208, tendo ainda 02 \u00f3bitos em investiga\u00e7\u00e3o. Ainda de acordo com o boletim tem [&hellip;]<\/p>\n","protected":false},"author":1,"featured_media":8815,"comment_status":"open","ping_status":"open","sticky":false,"template":"","format":"standard","meta":{"rop_custom_images_group":[],"rop_custom_messages_group":[],"rop_publish_now":"initial","rop_publish_now_accounts":[],"rop_publish_now_history":[],"rop_publish_now_status":"pending","footnotes":""},"categories":[192],"tags":[2834,489,84,1010,75,867],"class_list":["post-8814","post","type-post","status-publish","format-standard","has-post-thumbnail","hentry","category-covid19","tag-23-03-21","tag-boletim-epidemiologico","tag-covid-19","tag-nordeste-mineiro","tag-teofilo-otoni","tag-vale-do-mucuri"],"_links":{"self":[{"href":"https:\/\/diariotribuna.com.br\/index.php?rest_route=\/wp\/v2\/posts\/8814"}],"collection":[{"href":"https:\/\/diariotribuna.com.br\/index.php?rest_route=\/wp\/v2\/posts"}],"about":[{"href":"https:\/\/diariotribuna.com.br\/index.php?rest_route=\/wp\/v2\/types\/post"}],"author":[{"embeddable":true,"href":"https:\/\/diariotribuna.com.br\/index.php?rest_route=\/wp\/v2\/users\/1"}],"replies":[{"embeddable":true,"href":"https:\/\/diariotribuna.com.br\/index.php?rest_route=%2Fwp%2Fv2%2Fcomments&post=8814"}],"version-history":[{"count":1,"href":"https:\/\/diariotribuna.com.br\/index.php?rest_route=\/wp\/v2\/posts\/8814\/revisions"}],"predecessor-version":[{"id":8816,"href":"https:\/\/diariotribuna.com.br\/index.php?rest_route=\/wp\/v2\/posts\/8814\/revisions\/8816"}],"wp:featuredmedia":[{"embeddable":true,"href":"https:\/\/diariotribuna.com.br\/index.php?rest_route=\/wp\/v2\/media\/8815"}],"wp:attachment":[{"href":"https:\/\/diariotribuna.com.br\/index.php?rest_route=%2Fwp%2Fv2%2Fmedia&parent=8814"}],"wp:term":[{"taxonomy":"category","embeddable":true,"href":"https:\/\/diariotribuna.com.br\/index.php?rest_route=%2Fwp%2Fv2%2Fcategories&post=8814"},{"taxonomy":"post_tag","embeddable":true,"href":"https:\/\/diariotribuna.com.br\/index.php?rest_route=%2Fwp%2Fv2%2Ftags&post=8814"}],"curies":[{"name":"wp","href":"https:\/\/api.w.org\/{rel}","templated":true}]}}