{"id":8829,"date":"2021-03-24T01:50:58","date_gmt":"2021-03-24T04:50:58","guid":{"rendered":"https:\/\/diariotribuna.com.br\/?p=8829"},"modified":"2021-03-24T11:54:49","modified_gmt":"2021-03-24T14:54:49","slug":"comissao-de-defesa-do-consumidor-da-28a-subsecao-da-oab-promove-o-2o-circuito-de-lives","status":"publish","type":"post","link":"https:\/\/diariotribuna.com.br\/?p=8829","title":{"rendered":"Comiss\u00e3o de Defesa do Consumidor da 28\u00aa Subse\u00e7\u00e3o da OAB promove o 2\u00ba Circuito de Lives"},"content":{"rendered":"\n<p><em><strong>Uma semana de lives com palestras e entrevistas em comemora\u00e7\u00e3o ao Dia Mundial do Consumidor<\/strong><\/em><\/p>\n\n\n\n<figure class=\"wp-block-image size-large is-resized\"><img loading=\"lazy\" decoding=\"async\" src=\"https:\/\/diariotribuna.com.br\/wp-content\/uploads\/2021\/03\/15-03.png\" alt=\"\" class=\"wp-image-8830\" width=\"633\" height=\"357\" srcset=\"https:\/\/diariotribuna.com.br\/wp-content\/uploads\/2021\/03\/15-03.png 600w, https:\/\/diariotribuna.com.br\/wp-content\/uploads\/2021\/03\/15-03-300x169.png 300w\" sizes=\"(max-width: 633px) 100vw, 633px\" \/><\/figure>\n\n\n\n<p>A 28\u00aa Subse\u00e7\u00e3o da OAB\/MG, sediada em Te\u00f3filo Otoni, realizou entre os dias 15 e 19 deste m\u00eas de mar\u00e7o, atrav\u00e9s da Comiss\u00e3o de Defesa do Consumidor, o 2\u00ba Circuito de Lives em comemora\u00e7\u00e3o ao Dia Mundial do Consumidor, justamente celebrado no \u00faltimo dia 15 de mar\u00e7o. O Circuito contou com entrevistas e palestras sobre temas variados, sempre sob o enfoque da defesa do consumidor.<\/p>\n\n\n\n<p>Na primeira noite de lives a OAB recebeu o professor, dr. Caio C\u00e9sar de Sousa, doutor em imunologia que prestou todos os esclarecimentos sobre as vacinas e da import\u00e2ncia da vacina\u00e7\u00e3o contra a Covid-19. No dia 16 de mar\u00e7o a live foi uma grande homenagem \u00e0s mulheres, contando com m\u00fasica ao vivo de Pereira da Viola e um papo sobre cultura e turismo, com Beto de Castro, fundador do Instituto Nosso Mucuri, Foi uma noite muito agrad\u00e1vel de descontra\u00e7\u00e3o.<\/p>\n\n\n\n<p>O professor universit\u00e1rio e coordenador do N\u00facleo de Direito do Consumidor da UFOP, Felipe Comarela, foi o convidado do dia 18 de mar\u00e7o, oportunidade em que trouxe as inova\u00e7\u00f5es em defesa do consumidor em tempos de pandemia. Na sexta-feira (19), \u00faltima noite do evento, o advogado e coordenador do Procon Municipal em Te\u00f3filo Otoni, dr. Yuri Rocha, esclareceu as d\u00favidas dos participantes sobre o trabalho do Procon e relacionou as principais demandas que s\u00e3o trabalhadas no dia a dia da entidade.<\/p>\n\n\n\n<p>A presidente da 28\u00aa Subse\u00e7\u00e3o da OAB\/MG, dra. Beatriz Cicci Neves, enfatizou que \u201co circuito de lives foi uma iniciativa do sistema OAB, para que n\u00e3o apenas a advogada e o advogado possam se inteirar de temas relevantes em direito do consumidor, mas tamb\u00e9m toda a popula\u00e7\u00e3o interessada\u201d.<\/p>\n\n\n\n<p>O presidente da Comiss\u00e3o de Defesa do Consumidor e moderador das lives, dr. Luiz Gustavo de Castro Mota, tamb\u00e9m esclareceu que \u201cuma particularidade da Comiss\u00e3o de Defesa do Consumidor \u00e9 que ela ultrapassa os limites de atua\u00e7\u00e3o interna na OAB, pois, cada um de n\u00f3s, cidad\u00e3os, somos consumidores\u201d. <strong>Para quem n\u00e3o acompanhou as palestras e entrevistas, veja a \u00edntegra das lives nos canais do YouTube da 28\u00aa Subse\u00e7\u00e3o da OAB e do advogado Luiz Gustavo de Castro.<\/strong><\/p>\n\n\n\n<figure class=\"wp-block-image size-large\"><img loading=\"lazy\" decoding=\"async\" width=\"600\" height=\"360\" src=\"https:\/\/diariotribuna.com.br\/wp-content\/uploads\/2021\/03\/16-03.png\" alt=\"\" class=\"wp-image-8831\" srcset=\"https:\/\/diariotribuna.com.br\/wp-content\/uploads\/2021\/03\/16-03.png 600w, https:\/\/diariotribuna.com.br\/wp-content\/uploads\/2021\/03\/16-03-300x180.png 300w\" sizes=\"(max-width: 600px) 100vw, 600px\" \/><\/figure>\n\n\n\n<figure class=\"wp-block-image size-large\"><img loading=\"lazy\" decoding=\"async\" width=\"600\" height=\"341\" src=\"https:\/\/diariotribuna.com.br\/wp-content\/uploads\/2021\/03\/19-03.png\" alt=\"\" class=\"wp-image-8832\" srcset=\"https:\/\/diariotribuna.com.br\/wp-content\/uploads\/2021\/03\/19-03.png 600w, https:\/\/diariotribuna.com.br\/wp-content\/uploads\/2021\/03\/19-03-300x171.png 300w\" sizes=\"(max-width: 600px) 100vw, 600px\" \/><\/figure>\n\n\n\n<figure class=\"wp-block-image size-large is-resized\"><img loading=\"lazy\" decoding=\"async\" src=\"https:\/\/diariotribuna.com.br\/wp-content\/uploads\/2021\/03\/18-03.jpg\" alt=\"\" class=\"wp-image-8833\" width=\"603\" height=\"350\" srcset=\"https:\/\/diariotribuna.com.br\/wp-content\/uploads\/2021\/03\/18-03.jpg 700w, https:\/\/diariotribuna.com.br\/wp-content\/uploads\/2021\/03\/18-03-300x174.jpg 300w, https:\/\/diariotribuna.com.br\/wp-content\/uploads\/2021\/03\/18-03-696x404.jpg 696w\" sizes=\"(max-width: 603px) 100vw, 603px\" \/><\/figure>\n\n\n\n<p><\/p>\n","protected":false},"excerpt":{"rendered":"<p>Uma semana de lives com palestras e entrevistas em comemora\u00e7\u00e3o ao Dia Mundial do Consumidor A 28\u00aa Subse\u00e7\u00e3o da OAB\/MG, sediada em Te\u00f3filo Otoni, realizou entre os dias 15 e 19 deste m\u00eas de mar\u00e7o, atrav\u00e9s da Comiss\u00e3o de Defesa do Consumidor, o 2\u00ba Circuito de Lives em comemora\u00e7\u00e3o ao Dia Mundial do Consumidor, justamente [&hellip;]<\/p>\n","protected":false},"author":1,"featured_media":8830,"comment_status":"open","ping_status":"open","sticky":false,"template":"","format":"standard","meta":{"rop_custom_images_group":[],"rop_custom_messages_group":[],"rop_publish_now":"initial","rop_publish_now_accounts":[],"rop_publish_now_history":[],"rop_publish_now_status":"pending","footnotes":""},"categories":[17],"tags":[536,2839,2838,2840],"class_list":["post-8829","post","type-post","status-publish","format-standard","has-post-thumbnail","hentry","category-teofilootoni","tag-28a-subsecao-da-oab-mg","tag-2o-circuito-de-lives","tag-comissao-de-defesa-do-consumidor","tag-dia-mundial-do-consumidor"],"_links":{"self":[{"href":"https:\/\/diariotribuna.com.br\/index.php?rest_route=\/wp\/v2\/posts\/8829"}],"collection":[{"href":"https:\/\/diariotribuna.com.br\/index.php?rest_route=\/wp\/v2\/posts"}],"about":[{"href":"https:\/\/diariotribuna.com.br\/index.php?rest_route=\/wp\/v2\/types\/post"}],"author":[{"embeddable":true,"href":"https:\/\/diariotribuna.com.br\/index.php?rest_route=\/wp\/v2\/users\/1"}],"replies":[{"embeddable":true,"href":"https:\/\/diariotribuna.com.br\/index.php?rest_route=%2Fwp%2Fv2%2Fcomments&post=8829"}],"version-history":[{"count":1,"href":"https:\/\/diariotribuna.com.br\/index.php?rest_route=\/wp\/v2\/posts\/8829\/revisions"}],"predecessor-version":[{"id":8834,"href":"https:\/\/diariotribuna.com.br\/index.php?rest_route=\/wp\/v2\/posts\/8829\/revisions\/8834"}],"wp:featuredmedia":[{"embeddable":true,"href":"https:\/\/diariotribuna.com.br\/index.php?rest_route=\/wp\/v2\/media\/8830"}],"wp:attachment":[{"href":"https:\/\/diariotribuna.com.br\/index.php?rest_route=%2Fwp%2Fv2%2Fmedia&parent=8829"}],"wp:term":[{"taxonomy":"category","embeddable":true,"href":"https:\/\/diariotribuna.com.br\/index.php?rest_route=%2Fwp%2Fv2%2Fcategories&post=8829"},{"taxonomy":"post_tag","embeddable":true,"href":"https:\/\/diariotribuna.com.br\/index.php?rest_route=%2Fwp%2Fv2%2Ftags&post=8829"}],"curies":[{"name":"wp","href":"https:\/\/api.w.org\/{rel}","templated":true}]}}