{"id":8842,"date":"2021-03-24T11:41:49","date_gmt":"2021-03-24T14:41:49","guid":{"rendered":"https:\/\/diariotribuna.com.br\/?p=8842"},"modified":"2021-03-27T16:01:34","modified_gmt":"2021-03-27T19:01:34","slug":"promotor-de-justica-parabeniza-a-equipe-da-delegacia-de-homicidios-de-teofilo-otoni","status":"publish","type":"post","link":"https:\/\/diariotribuna.com.br\/?p=8842","title":{"rendered":"Promotor de Justi\u00e7a parabeniza a equipe da Delegacia de Homic\u00eddios de Te\u00f3filo Otoni"},"content":{"rendered":"\n<figure class=\"wp-block-gallery columns-3 is-cropped wp-block-gallery-1 is-layout-flex wp-block-gallery-is-layout-flex\"><ul class=\"blocks-gallery-grid\"><li class=\"blocks-gallery-item\"><figure><img loading=\"lazy\" decoding=\"async\" width=\"500\" height=\"636\" src=\"https:\/\/diariotribuna.com.br\/wp-content\/uploads\/2021\/03\/1-3.jpeg\" alt=\"\" data-id=\"8846\" data-full-url=\"https:\/\/diariotribuna.com.br\/wp-content\/uploads\/2021\/03\/1-3.jpeg\" data-link=\"https:\/\/diariotribuna.com.br\/?attachment_id=8846\" class=\"wp-image-8846\" srcset=\"https:\/\/diariotribuna.com.br\/wp-content\/uploads\/2021\/03\/1-3.jpeg 500w, https:\/\/diariotribuna.com.br\/wp-content\/uploads\/2021\/03\/1-3-236x300.jpeg 236w, https:\/\/diariotribuna.com.br\/wp-content\/uploads\/2021\/03\/1-3-330x420.jpeg 330w\" sizes=\"(max-width: 500px) 100vw, 500px\" \/><figcaption class=\"blocks-gallery-item__caption\">Dr. Enzo destaca o trabalho<br>altamente t\u00e9cnico e produtivo<br>da dra. H\u00e9rika e equipe<\/figcaption><\/figure><\/li><li class=\"blocks-gallery-item\"><figure><img loading=\"lazy\" decoding=\"async\" width=\"500\" height=\"474\" src=\"https:\/\/diariotribuna.com.br\/wp-content\/uploads\/2021\/03\/3-9.jpg\" alt=\"\" data-id=\"8843\" data-link=\"https:\/\/diariotribuna.com.br\/?attachment_id=8843\" class=\"wp-image-8843\" srcset=\"https:\/\/diariotribuna.com.br\/wp-content\/uploads\/2021\/03\/3-9.jpg 500w, https:\/\/diariotribuna.com.br\/wp-content\/uploads\/2021\/03\/3-9-300x284.jpg 300w, https:\/\/diariotribuna.com.br\/wp-content\/uploads\/2021\/03\/3-9-443x420.jpg 443w\" sizes=\"(max-width: 500px) 100vw, 500px\" \/><figcaption class=\"blocks-gallery-item__caption\">Dr. Washington destacou, que<br>a equipe \u00e9 comprometida e<br>dedicada \u00e0 fun\u00e7\u00e3o que exerce<\/figcaption><\/figure><\/li><li class=\"blocks-gallery-item\"><figure><img loading=\"lazy\" decoding=\"async\" width=\"500\" height=\"487\" src=\"https:\/\/diariotribuna.com.br\/wp-content\/uploads\/2021\/03\/2-13.jpg\" alt=\"\" data-id=\"8845\" data-link=\"https:\/\/diariotribuna.com.br\/?attachment_id=8845\" class=\"wp-image-8845\" srcset=\"https:\/\/diariotribuna.com.br\/wp-content\/uploads\/2021\/03\/2-13.jpg 500w, https:\/\/diariotribuna.com.br\/wp-content\/uploads\/2021\/03\/2-13-300x292.jpg 300w, https:\/\/diariotribuna.com.br\/wp-content\/uploads\/2021\/03\/2-13-431x420.jpg 431w\" sizes=\"(max-width: 500px) 100vw, 500px\" \/><figcaption class=\"blocks-gallery-item__caption\">A dra. H\u00e9rika disse estar certa<br>de que essa foi a profiss\u00e3o que<br>Deus escolheu para ela<\/figcaption><\/figure><\/li><\/ul><\/figure>\n\n\n\n<p>O Promotor da 6\u00aa Promotoria de Justi\u00e7a da Comarca de Te\u00f3filo Otoni, dr. Enzo Pravatta Bassetti, enviou of\u00edcio ao delegado Regional da 1\u00aa Delegacia de Pol\u00edcia Civil de Te\u00f3filo Otoni, dr. Washington Souza Filho, na quinta-feira (18\/03\/21), parabenizando a equipe da Delegacia de Repress\u00e3o a Homic\u00eddios de Te\u00f3filo Otoni, que tem como titular a dra. H\u00e9rika Ribeiro Sena.<\/p>\n\n\n\n<p>A homenagem direcionada \u00e0 dra. Herika \u00e9 extensiva \u00e0 sua equipe: L\u00edvia Ferreira Metri Ribeiro, Lucas da Franca Barreiros, Larissa Syngrig Pereira Santana e Winter G. W. Menezes, \u2013 \u201cque n\u00e3o medem esfor\u00e7os para desempenhar, da melhor maneira poss\u00edvel, as atribui\u00e7\u00f5es inerentes aos cargos que ocupam\u201d, disse o promotor, destacando ainda o trabalho altamente t\u00e9cnico e produtivo da dra. H\u00e9rika e a equipe de investigadores.<\/p>\n\n\n\n<p>O delegado Regional de Te\u00f3filo Otoni, dr. Washington Souza Filho ressalta que \u00e9 uma grande honra trabalhar com uma equipe t\u00e3o distinta como essa com atribui\u00e7\u00f5es para apura\u00e7\u00e3o de crimes de homic\u00eddios. \u201cTodos os membros s\u00e3o pessoas comprometidas e dedicadas \u00e0 fun\u00e7\u00e3o que exercem, procurando prestar um servi\u00e7o p\u00fablico de qualidade, dando uma resposta a nossa sociedade e levando seguran\u00e7a a todos da nossa cidade e regi\u00e3o. Com eles sei que todas as possibilidades ser\u00e3o esgotadas para a completa apura\u00e7\u00e3o dos fatos e a autoria revelada\u201d, disse.<\/p>\n\n\n\n<p>A dra. H\u00e9rika Ribeiro Sena disse que se sente muito agradecida e certa de que essa foi a profiss\u00e3o que Deus escolheu para ela. \u201c\u00c9 com muita alegria que recebo esse reconhecimento do Minist\u00e9rio P\u00fablico na pessoa do promotor de justi\u00e7a Enzo Bravatta. O \u00eaxito no trabalho s\u00f3 \u00e9 poss\u00edvel porque tenho ao meu lado uma equipe competente e dedicada, que n\u00e3o mede esfor\u00e7o, para tentar levar uma sensa\u00e7\u00e3o de seguran\u00e7a para a comunidade de Te\u00f3filo Otoni, cidade que amamos\u201d.<\/p>\n\n\n\n<p>Na oportunidade, a dra. H\u00e9rika agradeceu ao chefe do 15\u00ba Departamento de Pol\u00edcia Civil, dr. R\u00f4mulo Quintino e ao delegado Regional, dr. Washington Souza Filho, que a ela confiaram a titularidade de uma pasta t\u00e3o importante, que \u00e9 a Delegacia de Homic\u00eddios. \u201cAmo o que fa\u00e7o, e todos os dias agrade\u00e7o a Deus por ter me escolhido para uma profiss\u00e3o t\u00e3o honrosa. Obrigada a todos\u201d, disse.<\/p>\n\n\n\n<p><strong>Morte da comerciante Maria Nunes &#8211;<\/strong> Dentre as v\u00e1rias investiga\u00e7\u00f5es que a dra. H\u00e9rika esteve \u00e0 frente com sua equipe, destacamos a morte da comerciante Maria Nunes Guimar\u00e3es, permission\u00e1ria do mercado municipal de Te\u00f3filo Otoni. Maria Nunes foi morta, com requinte de crueldade e enterrada em cova rasa nos fundos de uma resid\u00eancia no Bairro Funcion\u00e1rios. A v\u00edtima foi dada como desaparecida pela fam\u00edlia no dia 13\/02\/2021, posteriormente teve seu corpo localizado pela equipe da Delegacia de Homic\u00eddios de Te\u00f3filo Otoni. Ap\u00f3s representa\u00e7\u00e3o pela delegada, dra. H\u00e9rika e com parecer favor\u00e1vel do Minist\u00e9rio P\u00fablico, o juiz decretou a pris\u00e3o de dois investigados, al\u00e9m de outras medidas cautelares, um deles era funcion\u00e1rio da v\u00edtima.<\/p>\n\n\n\n<p><strong>Duas meninas desaparecidas &#8211;<\/strong> Outro fato que ganhou repercuss\u00e3o foi o caso de duas meninas que est\u00e3o desaparecidas desde outubro de 2016, em Te\u00f3filo Otoni, e a dra. H\u00e9rica e sua equipe investigaram o caso, constatando que as duas foram assassinadas. E, mesmo os corpos n\u00e3o sendo encontrados, a Pol\u00edcia Civil chegou \u00e0 autoria do duplo homic\u00eddio. Na quarta-feira (10\/03\/21), no Tribunal do J\u00fari do F\u00f3rum Desembargador Eust\u00e1quio Peixoto, Matheus Rodrigues, conhecido por Matheuzinho, foi levado a julgamento e foi condenado a 47 anos de pris\u00e3o, por duplo homic\u00eddio \u201ctriplamente qualificado\u201d e oculta\u00e7\u00e3o de cad\u00e1ver. As v\u00edtimas s\u00e3o Julia Cristina Dias de Souza e Sara Rodrigues dos Santos, de 17 e 18 anos, respectivamente, \u00e0 \u00e9poca do desaparecimento.<\/p>\n\n\n\n<p>Esses trabalhos relevantes prestados pela Delegacia de Homic\u00eddios de Te\u00f3filo Otoni levaram o promotor de Justi\u00e7a, dr. Enzo, encaminhar ao Delegado Regional, dr. Washington Souza Filho, nota de elogios \u00e0 equipe.<\/p>\n\n\n\n<figure class=\"wp-block-gallery columns-2 is-cropped wp-block-gallery-2 is-layout-flex wp-block-gallery-is-layout-flex\"><ul class=\"blocks-gallery-grid\"><li class=\"blocks-gallery-item\"><figure><img loading=\"lazy\" decoding=\"async\" width=\"700\" height=\"451\" src=\"https:\/\/diariotribuna.com.br\/wp-content\/uploads\/2021\/03\/5-5.jpg\" alt=\"\" data-id=\"8847\" data-full-url=\"https:\/\/diariotribuna.com.br\/wp-content\/uploads\/2021\/03\/5-5.jpg\" data-link=\"https:\/\/diariotribuna.com.br\/?attachment_id=8847\" class=\"wp-image-8847\" srcset=\"https:\/\/diariotribuna.com.br\/wp-content\/uploads\/2021\/03\/5-5.jpg 700w, https:\/\/diariotribuna.com.br\/wp-content\/uploads\/2021\/03\/5-5-300x193.jpg 300w, https:\/\/diariotribuna.com.br\/wp-content\/uploads\/2021\/03\/5-5-696x448.jpg 696w, https:\/\/diariotribuna.com.br\/wp-content\/uploads\/2021\/03\/5-5-652x420.jpg 652w\" sizes=\"(max-width: 700px) 100vw, 700px\" \/><\/figure><\/li><li class=\"blocks-gallery-item\"><figure><img loading=\"lazy\" decoding=\"async\" width=\"700\" height=\"488\" src=\"https:\/\/diariotribuna.com.br\/wp-content\/uploads\/2021\/03\/6-6.jpg\" alt=\"\" data-id=\"8848\" data-full-url=\"https:\/\/diariotribuna.com.br\/wp-content\/uploads\/2021\/03\/6-6.jpg\" data-link=\"https:\/\/diariotribuna.com.br\/?attachment_id=8848\" class=\"wp-image-8848\" srcset=\"https:\/\/diariotribuna.com.br\/wp-content\/uploads\/2021\/03\/6-6.jpg 700w, https:\/\/diariotribuna.com.br\/wp-content\/uploads\/2021\/03\/6-6-300x209.jpg 300w, https:\/\/diariotribuna.com.br\/wp-content\/uploads\/2021\/03\/6-6-100x70.jpg 100w, https:\/\/diariotribuna.com.br\/wp-content\/uploads\/2021\/03\/6-6-696x485.jpg 696w, https:\/\/diariotribuna.com.br\/wp-content\/uploads\/2021\/03\/6-6-602x420.jpg 602w\" sizes=\"(max-width: 700px) 100vw, 700px\" \/><\/figure><\/li><\/ul><\/figure>\n\n\n\n<figure class=\"wp-block-image size-large is-resized\"><img loading=\"lazy\" decoding=\"async\" src=\"https:\/\/diariotribuna.com.br\/wp-content\/uploads\/2021\/03\/4-7-784x1024.jpg\" alt=\"\" class=\"wp-image-8849\" width=\"429\" height=\"561\" srcset=\"https:\/\/diariotribuna.com.br\/wp-content\/uploads\/2021\/03\/4-7-784x1024.jpg 784w, https:\/\/diariotribuna.com.br\/wp-content\/uploads\/2021\/03\/4-7-230x300.jpg 230w, https:\/\/diariotribuna.com.br\/wp-content\/uploads\/2021\/03\/4-7-768x1003.jpg 768w, https:\/\/diariotribuna.com.br\/wp-content\/uploads\/2021\/03\/4-7-696x909.jpg 696w, https:\/\/diariotribuna.com.br\/wp-content\/uploads\/2021\/03\/4-7-322x420.jpg 322w, https:\/\/diariotribuna.com.br\/wp-content\/uploads\/2021\/03\/4-7.jpg 800w\" sizes=\"(max-width: 429px) 100vw, 429px\" \/><\/figure>\n\n\n\n<p><\/p>\n","protected":false},"excerpt":{"rendered":"<p>O Promotor da 6\u00aa Promotoria de Justi\u00e7a da Comarca de Te\u00f3filo Otoni, dr. Enzo Pravatta Bassetti, enviou of\u00edcio ao delegado Regional da 1\u00aa Delegacia de Pol\u00edcia Civil de Te\u00f3filo Otoni, dr. Washington Souza Filho, na quinta-feira (18\/03\/21), parabenizando a equipe da Delegacia de Repress\u00e3o a Homic\u00eddios de Te\u00f3filo Otoni, que tem como titular a dra. [&hellip;]<\/p>\n","protected":false},"author":1,"featured_media":8848,"comment_status":"open","ping_status":"open","sticky":false,"template":"","format":"standard","meta":{"rop_custom_images_group":[],"rop_custom_messages_group":[],"rop_publish_now":"initial","rop_publish_now_accounts":[],"rop_publish_now_history":[],"rop_publish_now_status":"pending","footnotes":""},"categories":[19],"tags":[2842,2843,469,292,75],"class_list":["post-8842","post","type-post","status-publish","format-standard","has-post-thumbnail","hentry","category-gerais","tag-delegacia-de-homicidios","tag-elogios","tag-ministerio-publico","tag-policia-civil","tag-teofilo-otoni"],"_links":{"self":[{"href":"https:\/\/diariotribuna.com.br\/index.php?rest_route=\/wp\/v2\/posts\/8842"}],"collection":[{"href":"https:\/\/diariotribuna.com.br\/index.php?rest_route=\/wp\/v2\/posts"}],"about":[{"href":"https:\/\/diariotribuna.com.br\/index.php?rest_route=\/wp\/v2\/types\/post"}],"author":[{"embeddable":true,"href":"https:\/\/diariotribuna.com.br\/index.php?rest_route=\/wp\/v2\/users\/1"}],"replies":[{"embeddable":true,"href":"https:\/\/diariotribuna.com.br\/index.php?rest_route=%2Fwp%2Fv2%2Fcomments&post=8842"}],"version-history":[{"count":4,"href":"https:\/\/diariotribuna.com.br\/index.php?rest_route=\/wp\/v2\/posts\/8842\/revisions"}],"predecessor-version":[{"id":8853,"href":"https:\/\/diariotribuna.com.br\/index.php?rest_route=\/wp\/v2\/posts\/8842\/revisions\/8853"}],"wp:featuredmedia":[{"embeddable":true,"href":"https:\/\/diariotribuna.com.br\/index.php?rest_route=\/wp\/v2\/media\/8848"}],"wp:attachment":[{"href":"https:\/\/diariotribuna.com.br\/index.php?rest_route=%2Fwp%2Fv2%2Fmedia&parent=8842"}],"wp:term":[{"taxonomy":"category","embeddable":true,"href":"https:\/\/diariotribuna.com.br\/index.php?rest_route=%2Fwp%2Fv2%2Fcategories&post=8842"},{"taxonomy":"post_tag","embeddable":true,"href":"https:\/\/diariotribuna.com.br\/index.php?rest_route=%2Fwp%2Fv2%2Ftags&post=8842"}],"curies":[{"name":"wp","href":"https:\/\/api.w.org\/{rel}","templated":true}]}}