{"id":8854,"date":"2021-03-24T11:54:23","date_gmt":"2021-03-24T14:54:23","guid":{"rendered":"https:\/\/diariotribuna.com.br\/?p=8854"},"modified":"2021-03-25T10:35:41","modified_gmt":"2021-03-25T13:35:41","slug":"teofilo-otoni-perde-o-guerreiro-joao-soldado","status":"publish","type":"post","link":"https:\/\/diariotribuna.com.br\/?p=8854","title":{"rendered":"Te\u00f3filo Otoni perde o guerreiro Jo\u00e3o Soldado"},"content":{"rendered":"\n<figure class=\"wp-block-image size-large is-resized\"><img loading=\"lazy\" decoding=\"async\" src=\"https:\/\/diariotribuna.com.br\/wp-content\/uploads\/2021\/03\/7382168b-a568-42a5-8f17-62e2c6aadf7f.jpg\" alt=\"\" class=\"wp-image-8855\" width=\"486\" height=\"357\" srcset=\"https:\/\/diariotribuna.com.br\/wp-content\/uploads\/2021\/03\/7382168b-a568-42a5-8f17-62e2c6aadf7f.jpg 700w, https:\/\/diariotribuna.com.br\/wp-content\/uploads\/2021\/03\/7382168b-a568-42a5-8f17-62e2c6aadf7f-300x220.jpg 300w, https:\/\/diariotribuna.com.br\/wp-content\/uploads\/2021\/03\/7382168b-a568-42a5-8f17-62e2c6aadf7f-80x60.jpg 80w, https:\/\/diariotribuna.com.br\/wp-content\/uploads\/2021\/03\/7382168b-a568-42a5-8f17-62e2c6aadf7f-696x511.jpg 696w, https:\/\/diariotribuna.com.br\/wp-content\/uploads\/2021\/03\/7382168b-a568-42a5-8f17-62e2c6aadf7f-572x420.jpg 572w\" sizes=\"(max-width: 486px) 100vw, 486px\" \/><\/figure>\n\n\n\n<p>Jo\u00e3o Teixeira da Silva, conhecido popularmente como \u201cJo\u00e3o Soldado\u201d ou \u201cSeu Jo\u00e3o da Guarda Mirim\u201d, faleceu na noite desta ter\u00e7a-feira (23\/03\/21), por complica\u00e7\u00f5es causadas pela Covid-19. Guerreiro como sempre foi, Jo\u00e3o Soldado estava internado na UTI do Hospital Santa Ros\u00e1lia, lutando contra a doen\u00e7a, mas infelizmente ele n\u00e3o resistiu e morreu aos 81 anos.<\/p>\n\n\n\n<p>O seu falecimento deixou um vazio muito grande nos cora\u00e7\u00f5es de in\u00fameras pessoas que tiveram a oportunidade e o privil\u00e9gio de conviver com uma pessoa t\u00e3o querida e respeitada como era o Senhor Jo\u00e3o Soldado, que foi chefe de disciplina da extinta Guarda Mirim em Te\u00f3filo Otoni. Muitos jovens, hoje grandes profissionais em diversos segmentos de trabalho, receberam seus ensinamentos e jamais v\u00e3o esquecer. Ele deixa a esposa Juraci, 12 filhos, 28 netos e 10 bisnetos.<\/p>\n\n\n\n<p><strong>Foram v\u00e1rias as manifesta\u00e7\u00f5es de carinho ao Jo\u00e3o Soldado, nas redes sociais, de pessoas que conviveram com ele, passaram pela Guarda Mirim, e podem dar testemunhos de qu\u00e3o importante foi esse guerreiro em suas vidas.<\/strong><\/p>\n\n\n\n<p>\u201cEu jamais esquecerei o quanto esse homem foi importante para mim, para meus irm\u00e3os e para centenas de menores em Te\u00f3filo Otoni e regi\u00e3o, quando chefe de disciplina da extinta Guarda Mirim de Te\u00f3filo Otoni. O Sr. Jo\u00e3o Teixeira para mim, e para muitos que tiveram a honra de passar por seus ensinamentos e disciplina \u00e9 e sempre ser\u00e1 um dos verdadeiros her\u00f3is deste mundo de meu Deus. Descanse em Paz meu amigo, meu companheiro, meu instrutor, meu eterno chefe de disciplina, meu exemplo, meu pai, Jo\u00e3o Teixeira. Sempre terei um carinho enorme pelo senhor, mesmo que seja &#8220;<em>in memoriam<\/em>&#8220;.&nbsp;<strong>Policial Penal Sabino de Deus.<\/strong><\/p>\n\n\n\n<p>\u201cEste sim merece uma homenagem da C\u00e2mara Municipal daquelas portentosas. Qui\u00e7\u00e1 fazer grafar e grifar o seu nome na rua onde at\u00e9 hoje existe o pr\u00e9dio que nos faz lembrar da lend\u00e1ria, saudosa e importante institui\u00e7\u00e3o que comandou: a Guarda Mirim. Aquele logradouro sim, deveria chamar-se, doravante, Alameda Jo\u00e3o Soldado. Seria uma justa e reconhecida homenagem. Que Deus o receba bem pelas suas in\u00fameras benfeitorias em prol da juventude teofilotonense\u201d.&nbsp;<strong>Oswaldo da Silva Vieira, Tenente-Coronel da reserva da PMMG. Atualmente atuando como Advogado em Te\u00f3filo Otoni.<\/strong><\/p>\n\n\n\n<p>\u201cInfelizmente, faleceu o nosso Sr. Soldado Jo\u00e3o da Guarda Mirim. Foi um pai para muitos adolescentes. Foi um militar respeitado e honrado. Devo gratid\u00e3o ao nominado e falei isso em vida para ele. Que Deus o tenha e conforte a fam\u00edlia e amigos. Foi meu chefe na Guarda Mirim\u201d.&nbsp;<strong>Tenente-Coronel da reserva da PMMG, Ivonil Campos.<\/strong><\/p>\n\n\n\n<p>\u201c\u00c9 com muita tristeza em meu cora\u00e7\u00e3o que comunico o falecimento do meu pai Jo\u00e3o Teixeira da Silva (Jo\u00e3o Soldado), ex-chefe de disciplina da extinta Guarda Mirim masculina. Obrigado a todos que estiveram em ora\u00e7\u00e3o durante esse per\u00edodo que meu pai esteve internado. Foi feita a vontade de Deus e sei que meu pai j\u00e1 est\u00e1 ao lado dele. Obrigado a todos do fundo do meu cora\u00e7\u00e3o\u201d.&nbsp;<strong>Rep\u00f3rter Jo\u00e3o Teixeira (filho).<\/strong><\/p>\n\n\n\n<p>\u201cFicam as lembran\u00e7as boas. Voc\u00ea se foi meu \u00eddolo. Aqui deixou seu legado. Obrigado por ter feito parte da minha vida. Sempre te amarei. Voc\u00ea \u00e9 o melhor pai do mundo\u201d.&nbsp;<strong>Rep\u00f3rter Josilei Silva. (filho).<\/strong><\/p>\n\n\n\n<p>\u201cTe\u00f3filo Otoni, chora pela partida deste guerreiro, um excelente militar, um grande pai de fam\u00edlia, que nos deixou um legado de honestidade, simplicidade e lealdade. O c\u00e9u est\u00e1 em festa, pois ganhou mais uma estrela de um brilho radiante. Um pai carinhoso, alegre, brincalh\u00e3o, assim que vai ficar pra sempre guardado em nossa mem\u00f3ria, um exemplar chefe de fam\u00edlia, que criou doze filhos com muita dedica\u00e7\u00e3o, amor e carinho. Espero um dia te encontrar na gl\u00f3ria eterna meu velho pai. Sou grato e honrado de ser chamado de seu filho, descanse em paz\u201d.&nbsp;<strong>Policial Militar Josinei Silva (filho).<\/strong><\/p>\n","protected":false},"excerpt":{"rendered":"<p>Jo\u00e3o Teixeira da Silva, conhecido popularmente como \u201cJo\u00e3o Soldado\u201d ou \u201cSeu Jo\u00e3o da Guarda Mirim\u201d, faleceu na noite desta ter\u00e7a-feira (23\/03\/21), por complica\u00e7\u00f5es causadas pela Covid-19. Guerreiro como sempre foi, Jo\u00e3o Soldado estava internado na UTI do Hospital Santa Ros\u00e1lia, lutando contra a doen\u00e7a, mas infelizmente ele n\u00e3o resistiu e morreu aos 81 anos. O [&hellip;]<\/p>\n","protected":false},"author":1,"featured_media":8855,"comment_status":"open","ping_status":"open","sticky":false,"template":"","format":"standard","meta":{"rop_custom_images_group":[],"rop_custom_messages_group":[],"rop_publish_now":"initial","rop_publish_now_accounts":[],"rop_publish_now_history":[],"rop_publish_now_status":"pending","footnotes":""},"categories":[17],"tags":[399,2845,2844,75],"class_list":["post-8854","post","type-post","status-publish","format-standard","has-post-thumbnail","hentry","category-teofilootoni","tag-falecimento","tag-joao-soldado","tag-joao-teixeira-da-silva","tag-teofilo-otoni"],"_links":{"self":[{"href":"https:\/\/diariotribuna.com.br\/index.php?rest_route=\/wp\/v2\/posts\/8854"}],"collection":[{"href":"https:\/\/diariotribuna.com.br\/index.php?rest_route=\/wp\/v2\/posts"}],"about":[{"href":"https:\/\/diariotribuna.com.br\/index.php?rest_route=\/wp\/v2\/types\/post"}],"author":[{"embeddable":true,"href":"https:\/\/diariotribuna.com.br\/index.php?rest_route=\/wp\/v2\/users\/1"}],"replies":[{"embeddable":true,"href":"https:\/\/diariotribuna.com.br\/index.php?rest_route=%2Fwp%2Fv2%2Fcomments&post=8854"}],"version-history":[{"count":2,"href":"https:\/\/diariotribuna.com.br\/index.php?rest_route=\/wp\/v2\/posts\/8854\/revisions"}],"predecessor-version":[{"id":8873,"href":"https:\/\/diariotribuna.com.br\/index.php?rest_route=\/wp\/v2\/posts\/8854\/revisions\/8873"}],"wp:featuredmedia":[{"embeddable":true,"href":"https:\/\/diariotribuna.com.br\/index.php?rest_route=\/wp\/v2\/media\/8855"}],"wp:attachment":[{"href":"https:\/\/diariotribuna.com.br\/index.php?rest_route=%2Fwp%2Fv2%2Fmedia&parent=8854"}],"wp:term":[{"taxonomy":"category","embeddable":true,"href":"https:\/\/diariotribuna.com.br\/index.php?rest_route=%2Fwp%2Fv2%2Fcategories&post=8854"},{"taxonomy":"post_tag","embeddable":true,"href":"https:\/\/diariotribuna.com.br\/index.php?rest_route=%2Fwp%2Fv2%2Ftags&post=8854"}],"curies":[{"name":"wp","href":"https:\/\/api.w.org\/{rel}","templated":true}]}}