{"id":8863,"date":"2021-03-24T23:24:48","date_gmt":"2021-03-25T02:24:48","guid":{"rendered":"https:\/\/diariotribuna.com.br\/?p=8863"},"modified":"2021-03-24T23:24:51","modified_gmt":"2021-03-25T02:24:51","slug":"policia-civil-prende-homem-em-medina-por-forca-de-mandado-judicial","status":"publish","type":"post","link":"https:\/\/diariotribuna.com.br\/?p=8863","title":{"rendered":"Pol\u00edcia Civil prende homem em Medina por for\u00e7a de mandado judicial"},"content":{"rendered":"\n<figure class=\"wp-block-image size-large is-resized\"><img loading=\"lazy\" decoding=\"async\" src=\"https:\/\/diariotribuna.com.br\/wp-content\/uploads\/2021\/03\/7c8b4124-0323-4f62-8830-17e3f2209ba8.jpg\" alt=\"\" class=\"wp-image-8864\" width=\"505\" height=\"283\" srcset=\"https:\/\/diariotribuna.com.br\/wp-content\/uploads\/2021\/03\/7c8b4124-0323-4f62-8830-17e3f2209ba8.jpg 700w, https:\/\/diariotribuna.com.br\/wp-content\/uploads\/2021\/03\/7c8b4124-0323-4f62-8830-17e3f2209ba8-300x168.jpg 300w, https:\/\/diariotribuna.com.br\/wp-content\/uploads\/2021\/03\/7c8b4124-0323-4f62-8830-17e3f2209ba8-696x391.jpg 696w\" sizes=\"(max-width: 505px) 100vw, 505px\" \/><\/figure>\n\n\n\n<p>A Pol\u00edcia Civil de Minas Gerais, por meio da Delegacia de Medina, prendeu, na segunda-feira (22\/03), um homem de 21 anos, em cumprimento a mandado de pris\u00e3o na cidade de Medina, no Vale do Jequitinhonha. O mandado judicial foi expedido pelo Ju\u00edzo da Comarca de Medina, ap\u00f3s representa\u00e7\u00e3o do Minist\u00e9rio P\u00fablico.<\/p>\n\n\n\n<p>Segundo a PM, \u201cem dilig\u00eancias com vistas \u00e0 repress\u00e3o aos crimes de homic\u00eddio, tentativa de homic\u00eddio e disparos de arma de fogo ocorridos no \u00faltimo final de semana, praticados, conforme levantamentos, em virtude de disputa pelo tr\u00e1fico de drogas, a PCMG identificou um dos suspeitos da pr\u00e1tica de disparos de arma de fogo em amea\u00e7a contra seu rival\u201d, disse o delegado, dr. Thiago de Carvalho Passos.<\/p>\n\n\n\n<p>O delegado informou ainda, que o indiv\u00edduo foi preso pela PCMG em 2017, pela pr\u00e1tica dos crimes de tr\u00e1fico e posse de arma de fogo, e atualmente se encontrava em pris\u00e3o domiciliar, sendo nesta data regredido o regime de cumprimento de pena pelo Ju\u00edzo da Comarca. \u201cCientificada pela Secretaria do Ju\u00edzo acerca da ordem judicial que pesava contra o indiv\u00edduo, a PCMG logo diligenciou, logrando \u00eaxito na sua captura\u201d, disse.<\/p>\n\n\n\n<p>Ap\u00f3s cumpridas as provid\u00eancias de praxe, o desfavorecido foi encaminhado ao pres\u00eddio de Itaobim. As investiga\u00e7\u00f5es prosseguem com vistas \u00e0 completa apura\u00e7\u00e3o dos crimes e responsabiliza\u00e7\u00e3o dos envolvidos, a fim de se restabelecer a paz social. (Informa\u00e7\u00f5es\/Foto: PCMG\/ Dr. Thiago Passos).<\/p>\n","protected":false},"excerpt":{"rendered":"<p>A Pol\u00edcia Civil de Minas Gerais, por meio da Delegacia de Medina, prendeu, na segunda-feira (22\/03), um homem de 21 anos, em cumprimento a mandado de pris\u00e3o na cidade de Medina, no Vale do Jequitinhonha. O mandado judicial foi expedido pelo Ju\u00edzo da Comarca de Medina, ap\u00f3s representa\u00e7\u00e3o do Minist\u00e9rio P\u00fablico. Segundo a PM, \u201cem [&hellip;]<\/p>\n","protected":false},"author":1,"featured_media":8864,"comment_status":"open","ping_status":"open","sticky":false,"template":"","format":"standard","meta":{"rop_custom_images_group":[],"rop_custom_messages_group":[],"rop_publish_now":"initial","rop_publish_now_accounts":[],"rop_publish_now_history":[],"rop_publish_now_status":"pending","footnotes":""},"categories":[20],"tags":[1176,79,80,292],"class_list":["post-8863","post","type-post","status-publish","format-standard","has-post-thumbnail","hentry","category-policia","tag-mandado-de-prisao","tag-medina","tag-operacao","tag-policia-civil"],"_links":{"self":[{"href":"https:\/\/diariotribuna.com.br\/index.php?rest_route=\/wp\/v2\/posts\/8863"}],"collection":[{"href":"https:\/\/diariotribuna.com.br\/index.php?rest_route=\/wp\/v2\/posts"}],"about":[{"href":"https:\/\/diariotribuna.com.br\/index.php?rest_route=\/wp\/v2\/types\/post"}],"author":[{"embeddable":true,"href":"https:\/\/diariotribuna.com.br\/index.php?rest_route=\/wp\/v2\/users\/1"}],"replies":[{"embeddable":true,"href":"https:\/\/diariotribuna.com.br\/index.php?rest_route=%2Fwp%2Fv2%2Fcomments&post=8863"}],"version-history":[{"count":1,"href":"https:\/\/diariotribuna.com.br\/index.php?rest_route=\/wp\/v2\/posts\/8863\/revisions"}],"predecessor-version":[{"id":8865,"href":"https:\/\/diariotribuna.com.br\/index.php?rest_route=\/wp\/v2\/posts\/8863\/revisions\/8865"}],"wp:featuredmedia":[{"embeddable":true,"href":"https:\/\/diariotribuna.com.br\/index.php?rest_route=\/wp\/v2\/media\/8864"}],"wp:attachment":[{"href":"https:\/\/diariotribuna.com.br\/index.php?rest_route=%2Fwp%2Fv2%2Fmedia&parent=8863"}],"wp:term":[{"taxonomy":"category","embeddable":true,"href":"https:\/\/diariotribuna.com.br\/index.php?rest_route=%2Fwp%2Fv2%2Fcategories&post=8863"},{"taxonomy":"post_tag","embeddable":true,"href":"https:\/\/diariotribuna.com.br\/index.php?rest_route=%2Fwp%2Fv2%2Ftags&post=8863"}],"curies":[{"name":"wp","href":"https:\/\/api.w.org\/{rel}","templated":true}]}}