{"id":8874,"date":"2021-03-25T11:03:37","date_gmt":"2021-03-25T14:03:37","guid":{"rendered":"https:\/\/diariotribuna.com.br\/?p=8874"},"modified":"2021-03-25T11:03:39","modified_gmt":"2021-03-25T14:03:39","slug":"covid-19-boletim-epidemiologico-de-teofilo-otoni-em-24-03-21","status":"publish","type":"post","link":"https:\/\/diariotribuna.com.br\/?p=8874","title":{"rendered":"COVID-19: Boletim Epidemiol\u00f3gico de Te\u00f3filo Otoni em 24\/03\/21"},"content":{"rendered":"\n<figure class=\"wp-block-image size-large is-resized\"><img loading=\"lazy\" decoding=\"async\" src=\"https:\/\/diariotribuna.com.br\/wp-content\/uploads\/2021\/03\/90127239_2607949282827065_4095575144385216512_n-1.jpg\" alt=\"\" class=\"wp-image-8875\" width=\"512\" height=\"287\" srcset=\"https:\/\/diariotribuna.com.br\/wp-content\/uploads\/2021\/03\/90127239_2607949282827065_4095575144385216512_n-1.jpg 600w, https:\/\/diariotribuna.com.br\/wp-content\/uploads\/2021\/03\/90127239_2607949282827065_4095575144385216512_n-1-300x168.jpg 300w\" sizes=\"(max-width: 512px) 100vw, 512px\" \/><\/figure>\n\n\n\n<p>O boletim epidemiol\u00f3gico divulgado pela Secretaria Municipal de Sa\u00fade, na noite desta quarta-feira (24\/03), confirma 7.857 casos positivos de covid-19 em Te\u00f3filo Otoni, 147 a mais nas \u00faltimas 24 horas, e registra <strong>mais 01 \u00f3bito<\/strong> por complica\u00e7\u00f5es causadas pela covid-19, <strong>totalizando 209<\/strong>, tendo ainda 03 \u00f3bitos em investiga\u00e7\u00e3o. O boletim informa ainda que tem 496 casos ativos, 196 a mais nas \u00faltimas 24 horas. Tem 7.127 casos recuperados, 72 a mais nas \u00faltimas 24 horas. E 19.219 casos suspeitos foram descartados.<\/p>\n\n\n\n<p><strong>O \u00faltimo \u00f3bito<\/strong> ocorreu na ter\u00e7a-feira (23\/03\/21). Trata-se de um idoso de 81 anos, que estava internado no Hospital Santa Ros\u00e1lia. A Secretaria de Sa\u00fade informa que o paciente era portador de comorbidades, recebeu toda assist\u00eancia e tratamento necess\u00e1rios, e teve o resultado confirmado por RT-PCR.<\/p>\n\n\n\n<p><strong>Interna\u00e7\u00f5es at\u00e9 (24\/03):<\/strong> Pelo <strong>SUS, Conv\u00eanio e Particular<\/strong> tem 40 leitos de UTI Covid no munic\u00edpio e 38 est\u00e3o ocupados, sendo 24 pacientes de Te\u00f3filo Otoni e 14 de outros munic\u00edpios <strong>(95,00% de ocupa\u00e7\u00e3o<\/strong>). Tem <strong>80 Leitos de Enfermaria Covid<\/strong> e 62 est\u00e3o ocupados, sendo 49 pacientes de Te\u00f3filo Otoni e 13 de outros munic\u00edpios <strong>(77,50% de ocupa\u00e7\u00e3o)<\/strong>.<\/p>\n\n\n\n<p><strong>OBS.: Foram aumentados 22 leitos Enfermaria Covid no Hospital Bom Samaritano. Eram 58, hoje conta com 80 leitos.<\/strong><\/p>\n\n\n\n<p><strong>Vacin\u00f4metro:<\/strong> dados atualizados na \u00faltima sexta-feira (19\/03) mostram que j\u00e1 foram aplicadas 7.936 doses de vacina contra a covid-19 (na 1\u00aa dose), e 4.072 doses (na 2\u00aa).<\/p>\n","protected":false},"excerpt":{"rendered":"<p>O boletim epidemiol\u00f3gico divulgado pela Secretaria Municipal de Sa\u00fade, na noite desta quarta-feira (24\/03), confirma 7.857 casos positivos de covid-19 em Te\u00f3filo Otoni, 147 a mais nas \u00faltimas 24 horas, e registra mais 01 \u00f3bito por complica\u00e7\u00f5es causadas pela covid-19, totalizando 209, tendo ainda 03 \u00f3bitos em investiga\u00e7\u00e3o. O boletim informa ainda que tem 496 [&hellip;]<\/p>\n","protected":false},"author":1,"featured_media":8875,"comment_status":"open","ping_status":"open","sticky":false,"template":"","format":"standard","meta":{"rop_custom_images_group":[],"rop_custom_messages_group":[],"rop_publish_now":"initial","rop_publish_now_accounts":[],"rop_publish_now_history":[],"rop_publish_now_status":"pending","footnotes":""},"categories":[192],"tags":[2841,489,84,75],"class_list":["post-8874","post","type-post","status-publish","format-standard","has-post-thumbnail","hentry","category-covid19","tag-24-03-21","tag-boletim-epidemiologico","tag-covid-19","tag-teofilo-otoni"],"_links":{"self":[{"href":"https:\/\/diariotribuna.com.br\/index.php?rest_route=\/wp\/v2\/posts\/8874"}],"collection":[{"href":"https:\/\/diariotribuna.com.br\/index.php?rest_route=\/wp\/v2\/posts"}],"about":[{"href":"https:\/\/diariotribuna.com.br\/index.php?rest_route=\/wp\/v2\/types\/post"}],"author":[{"embeddable":true,"href":"https:\/\/diariotribuna.com.br\/index.php?rest_route=\/wp\/v2\/users\/1"}],"replies":[{"embeddable":true,"href":"https:\/\/diariotribuna.com.br\/index.php?rest_route=%2Fwp%2Fv2%2Fcomments&post=8874"}],"version-history":[{"count":1,"href":"https:\/\/diariotribuna.com.br\/index.php?rest_route=\/wp\/v2\/posts\/8874\/revisions"}],"predecessor-version":[{"id":8876,"href":"https:\/\/diariotribuna.com.br\/index.php?rest_route=\/wp\/v2\/posts\/8874\/revisions\/8876"}],"wp:featuredmedia":[{"embeddable":true,"href":"https:\/\/diariotribuna.com.br\/index.php?rest_route=\/wp\/v2\/media\/8875"}],"wp:attachment":[{"href":"https:\/\/diariotribuna.com.br\/index.php?rest_route=%2Fwp%2Fv2%2Fmedia&parent=8874"}],"wp:term":[{"taxonomy":"category","embeddable":true,"href":"https:\/\/diariotribuna.com.br\/index.php?rest_route=%2Fwp%2Fv2%2Fcategories&post=8874"},{"taxonomy":"post_tag","embeddable":true,"href":"https:\/\/diariotribuna.com.br\/index.php?rest_route=%2Fwp%2Fv2%2Ftags&post=8874"}],"curies":[{"name":"wp","href":"https:\/\/api.w.org\/{rel}","templated":true}]}}