{"id":8877,"date":"2021-03-25T11:39:44","date_gmt":"2021-03-25T14:39:44","guid":{"rendered":"https:\/\/diariotribuna.com.br\/?p=8877"},"modified":"2021-03-25T11:39:46","modified_gmt":"2021-03-25T14:39:46","slug":"minas-gerais-informe-epidemiologico-coronavirus-em-25-03-2021","status":"publish","type":"post","link":"https:\/\/diariotribuna.com.br\/?p=8877","title":{"rendered":"Minas Gerais: Informe Epidemiol\u00f3gico Coronav\u00edrus em 25\/03\/2021"},"content":{"rendered":"\n<figure class=\"wp-block-image size-large is-resized\"><img loading=\"lazy\" decoding=\"async\" src=\"https:\/\/diariotribuna.com.br\/wp-content\/uploads\/2021\/03\/Sem-titulo-1.png\" alt=\"\" class=\"wp-image-8878\" width=\"508\" height=\"296\" srcset=\"https:\/\/diariotribuna.com.br\/wp-content\/uploads\/2021\/03\/Sem-titulo-1.png 700w, https:\/\/diariotribuna.com.br\/wp-content\/uploads\/2021\/03\/Sem-titulo-1-300x175.png 300w, https:\/\/diariotribuna.com.br\/wp-content\/uploads\/2021\/03\/Sem-titulo-1-696x406.png 696w\" sizes=\"(max-width: 508px) 100vw, 508px\" \/><\/figure>\n\n\n\n<p>At\u00e9 o momento, o Estado confirmou 1.067.919 casos positivos de Covid-19. Est\u00e3o em acompanhamento 82.614 e j\u00e1 s\u00e3o 962.734 casos recuperados. O Estado confirma tamb\u00e9m 22.571 \u00f3bitos at\u00e9 esta data (25\/03). <strong>Nas \u00faltimas 24 Horas foram confirmados 13.925 casos positivos de Covid-19 e 74 \u00f3bitos.<\/strong><\/p>\n\n\n\n<p>Esse n\u00famero retrata os novos registros notificados \u00e0 SES\/MG nas \u00faltimas 24h, mas que ocorreram em per\u00edodos anteriores. Desse modo, o aumento no n\u00famero de \u00f3bitos registrados nas \u00faltimas 24h pode n\u00e3o representar um aumento na transmiss\u00e3o da Covid-19, mas a qualifica\u00e7\u00e3o do sistema de informa\u00e7\u00e3o, com encerramento de \u00f3bitos ocorridos anteriormente e que estavam em investiga\u00e7\u00e3o.<\/p>\n\n\n\n<p>(Dados parciais, sujeitos a altera\u00e7\u00f5es. Atualizados em 25\/3\/2021. Fonte: COES MINAS\/COVID-19\/SES-MG).<\/p>\n","protected":false},"excerpt":{"rendered":"<p>At\u00e9 o momento, o Estado confirmou 1.067.919 casos positivos de Covid-19. Est\u00e3o em acompanhamento 82.614 e j\u00e1 s\u00e3o 962.734 casos recuperados. O Estado confirma tamb\u00e9m 22.571 \u00f3bitos at\u00e9 esta data (25\/03). Nas \u00faltimas 24 Horas foram confirmados 13.925 casos positivos de Covid-19 e 74 \u00f3bitos. Esse n\u00famero retrata os novos registros notificados \u00e0 SES\/MG nas [&hellip;]<\/p>\n","protected":false},"author":1,"featured_media":8878,"comment_status":"open","ping_status":"open","sticky":false,"template":"","format":"standard","meta":{"rop_custom_images_group":[],"rop_custom_messages_group":[],"rop_publish_now":"initial","rop_publish_now_accounts":[],"rop_publish_now_history":[],"rop_publish_now_status":"pending","footnotes":""},"categories":[192],"tags":[2848,489,84,70],"class_list":["post-8877","post","type-post","status-publish","format-standard","has-post-thumbnail","hentry","category-covid19","tag-25-03-21","tag-boletim-epidemiologico","tag-covid-19","tag-minas-gerais"],"_links":{"self":[{"href":"https:\/\/diariotribuna.com.br\/index.php?rest_route=\/wp\/v2\/posts\/8877"}],"collection":[{"href":"https:\/\/diariotribuna.com.br\/index.php?rest_route=\/wp\/v2\/posts"}],"about":[{"href":"https:\/\/diariotribuna.com.br\/index.php?rest_route=\/wp\/v2\/types\/post"}],"author":[{"embeddable":true,"href":"https:\/\/diariotribuna.com.br\/index.php?rest_route=\/wp\/v2\/users\/1"}],"replies":[{"embeddable":true,"href":"https:\/\/diariotribuna.com.br\/index.php?rest_route=%2Fwp%2Fv2%2Fcomments&post=8877"}],"version-history":[{"count":1,"href":"https:\/\/diariotribuna.com.br\/index.php?rest_route=\/wp\/v2\/posts\/8877\/revisions"}],"predecessor-version":[{"id":8879,"href":"https:\/\/diariotribuna.com.br\/index.php?rest_route=\/wp\/v2\/posts\/8877\/revisions\/8879"}],"wp:featuredmedia":[{"embeddable":true,"href":"https:\/\/diariotribuna.com.br\/index.php?rest_route=\/wp\/v2\/media\/8878"}],"wp:attachment":[{"href":"https:\/\/diariotribuna.com.br\/index.php?rest_route=%2Fwp%2Fv2%2Fmedia&parent=8877"}],"wp:term":[{"taxonomy":"category","embeddable":true,"href":"https:\/\/diariotribuna.com.br\/index.php?rest_route=%2Fwp%2Fv2%2Fcategories&post=8877"},{"taxonomy":"post_tag","embeddable":true,"href":"https:\/\/diariotribuna.com.br\/index.php?rest_route=%2Fwp%2Fv2%2Ftags&post=8877"}],"curies":[{"name":"wp","href":"https:\/\/api.w.org\/{rel}","templated":true}]}}