{"id":8880,"date":"2021-03-26T01:03:32","date_gmt":"2021-03-26T04:03:32","guid":{"rendered":"https:\/\/diariotribuna.com.br\/?p=8880"},"modified":"2021-03-26T01:03:34","modified_gmt":"2021-03-26T04:03:34","slug":"covid-19-boletim-epidemiologico-de-teofilo-otoni-em-25-03-21","status":"publish","type":"post","link":"https:\/\/diariotribuna.com.br\/?p=8880","title":{"rendered":"COVID-19: Boletim Epidemiol\u00f3gico de Te\u00f3filo Otoni em 25\/03\/21"},"content":{"rendered":"\n<figure class=\"wp-block-image size-large is-resized\"><img loading=\"lazy\" decoding=\"async\" src=\"https:\/\/diariotribuna.com.br\/wp-content\/uploads\/2021\/03\/Pote.jpg\" alt=\"\" class=\"wp-image-8881\" width=\"504\" height=\"259\" srcset=\"https:\/\/diariotribuna.com.br\/wp-content\/uploads\/2021\/03\/Pote.jpg 600w, https:\/\/diariotribuna.com.br\/wp-content\/uploads\/2021\/03\/Pote-300x154.jpg 300w\" sizes=\"(max-width: 504px) 100vw, 504px\" \/><\/figure>\n\n\n\n<p>O boletim epidemiol\u00f3gico divulgado pela Secretaria Municipal de Sa\u00fade, na noite desta quinta-feira (25\/03), confirma 7.965 casos positivos de covid-19 em Te\u00f3filo Otoni, 108 a mais nas \u00faltimas 24 horas, e registra <strong>mais 03 \u00f3bitos<\/strong> por complica\u00e7\u00f5es causadas pela covid-19, <strong>totalizando 212<\/strong>, tendo ainda 03 \u00f3bitos em investiga\u00e7\u00e3o. O boletim informa ainda que tem 503 casos ativos, 7.215 casos recuperados, e 19.400 casos suspeitos foram descartados.<\/p>\n\n\n\n<p><strong>Os \u00faltimos 03 \u00f3bitos<\/strong> ocorreram nos dias 24 e 25\/03\/2021 (quarta e quinta-feira). <strong>O primeiro trata-se de uma mulher de 29 anos<\/strong>, que estava internada no Hospital Philadelfia, e teve o resultado confirmado por Swab Ant\u00edgeno Reagente. <strong>O segundo \u00f3bito \u00e9 de um idoso de 81 anos<\/strong>, que estava internado no Hospital Philadelfia, e teve o resultado confirmado por RT-PCR. <strong>O terceiro trata-se de um idoso de 81 anos<\/strong>, que estava internado na UPA 24 Horas (Avenida Get\u00falio Vargas), e teve o resultado confirmado por RT-PCR. A Secretaria de Sa\u00fade informa que os tr\u00eas pacientes eram portadores de comorbidades e receberam assist\u00eancia e tratamento necess\u00e1rios.<\/p>\n\n\n\n<p><strong>Interna\u00e7\u00f5es at\u00e9 (25\/03):<\/strong> Pelo <strong>SUS, Conv\u00eanio e Particular<\/strong> tem 40 leitos de UTI Covid no munic\u00edpio e 37 est\u00e3o ocupados, sendo 24 pacientes de Te\u00f3filo Otoni e 13 de outros munic\u00edpios <strong>(92,50% de ocupa\u00e7\u00e3o<\/strong>). Tem <strong>80 Leitos de Enfermaria Covid<\/strong> e 65 est\u00e3o ocupados, sendo 50 pacientes de Te\u00f3filo Otoni e 15 de outros munic\u00edpios <strong>(81,25% de ocupa\u00e7\u00e3o)<\/strong>.<\/p>\n\n\n\n<p><strong>OBS.: Foram aumentados 22 leitos Enfermaria Covid no Hospital Bom Samaritano. Eram 58, hoje conta com 80 leitos.<\/strong><\/p>\n\n\n\n<p><strong>Vacin\u00f4metro:<\/strong> dados atualizados nesta quinta-feira (25\/03) mostram que j\u00e1 foram aplicadas 10.847 doses de vacina contra a covid-19 (na 1\u00aa dose), e 4.185 doses (na 2\u00aa).<\/p>\n","protected":false},"excerpt":{"rendered":"<p>O boletim epidemiol\u00f3gico divulgado pela Secretaria Municipal de Sa\u00fade, na noite desta quinta-feira (25\/03), confirma 7.965 casos positivos de covid-19 em Te\u00f3filo Otoni, 108 a mais nas \u00faltimas 24 horas, e registra mais 03 \u00f3bitos por complica\u00e7\u00f5es causadas pela covid-19, totalizando 212, tendo ainda 03 \u00f3bitos em investiga\u00e7\u00e3o. O boletim informa ainda que tem 503 [&hellip;]<\/p>\n","protected":false},"author":1,"featured_media":8881,"comment_status":"open","ping_status":"open","sticky":false,"template":"","format":"standard","meta":{"rop_custom_images_group":[],"rop_custom_messages_group":[],"rop_publish_now":"initial","rop_publish_now_accounts":[],"rop_publish_now_history":[],"rop_publish_now_status":"pending","footnotes":""},"categories":[192],"tags":[2849,489,84,75],"class_list":["post-8880","post","type-post","status-publish","format-standard","has-post-thumbnail","hentry","category-covid19","tag-25-3-21","tag-boletim-epidemiologico","tag-covid-19","tag-teofilo-otoni"],"_links":{"self":[{"href":"https:\/\/diariotribuna.com.br\/index.php?rest_route=\/wp\/v2\/posts\/8880"}],"collection":[{"href":"https:\/\/diariotribuna.com.br\/index.php?rest_route=\/wp\/v2\/posts"}],"about":[{"href":"https:\/\/diariotribuna.com.br\/index.php?rest_route=\/wp\/v2\/types\/post"}],"author":[{"embeddable":true,"href":"https:\/\/diariotribuna.com.br\/index.php?rest_route=\/wp\/v2\/users\/1"}],"replies":[{"embeddable":true,"href":"https:\/\/diariotribuna.com.br\/index.php?rest_route=%2Fwp%2Fv2%2Fcomments&post=8880"}],"version-history":[{"count":1,"href":"https:\/\/diariotribuna.com.br\/index.php?rest_route=\/wp\/v2\/posts\/8880\/revisions"}],"predecessor-version":[{"id":8882,"href":"https:\/\/diariotribuna.com.br\/index.php?rest_route=\/wp\/v2\/posts\/8880\/revisions\/8882"}],"wp:featuredmedia":[{"embeddable":true,"href":"https:\/\/diariotribuna.com.br\/index.php?rest_route=\/wp\/v2\/media\/8881"}],"wp:attachment":[{"href":"https:\/\/diariotribuna.com.br\/index.php?rest_route=%2Fwp%2Fv2%2Fmedia&parent=8880"}],"wp:term":[{"taxonomy":"category","embeddable":true,"href":"https:\/\/diariotribuna.com.br\/index.php?rest_route=%2Fwp%2Fv2%2Fcategories&post=8880"},{"taxonomy":"post_tag","embeddable":true,"href":"https:\/\/diariotribuna.com.br\/index.php?rest_route=%2Fwp%2Fv2%2Ftags&post=8880"}],"curies":[{"name":"wp","href":"https:\/\/api.w.org\/{rel}","templated":true}]}}