{"id":8883,"date":"2021-03-26T01:20:33","date_gmt":"2021-03-26T04:20:33","guid":{"rendered":"https:\/\/diariotribuna.com.br\/?p=8883"},"modified":"2021-03-26T01:20:35","modified_gmt":"2021-03-26T04:20:35","slug":"covid-19-brasil-registra-1001-mil-casos-e-27-mil-mortes-em-24-horas","status":"publish","type":"post","link":"https:\/\/diariotribuna.com.br\/?p=8883","title":{"rendered":"Covid-19: Brasil registra 100,1 mil casos e 2,7 mil mortes em 24 horas"},"content":{"rendered":"\n<p><strong>Total de mortes chegou a 303.462; s\u00e3o 10.772.549 pessoas recuperadas<\/strong><\/p>\n\n\n\n<figure class=\"wp-block-image size-large is-resized\"><img loading=\"lazy\" decoding=\"async\" src=\"https:\/\/diariotribuna.com.br\/wp-content\/uploads\/2021\/03\/unnamed-file-6.jpg\" alt=\"\" class=\"wp-image-8885\" width=\"496\" height=\"296\" srcset=\"https:\/\/diariotribuna.com.br\/wp-content\/uploads\/2021\/03\/unnamed-file-6.jpg 700w, https:\/\/diariotribuna.com.br\/wp-content\/uploads\/2021\/03\/unnamed-file-6-300x179.jpg 300w, https:\/\/diariotribuna.com.br\/wp-content\/uploads\/2021\/03\/unnamed-file-6-696x416.jpg 696w\" sizes=\"(max-width: 496px) 100vw, 496px\" \/><\/figure>\n\n\n\n<p>O Brasil passou dos 100 mil casos de covid-19 registrados em 24 horas. Com 100.158 novos diagn\u00f3sticos confirmados, o total de pessoas atingidas infectadas pelo novo coronav\u00edrus desde o in\u00edcio da pandemia alcan\u00e7ou 12.320.169.\u00a0Ontem, o total de pessoas infectadas\u00a0estava em 12.220.011.<\/p>\n\n\n\n<p>O n\u00famero de mortes registradas entre&nbsp;ontem&nbsp;e&nbsp;hoje&nbsp;foi de 2.777. A soma de pessoas que n\u00e3o resistiram subiu para 303.462.&nbsp;Ontem, o Brasil passou a marca das 300 mil mortes por covid-19, com 300.685 \u00f3bitos. Ainda h\u00e1 3.530 mortes em investiga\u00e7\u00e3o por equipes de sa\u00fade. Isso porque h\u00e1 casos em que o diagn\u00f3stico sobre a causa s\u00f3 sai ap\u00f3s o \u00f3bito do paciente.<\/p>\n\n\n\n<p>A nova marca est\u00e1 na atualiza\u00e7\u00e3o di\u00e1ria do Minist\u00e9rio da Sa\u00fade, publicada na noite desta\u00a0quinta-feira (25). O balan\u00e7o \u00e9 produzido com as informa\u00e7\u00f5es coletadas pelas autoridades estaduais e locais de sa\u00fade sobre casos e mortes provocados pela covid-19. O n\u00famero de pessoas recuperadas chegou a 10.772.549. J\u00e1 a quantidade de pacientes com casos ativos, em acompanhamento por equipes de sa\u00fade, ficou em 1.244.158.<\/p>\n\n\n\n<p><strong>Estados &#8211;<\/strong> O\u00a0<em>ranking<\/em>\u00a0de estados com mais mortes pela covid-19 \u00e9 liderado por S\u00e3o Paulo (69.503), Rio\u00a0de Janeiro\u00a0(35.563), Minas Gerais (22.571), Rio Grande do Sul (17.941) e Paran\u00e1 (14.750). J\u00e1 as Unidades da Federa\u00e7\u00e3o com menos \u00f3bitos s\u00e3o Acre (1.217), Amap\u00e1 (1.258), Roraima (1.303), Tocantins (1.885) e Alagoas (3.421).<\/p>\n\n\n\n<p><strong>Vacina\u00e7\u00e3o &#8211; <\/strong>At\u00e9 o in\u00edcio da noite de\u00a0hoje, haviam sido distribu\u00eddos 33,9 milh\u00f5es de doses de vacinas. Deste total, foram aplicados 16,2 milh\u00f5es de doses, sendo 12,4 milh\u00f5es da primeira\u00a0dose e 3,8 milh\u00f5es da segunda\u00a0dose.<\/p>\n\n\n\n<figure class=\"wp-block-image size-large is-resized\"><img loading=\"lazy\" decoding=\"async\" src=\"https:\/\/diariotribuna.com.br\/wp-content\/uploads\/2021\/03\/whatsapp_image_2021-03-25_at_18.48.02.jpeg\" alt=\"\" class=\"wp-image-8884\" width=\"637\" height=\"358\" srcset=\"https:\/\/diariotribuna.com.br\/wp-content\/uploads\/2021\/03\/whatsapp_image_2021-03-25_at_18.48.02.jpeg 700w, https:\/\/diariotribuna.com.br\/wp-content\/uploads\/2021\/03\/whatsapp_image_2021-03-25_at_18.48.02-300x168.jpeg 300w, https:\/\/diariotribuna.com.br\/wp-content\/uploads\/2021\/03\/whatsapp_image_2021-03-25_at_18.48.02-696x391.jpeg 696w\" sizes=\"(max-width: 637px) 100vw, 637px\" \/><\/figure>\n\n\n\n<p><\/p>\n","protected":false},"excerpt":{"rendered":"<p>Total de mortes chegou a 303.462; s\u00e3o 10.772.549 pessoas recuperadas O Brasil passou dos 100 mil casos de covid-19 registrados em 24 horas. Com 100.158 novos diagn\u00f3sticos confirmados, o total de pessoas atingidas infectadas pelo novo coronav\u00edrus desde o in\u00edcio da pandemia alcan\u00e7ou 12.320.169.\u00a0Ontem, o total de pessoas infectadas\u00a0estava em 12.220.011. O n\u00famero de mortes [&hellip;]<\/p>\n","protected":false},"author":1,"featured_media":8885,"comment_status":"open","ping_status":"open","sticky":false,"template":"","format":"standard","meta":{"rop_custom_images_group":[],"rop_custom_messages_group":[],"rop_publish_now":"initial","rop_publish_now_accounts":[],"rop_publish_now_history":[],"rop_publish_now_status":"pending","footnotes":""},"categories":[192],"tags":[2849,489,393,84],"class_list":["post-8883","post","type-post","status-publish","format-standard","has-post-thumbnail","hentry","category-covid19","tag-25-3-21","tag-boletim-epidemiologico","tag-brasil","tag-covid-19"],"_links":{"self":[{"href":"https:\/\/diariotribuna.com.br\/index.php?rest_route=\/wp\/v2\/posts\/8883"}],"collection":[{"href":"https:\/\/diariotribuna.com.br\/index.php?rest_route=\/wp\/v2\/posts"}],"about":[{"href":"https:\/\/diariotribuna.com.br\/index.php?rest_route=\/wp\/v2\/types\/post"}],"author":[{"embeddable":true,"href":"https:\/\/diariotribuna.com.br\/index.php?rest_route=\/wp\/v2\/users\/1"}],"replies":[{"embeddable":true,"href":"https:\/\/diariotribuna.com.br\/index.php?rest_route=%2Fwp%2Fv2%2Fcomments&post=8883"}],"version-history":[{"count":1,"href":"https:\/\/diariotribuna.com.br\/index.php?rest_route=\/wp\/v2\/posts\/8883\/revisions"}],"predecessor-version":[{"id":8886,"href":"https:\/\/diariotribuna.com.br\/index.php?rest_route=\/wp\/v2\/posts\/8883\/revisions\/8886"}],"wp:featuredmedia":[{"embeddable":true,"href":"https:\/\/diariotribuna.com.br\/index.php?rest_route=\/wp\/v2\/media\/8885"}],"wp:attachment":[{"href":"https:\/\/diariotribuna.com.br\/index.php?rest_route=%2Fwp%2Fv2%2Fmedia&parent=8883"}],"wp:term":[{"taxonomy":"category","embeddable":true,"href":"https:\/\/diariotribuna.com.br\/index.php?rest_route=%2Fwp%2Fv2%2Fcategories&post=8883"},{"taxonomy":"post_tag","embeddable":true,"href":"https:\/\/diariotribuna.com.br\/index.php?rest_route=%2Fwp%2Fv2%2Ftags&post=8883"}],"curies":[{"name":"wp","href":"https:\/\/api.w.org\/{rel}","templated":true}]}}