{"id":8887,"date":"2021-03-26T01:30:28","date_gmt":"2021-03-26T04:30:28","guid":{"rendered":"https:\/\/diariotribuna.com.br\/?p=8887"},"modified":"2021-03-26T14:14:07","modified_gmt":"2021-03-26T17:14:07","slug":"policia-civil-e-prf-apreendem-grande-quantidade-de-carga-roubada-em-medina","status":"publish","type":"post","link":"https:\/\/diariotribuna.com.br\/?p=8887","title":{"rendered":"Pol\u00edcia Civil e PRF apreendem grande quantidade de carga roubada em Medina"},"content":{"rendered":"\n<figure class=\"wp-block-image size-large is-resized\"><img loading=\"lazy\" decoding=\"async\" src=\"https:\/\/diariotribuna.com.br\/wp-content\/uploads\/2021\/03\/831de47d-9101-4c5d-982b-78e42849e00a.jpg\" alt=\"\" class=\"wp-image-8888\" width=\"556\" height=\"342\" srcset=\"https:\/\/diariotribuna.com.br\/wp-content\/uploads\/2021\/03\/831de47d-9101-4c5d-982b-78e42849e00a.jpg 700w, https:\/\/diariotribuna.com.br\/wp-content\/uploads\/2021\/03\/831de47d-9101-4c5d-982b-78e42849e00a-300x184.jpg 300w, https:\/\/diariotribuna.com.br\/wp-content\/uploads\/2021\/03\/831de47d-9101-4c5d-982b-78e42849e00a-356x220.jpg 356w, https:\/\/diariotribuna.com.br\/wp-content\/uploads\/2021\/03\/831de47d-9101-4c5d-982b-78e42849e00a-696x428.jpg 696w, https:\/\/diariotribuna.com.br\/wp-content\/uploads\/2021\/03\/831de47d-9101-4c5d-982b-78e42849e00a-684x420.jpg 684w\" sizes=\"(max-width: 556px) 100vw, 556px\" \/><\/figure>\n\n\n\n<p>A Pol\u00edcia Civil de Minas Gerais, por meio da delegacia de Medina, com apoio da Pol\u00edcia Rodovi\u00e1ria Federal, por meio da unidade operacional de Itaobim, apreendeu, na ter\u00e7a-feira (23\/03), uma vasta quantidade de itens de carga roubada em Medina, no Vale do Jequitinhonha.<\/p>\n\n\n\n<p>Segundo a PC, em dilig\u00eancias com vistas \u00e0 repress\u00e3o aos crimes violentos contra o patrim\u00f4nio que v\u00eam assolando a regi\u00e3o, notadamente os roubos aos ve\u00edculos transportadores de carga que circulam na rodovia BR 116, que corta o munic\u00edpio, ap\u00f3s levantamentos, a PC identificou uma \u00e1rea de mata em regi\u00e3o lim\u00edtrofe entre os munic\u00edpios de Medina e Pedra Azul que vinha sendo utilizada como local de guarda de cargas subtra\u00eddas.<\/p>\n\n\n\n<figure class=\"wp-block-gallery columns-2 is-cropped wp-block-gallery-1 is-layout-flex wp-block-gallery-is-layout-flex\"><ul class=\"blocks-gallery-grid\"><li class=\"blocks-gallery-item\"><figure><img loading=\"lazy\" decoding=\"async\" width=\"700\" height=\"438\" src=\"https:\/\/diariotribuna.com.br\/wp-content\/uploads\/2021\/03\/0fa78433-100f-4bd7-8840-0ed3e2f08a79.jpg\" alt=\"\" data-id=\"8889\" data-full-url=\"https:\/\/diariotribuna.com.br\/wp-content\/uploads\/2021\/03\/0fa78433-100f-4bd7-8840-0ed3e2f08a79.jpg\" data-link=\"https:\/\/diariotribuna.com.br\/?attachment_id=8889\" class=\"wp-image-8889\" srcset=\"https:\/\/diariotribuna.com.br\/wp-content\/uploads\/2021\/03\/0fa78433-100f-4bd7-8840-0ed3e2f08a79.jpg 700w, https:\/\/diariotribuna.com.br\/wp-content\/uploads\/2021\/03\/0fa78433-100f-4bd7-8840-0ed3e2f08a79-300x188.jpg 300w, https:\/\/diariotribuna.com.br\/wp-content\/uploads\/2021\/03\/0fa78433-100f-4bd7-8840-0ed3e2f08a79-696x435.jpg 696w, https:\/\/diariotribuna.com.br\/wp-content\/uploads\/2021\/03\/0fa78433-100f-4bd7-8840-0ed3e2f08a79-671x420.jpg 671w\" sizes=\"(max-width: 700px) 100vw, 700px\" \/><\/figure><\/li><li class=\"blocks-gallery-item\"><figure><img loading=\"lazy\" decoding=\"async\" width=\"700\" height=\"463\" src=\"https:\/\/diariotribuna.com.br\/wp-content\/uploads\/2021\/03\/15d9d626-bc81-42e1-8a3a-4fe0f7ab3bb3.jpg\" alt=\"\" data-id=\"8890\" data-full-url=\"https:\/\/diariotribuna.com.br\/wp-content\/uploads\/2021\/03\/15d9d626-bc81-42e1-8a3a-4fe0f7ab3bb3.jpg\" data-link=\"https:\/\/diariotribuna.com.br\/?attachment_id=8890\" class=\"wp-image-8890\" srcset=\"https:\/\/diariotribuna.com.br\/wp-content\/uploads\/2021\/03\/15d9d626-bc81-42e1-8a3a-4fe0f7ab3bb3.jpg 700w, https:\/\/diariotribuna.com.br\/wp-content\/uploads\/2021\/03\/15d9d626-bc81-42e1-8a3a-4fe0f7ab3bb3-300x198.jpg 300w, https:\/\/diariotribuna.com.br\/wp-content\/uploads\/2021\/03\/15d9d626-bc81-42e1-8a3a-4fe0f7ab3bb3-696x460.jpg 696w, https:\/\/diariotribuna.com.br\/wp-content\/uploads\/2021\/03\/15d9d626-bc81-42e1-8a3a-4fe0f7ab3bb3-635x420.jpg 635w\" sizes=\"(max-width: 700px) 100vw, 700px\" \/><\/figure><\/li><\/ul><\/figure>\n\n\n\n<p><strong>As equipes da PCMG e da PRF foram ao local, onde localizaram grande quantidade de itens de uma carga roubada no ano passado em Medina<\/strong>, que foi apreendida. \u201cNo local haviam redes, toalhas, panelas e outros itens que indicam que indiv\u00edduos pernoitam no local para fazer a guarda dos materiais, no entanto, n\u00e3o havia ningu\u00e9m no momento da abordagem\u201d, disse o delegado, dr. Thiago de Carvalho Passos. As investiga\u00e7\u00f5es prosseguem com vistas \u00e0 identifica\u00e7\u00e3o e responsabiliza\u00e7\u00e3o dos envolvidos.<\/p>\n\n\n\n<p><strong>Pol\u00edcia Civil de Minas Gerais: Instagram:<\/strong> @pcmg.oficial\/ <strong>Facebook: <\/strong>@pcmgoficial\/ <strong>Twitter: <\/strong>@pcmgoficial\/ <strong>YouTube: <\/strong>@pcmgoficial\/ <a href=\"http:\/\/www.policiacivil.mg.gov.br\">www.policiacivil.mg.gov.br<\/a>.<\/p>\n\n\n\n<p><strong>Visite a PRF MG no Facebook:<\/strong> \/PRF191MG. <strong>Siga a PRF MG no Instagram:<\/strong> @prfmg.oficial. (Informa\u00e7\u00f5es\/Fotos: PCMG\/Dr. Thiago Passos).<\/p>\n","protected":false},"excerpt":{"rendered":"<p>A Pol\u00edcia Civil de Minas Gerais, por meio da delegacia de Medina, com apoio da Pol\u00edcia Rodovi\u00e1ria Federal, por meio da unidade operacional de Itaobim, apreendeu, na ter\u00e7a-feira (23\/03), uma vasta quantidade de itens de carga roubada em Medina, no Vale do Jequitinhonha. Segundo a PC, em dilig\u00eancias com vistas \u00e0 repress\u00e3o aos crimes violentos [&hellip;]<\/p>\n","protected":false},"author":1,"featured_media":8888,"comment_status":"open","ping_status":"open","sticky":false,"template":"","format":"standard","meta":{"rop_custom_images_group":[],"rop_custom_messages_group":[],"rop_publish_now":"initial","rop_publish_now_accounts":[],"rop_publish_now_history":[],"rop_publish_now_status":"pending","footnotes":""},"categories":[20],"tags":[2850,79,80,828,184,374],"class_list":["post-8887","post","type-post","status-publish","format-standard","has-post-thumbnail","hentry","category-policia","tag-carga-roubada","tag-medina","tag-operacao","tag-pcmg","tag-prf","tag-vale-jequitinhonha"],"_links":{"self":[{"href":"https:\/\/diariotribuna.com.br\/index.php?rest_route=\/wp\/v2\/posts\/8887"}],"collection":[{"href":"https:\/\/diariotribuna.com.br\/index.php?rest_route=\/wp\/v2\/posts"}],"about":[{"href":"https:\/\/diariotribuna.com.br\/index.php?rest_route=\/wp\/v2\/types\/post"}],"author":[{"embeddable":true,"href":"https:\/\/diariotribuna.com.br\/index.php?rest_route=\/wp\/v2\/users\/1"}],"replies":[{"embeddable":true,"href":"https:\/\/diariotribuna.com.br\/index.php?rest_route=%2Fwp%2Fv2%2Fcomments&post=8887"}],"version-history":[{"count":1,"href":"https:\/\/diariotribuna.com.br\/index.php?rest_route=\/wp\/v2\/posts\/8887\/revisions"}],"predecessor-version":[{"id":8891,"href":"https:\/\/diariotribuna.com.br\/index.php?rest_route=\/wp\/v2\/posts\/8887\/revisions\/8891"}],"wp:featuredmedia":[{"embeddable":true,"href":"https:\/\/diariotribuna.com.br\/index.php?rest_route=\/wp\/v2\/media\/8888"}],"wp:attachment":[{"href":"https:\/\/diariotribuna.com.br\/index.php?rest_route=%2Fwp%2Fv2%2Fmedia&parent=8887"}],"wp:term":[{"taxonomy":"category","embeddable":true,"href":"https:\/\/diariotribuna.com.br\/index.php?rest_route=%2Fwp%2Fv2%2Fcategories&post=8887"},{"taxonomy":"post_tag","embeddable":true,"href":"https:\/\/diariotribuna.com.br\/index.php?rest_route=%2Fwp%2Fv2%2Ftags&post=8887"}],"curies":[{"name":"wp","href":"https:\/\/api.w.org\/{rel}","templated":true}]}}