{"id":8892,"date":"2021-03-26T01:47:01","date_gmt":"2021-03-26T04:47:01","guid":{"rendered":"https:\/\/diariotribuna.com.br\/?p=8892"},"modified":"2021-04-02T23:13:35","modified_gmt":"2021-04-03T02:13:35","slug":"furacao-covid-um-ano-de-convivencia-com-o-desconhecido","status":"publish","type":"post","link":"https:\/\/diariotribuna.com.br\/?p=8892","title":{"rendered":"Furac\u00e3o Covid: um ano de conviv\u00eancia com o desconhecido"},"content":{"rendered":"\n<figure class=\"wp-block-image size-large is-resized\"><img loading=\"lazy\" decoding=\"async\" src=\"https:\/\/diariotribuna.com.br\/wp-content\/uploads\/2021\/03\/unnamed-4.jpg\" alt=\"\" class=\"wp-image-8893\" width=\"316\" height=\"331\" srcset=\"https:\/\/diariotribuna.com.br\/wp-content\/uploads\/2021\/03\/unnamed-4.jpg 650w, https:\/\/diariotribuna.com.br\/wp-content\/uploads\/2021\/03\/unnamed-4-286x300.jpg 286w, https:\/\/diariotribuna.com.br\/wp-content\/uploads\/2021\/03\/unnamed-4-401x420.jpg 401w\" sizes=\"(max-width: 316px) 100vw, 316px\" \/><figcaption><strong>Juliana Lemes da Cruz<\/strong>.<br>Doutoranda em Pol\u00edtica Social \u2013 UFF.<br>Pesquisadora GEPAF\/UFVJM.<br>Coordenadora do Projeto MLV.<br>Contato: <a href=\"mailto:julianalemes@id.uff.br\">julianalemes@id.uff.br<\/a><\/figcaption><\/figure>\n\n\n\n<figure class=\"wp-block-image size-large is-resized\"><img loading=\"lazy\" decoding=\"async\" src=\"https:\/\/diariotribuna.com.br\/wp-content\/uploads\/2021\/03\/image.jpg\" alt=\"\" class=\"wp-image-8894\" width=\"505\" height=\"317\" srcset=\"https:\/\/diariotribuna.com.br\/wp-content\/uploads\/2021\/03\/image.jpg 650w, https:\/\/diariotribuna.com.br\/wp-content\/uploads\/2021\/03\/image-300x189.jpg 300w\" sizes=\"(max-width: 505px) 100vw, 505px\" \/><\/figure>\n\n\n\n<p>A pandemia do novo coronav\u00edrus completou um ano de chegada ao Brasil com a marca de quase 300 mil mortes. Antes do final do m\u00eas de mar\u00e7o de 2021, j\u00e1 contabilizamos em 24 horas, mais de 3.000 (tr\u00eas mil) \u00f3bitos por complica\u00e7\u00f5es decorrentes da COVID-19. Os hospitais superlotados nas capitais e munic\u00edpios de m\u00e9dio e grande porte j\u00e1 anunciam o que aguarda o interior do pa\u00eds. Soma-se \u00e0 turbul\u00eancia dessa crise, a desinforma\u00e7\u00e3o do conjunto expressivo da popula\u00e7\u00e3o, a dificuldade em fazer a leitura cr\u00edtica da realidade e, por vezes, a m\u00e1 f\u00e9 daqueles que enxergam na pandemia, uma singular oportunidade de tirar vantagens particulares. Dentre tantos elementos, destaco alguns.<\/p>\n\n\n\n<p><strong>1. FALTA DE A\u00c7\u00d5ES COORDENADAS PELO PODER CENTRAL &#8211;<\/strong> Na contram\u00e3o do que recomenda as ag\u00eancias globais de sa\u00fade, o presidente do Brasil, Jair Messias Bolsonaro, abertamente, desprezou a pot\u00eancia do v\u00edrus, negligenciando a pandemia de uma forma pouco vista dentre os chefes de estado de todo o mundo. Sua atitude influenciou de forma preocupante parcela expressiva da popula\u00e7\u00e3o e tamb\u00e9m, as a\u00e7\u00f5es de alguns governos municipais e estaduais. Em meio aos desencontros, \u00e0 falta de uma campanha unificada de informa\u00e7\u00e3o em n\u00edvel nacional e protocolos para atendimento da demanda, o Minist\u00e9rio da Sa\u00fade trocou de dire\u00e7\u00e3o por quatro vezes. Primeiro, Luiz Henrique Mandetta (01\/jan\/19 at\u00e9 16\/abr\/20). Em seguida, Nelson Taich (17\/abr\/20 at\u00e9 15\/mai\/20). Por um tempo mais prolongado, Eduardo Pazzuello (02\/jun\/20 at\u00e9 23\/mar\/21) e em 23 de mar\u00e7o, assumiu Marcelo Queiroga.<\/p>\n\n\n\n<p>Posicionamentos claros e a\u00e7\u00f5es direcionadas para preven\u00e7\u00e3o da dissemina\u00e7\u00e3o da doen\u00e7a n\u00e3o s\u00e3o as marcas do Minist\u00e9rio da Sa\u00fade diante da grave crise sanit\u00e1ria que se agrava a cada dia. In\u00fameros epis\u00f3dios, dentre os quais, o vencimento de insumos que ficaram por meses armazenados em um dep\u00f3sito; a imprevisibilidade na aquisi\u00e7\u00e3o de seringas e materiais de uso restrito dos profissionais de sa\u00fade; a inger\u00eancia na condu\u00e7\u00e3o da crise do oxig\u00eanio para as unidades de sa\u00fade em Manaus e depois, em todo o pa\u00eds; e o atraso na contrata\u00e7\u00e3o de doses das vacinas precocemente anunciadas por laborat\u00f3rios estrangeiros, ajudaram a consolidar o atual cen\u00e1rio de colapso do Sistema de Sa\u00fade.<\/p>\n\n\n\n<p><strong>2. GUERRA ENTRE TR\u00caS PODERES \u2013 CRISE POL\u00cdTICA &#8211;<\/strong> Como se n\u00e3o bastasse, as tens\u00f5es por conta das elei\u00e7\u00f5es municipais evidenciaram uma verdadeira guerra pol\u00edtica em torno da situa\u00e7\u00e3o calamitosa vivenciada pelos brasileiros. Os entraves envolvem atores pol\u00edticos do executivo de v\u00e1rios cantos do pa\u00eds, do legislativo e tamb\u00e9m do judici\u00e1rio. Os tr\u00eas poderes em p\u00e9 de guerra, a farra desordenada dos decretos, a judicializa\u00e7\u00e3o da vida, a popula\u00e7\u00e3o desinformada sob a mira das fake news e a Covid-19 \u00e0 solta em franco ataque ao Sistema \u00danico de Sa\u00fade. De modo desorientado, em virtude da aus\u00eancia de protocolos, pacientes s\u00e3o tratados de forma reativa e isolada.<\/p>\n\n\n\n<p><strong>3. AUX\u00cdLIO EMERGENCIAL &#8211;<\/strong> Em raz\u00e3o da necessidade de isolamento social, comprometendo as atividades laborais, as press\u00f5es foram potencializadas sobre o poder central. Para cerca de 60 milh\u00f5es de brasileiros, o governo federal, em acordo com o congresso nacional, conferiu o aux\u00edlio emergencial por alguns meses. Esta pol\u00edtica de transfer\u00eancia de renda movimentou a economia do pa\u00eds e pela primeira vez em anos, muitas fam\u00edlias sa\u00edram da condi\u00e7\u00e3o extrema de pobreza. O aux\u00edlio findou em dezembro de 2020. Desde ent\u00e3o, a crise sanit\u00e1ria e humanit\u00e1ria se aprofunda. Repercuss\u00f5es pol\u00edticas s\u00e9rias tocaram o sino de alerta das autoridades. O Brasil entrou em 2021 como uma amea\u00e7a em escala global, tanto pelo surgimento de uma nova variante do v\u00edrus em Manaus, quanto pela condu\u00e7\u00e3o desastrosa da pandemia no pa\u00eds.<\/p>\n\n\n\n<p><strong>4. TRATAMENTO PRECOCE E VACINAS &#8211;<\/strong> Diante das incertezas sobre a doen\u00e7a, grupos de m\u00e9dicos decidiram pelo tratamento precoce com a utiliza\u00e7\u00e3o de alguns medicamentos, o chamado \u201ckit covid\u201d. Amplamente difundidos na m\u00eddia e defendidos, inclusive, pelos chefes de estado do Brasil e dos Estados Unidos (Donald Trump), o uso de alguns medicamentos sem comprova\u00e7\u00e3o cient\u00edfica de efic\u00e1cia sobre a doen\u00e7a, dividiu por muito tempo opini\u00f5es. Hoje, a comunidade cient\u00edfica j\u00e1 atesta a inefic\u00e1cia do uso do \u201ckit covid\u201d para tratamento da doen\u00e7a e ainda alerta a popula\u00e7\u00e3o para os graves riscos em raz\u00e3o do uso inadequado dos medicamentos que j\u00e1 levaram pessoas \u00e0 fila de transplante de f\u00edgado. (Imagem: Charge do Lute \u2013 17\/03\/2021 \u2013 Hoje em Dia).<\/p>\n","protected":false},"excerpt":{"rendered":"<p>A pandemia do novo coronav\u00edrus completou um ano de chegada ao Brasil com a marca de quase 300 mil mortes. Antes do final do m\u00eas de mar\u00e7o de 2021, j\u00e1 contabilizamos em 24 horas, mais de 3.000 (tr\u00eas mil) \u00f3bitos por complica\u00e7\u00f5es decorrentes da COVID-19. Os hospitais superlotados nas capitais e munic\u00edpios de m\u00e9dio e [&hellip;]<\/p>\n","protected":false},"author":1,"featured_media":8893,"comment_status":"open","ping_status":"open","sticky":false,"template":"","format":"standard","meta":{"rop_custom_images_group":[],"rop_custom_messages_group":[],"rop_publish_now":"initial","rop_publish_now_accounts":[],"rop_publish_now_history":[],"rop_publish_now_status":"pending","footnotes":""},"categories":[24],"tags":[2853,2854,42,2851,1194,75,2852],"class_list":["post-8892","post","type-post","status-publish","format-standard","has-post-thumbnail","hentry","category-opiniao","tag-convivencia","tag-desconhecido","tag-diario-tribuna","tag-furacao-covid","tag-juliana-lemes","tag-teofilo-otoni","tag-um-ano"],"_links":{"self":[{"href":"https:\/\/diariotribuna.com.br\/index.php?rest_route=\/wp\/v2\/posts\/8892"}],"collection":[{"href":"https:\/\/diariotribuna.com.br\/index.php?rest_route=\/wp\/v2\/posts"}],"about":[{"href":"https:\/\/diariotribuna.com.br\/index.php?rest_route=\/wp\/v2\/types\/post"}],"author":[{"embeddable":true,"href":"https:\/\/diariotribuna.com.br\/index.php?rest_route=\/wp\/v2\/users\/1"}],"replies":[{"embeddable":true,"href":"https:\/\/diariotribuna.com.br\/index.php?rest_route=%2Fwp%2Fv2%2Fcomments&post=8892"}],"version-history":[{"count":2,"href":"https:\/\/diariotribuna.com.br\/index.php?rest_route=\/wp\/v2\/posts\/8892\/revisions"}],"predecessor-version":[{"id":8897,"href":"https:\/\/diariotribuna.com.br\/index.php?rest_route=\/wp\/v2\/posts\/8892\/revisions\/8897"}],"wp:featuredmedia":[{"embeddable":true,"href":"https:\/\/diariotribuna.com.br\/index.php?rest_route=\/wp\/v2\/media\/8893"}],"wp:attachment":[{"href":"https:\/\/diariotribuna.com.br\/index.php?rest_route=%2Fwp%2Fv2%2Fmedia&parent=8892"}],"wp:term":[{"taxonomy":"category","embeddable":true,"href":"https:\/\/diariotribuna.com.br\/index.php?rest_route=%2Fwp%2Fv2%2Fcategories&post=8892"},{"taxonomy":"post_tag","embeddable":true,"href":"https:\/\/diariotribuna.com.br\/index.php?rest_route=%2Fwp%2Fv2%2Ftags&post=8892"}],"curies":[{"name":"wp","href":"https:\/\/api.w.org\/{rel}","templated":true}]}}