{"id":8898,"date":"2021-03-26T10:58:53","date_gmt":"2021-03-26T13:58:53","guid":{"rendered":"https:\/\/diariotribuna.com.br\/?p=8898"},"modified":"2021-03-29T10:28:07","modified_gmt":"2021-03-29T13:28:07","slug":"diario-tribuna-26-de-marco-2021-teofilo-otoni-mg","status":"publish","type":"post","link":"https:\/\/diariotribuna.com.br\/?p=8898","title":{"rendered":"Di\u00e1rio Tribuna, 26 de Mar\u00e7o 2021, Te\u00f3filo Otoni &#8211; MG"},"content":{"rendered":"\n<figure class=\"wp-block-image size-large is-resized\"><img loading=\"lazy\" decoding=\"async\" src=\"https:\/\/diariotribuna.com.br\/wp-content\/uploads\/2021\/03\/3a40fbb6-6b24-4b27-a763-7b19e466028b.jpg\" alt=\"\" class=\"wp-image-8901\" width=\"487\" height=\"682\" srcset=\"https:\/\/diariotribuna.com.br\/wp-content\/uploads\/2021\/03\/3a40fbb6-6b24-4b27-a763-7b19e466028b.jpg 700w, https:\/\/diariotribuna.com.br\/wp-content\/uploads\/2021\/03\/3a40fbb6-6b24-4b27-a763-7b19e466028b-214x300.jpg 214w, https:\/\/diariotribuna.com.br\/wp-content\/uploads\/2021\/03\/3a40fbb6-6b24-4b27-a763-7b19e466028b-696x974.jpg 696w, https:\/\/diariotribuna.com.br\/wp-content\/uploads\/2021\/03\/3a40fbb6-6b24-4b27-a763-7b19e466028b-300x420.jpg 300w\" sizes=\"(max-width: 487px) 100vw, 487px\" \/><\/figure>\n\n\n\n<p><strong>Acesse o link abaixo e veja a edi\u00e7\u00e3o completa do Di\u00e1rio Tribuna desta Sexta-feira (26\/03\/2021)<\/strong><\/p>\n\n\n\n<h3 class=\"wp-block-heading\"><a href=\"https:\/\/diariotribuna.com.br\/wp-content\/uploads\/2021\/03\/DIARIO-TRIBUNA-51-ANOS-26-MARCO-2021.pdf\"><strong><span class=\"has-inline-color has-vivid-red-color\">https:\/\/diariotribuna.com.br\/wp-content\/uploads\/2021\/03\/DIARIO-TRIBUNA-51-ANOS-26-MARCO-2021.pdf<\/span><\/strong><\/a><\/h3>\n","protected":false},"excerpt":{"rendered":"<p>Acesse o link abaixo e veja a edi\u00e7\u00e3o completa do Di\u00e1rio Tribuna desta Sexta-feira (26\/03\/2021) https:\/\/diariotribuna.com.br\/wp-content\/uploads\/2021\/03\/DIARIO-TRIBUNA-51-ANOS-26-MARCO-2021.pdf<\/p>\n","protected":false},"author":1,"featured_media":8901,"comment_status":"open","ping_status":"open","sticky":false,"template":"","format":"standard","meta":{"rop_custom_images_group":[],"rop_custom_messages_group":[],"rop_publish_now":"initial","rop_publish_now_accounts":[],"rop_publish_now_history":[],"rop_publish_now_status":"pending","footnotes":""},"categories":[17,23],"tags":[2855,42,1010,75,867],"class_list":["post-8898","post","type-post","status-publish","format-standard","has-post-thumbnail","hentry","category-teofilootoni","category-ultimaedicao","tag-26-03-21","tag-diario-tribuna","tag-nordeste-mineiro","tag-teofilo-otoni","tag-vale-do-mucuri"],"_links":{"self":[{"href":"https:\/\/diariotribuna.com.br\/index.php?rest_route=\/wp\/v2\/posts\/8898"}],"collection":[{"href":"https:\/\/diariotribuna.com.br\/index.php?rest_route=\/wp\/v2\/posts"}],"about":[{"href":"https:\/\/diariotribuna.com.br\/index.php?rest_route=\/wp\/v2\/types\/post"}],"author":[{"embeddable":true,"href":"https:\/\/diariotribuna.com.br\/index.php?rest_route=\/wp\/v2\/users\/1"}],"replies":[{"embeddable":true,"href":"https:\/\/diariotribuna.com.br\/index.php?rest_route=%2Fwp%2Fv2%2Fcomments&post=8898"}],"version-history":[{"count":1,"href":"https:\/\/diariotribuna.com.br\/index.php?rest_route=\/wp\/v2\/posts\/8898\/revisions"}],"predecessor-version":[{"id":8902,"href":"https:\/\/diariotribuna.com.br\/index.php?rest_route=\/wp\/v2\/posts\/8898\/revisions\/8902"}],"wp:featuredmedia":[{"embeddable":true,"href":"https:\/\/diariotribuna.com.br\/index.php?rest_route=\/wp\/v2\/media\/8901"}],"wp:attachment":[{"href":"https:\/\/diariotribuna.com.br\/index.php?rest_route=%2Fwp%2Fv2%2Fmedia&parent=8898"}],"wp:term":[{"taxonomy":"category","embeddable":true,"href":"https:\/\/diariotribuna.com.br\/index.php?rest_route=%2Fwp%2Fv2%2Fcategories&post=8898"},{"taxonomy":"post_tag","embeddable":true,"href":"https:\/\/diariotribuna.com.br\/index.php?rest_route=%2Fwp%2Fv2%2Ftags&post=8898"}],"curies":[{"name":"wp","href":"https:\/\/api.w.org\/{rel}","templated":true}]}}