{"id":8903,"date":"2021-03-26T11:38:30","date_gmt":"2021-03-26T14:38:30","guid":{"rendered":"https:\/\/diariotribuna.com.br\/?p=8903"},"modified":"2021-03-30T01:01:43","modified_gmt":"2021-03-30T04:01:43","slug":"projeto-la-e-ca-vai-capacitar-artistas-dos-vales-do-mucuri-e-jequitinhonha","status":"publish","type":"post","link":"https:\/\/diariotribuna.com.br\/?p=8903","title":{"rendered":"Projeto L\u00e1 e C\u00e1 vai capacitar artistas dos Vales do Mucuri e Jequitinhonha"},"content":{"rendered":"\n<p><strong>Iniciativa tem o objetivo de levar forma\u00e7\u00e3o aos profissionais da ind\u00fastria criativa para melhorar a gest\u00e3o dos neg\u00f3cios e a busca por oportunidades no setor<\/strong><\/p>\n\n\n\n<figure class=\"wp-block-image size-large is-resized\"><img loading=\"lazy\" decoding=\"async\" src=\"https:\/\/diariotribuna.com.br\/wp-content\/uploads\/2021\/03\/90e1668e-ff61-46a1-9143-1797a3591a2b.jpg\" alt=\"\" class=\"wp-image-8904\" width=\"562\" height=\"373\" srcset=\"https:\/\/diariotribuna.com.br\/wp-content\/uploads\/2021\/03\/90e1668e-ff61-46a1-9143-1797a3591a2b.jpg 700w, https:\/\/diariotribuna.com.br\/wp-content\/uploads\/2021\/03\/90e1668e-ff61-46a1-9143-1797a3591a2b-300x199.jpg 300w, https:\/\/diariotribuna.com.br\/wp-content\/uploads\/2021\/03\/90e1668e-ff61-46a1-9143-1797a3591a2b-696x462.jpg 696w, https:\/\/diariotribuna.com.br\/wp-content\/uploads\/2021\/03\/90e1668e-ff61-46a1-9143-1797a3591a2b-632x420.jpg 632w\" sizes=\"(max-width: 562px) 100vw, 562px\" \/><\/figure>\n\n\n\n<p>O Sebrae Minas e o Instituto Cultural In-Cena realizar\u00e3o, de 27 de mar\u00e7o a 15 de maio, o projeto L\u00e1 e C\u00e1, em parceria com a Prefeitura Municipal de Te\u00f3filo Otoni e apoio da UFVJM, do Sind-UTE e da Prefeitura Municipal de Machacalis.<\/p>\n\n\n\n<p>A a\u00e7\u00e3o \u00e9 voltada para a classe art\u00edstica dos Vales do Jequitinhonha e do Mucuri e tem como objetivo capacitar os profissionais da ind\u00fastria criativa e do terceiro setor sobre a import\u00e2ncia de encarar o meio em que atuam como um neg\u00f3cio, possibilitando o acesso a mecanismos de financiamento. Dessa forma, ser\u00e3o capazes de contribuir para o desenvolvimento da regi\u00e3o, melhorar a gest\u00e3o e gerar oportunidades para a cria\u00e7\u00e3o de novos projetos.<\/p>\n\n\n\n<p>Os encontros on-line ser\u00e3o divididos em seis m\u00f3dulos, cada um com temas desenvolvidos por profissionais de Belo Horizonte, Ipatinga e Te\u00f3filo Otoni. A capacita\u00e7\u00e3o acontece aos s\u00e1bados, com dura\u00e7\u00e3o de 6 horas, de 9h \u00e0s 12h e 14h \u00e0s 17h. As inscri\u00e7\u00f5es podem ser feitas at\u00e9 o dia 26 de mar\u00e7o no site e o investimento \u00e9 de 60 reais para o p\u00fablico geral. As vagas s\u00e3o limitadas.<\/p>\n\n\n\n<p>O projeto estava sendo realizado de forma presencial em diferentes munic\u00edpios, mas devido \u00e0 pandemia, houve a mudan\u00e7a para o meio digital. \u201cEsperamos levar conhecimento e forma\u00e7\u00e3o aos profissionais do ramo, para que possam aprimorar a gest\u00e3o das atividades art\u00edsticas e culturais, t\u00e3o importantes para o desenvolvimento da regi\u00e3o\u201d, explica a analista do Sebrae Minas D\u00e9borah Constantino Moutinho.<\/p>\n\n\n\n<p>O diretor do Instituto Cultural In-Cena, Andr\u00e9 Luiz Dias, explica que metade das vagas ser\u00e3o disponibilizadas de forma gratuita para os agentes locais, mediante subs\u00eddio e inscri\u00e7\u00f5es das entidades parceiras. \u201cForma\u00e7\u00e3o e estudo direcionados ao meio cultural s\u00e3o necess\u00e1rios para que n\u00f3s, artistas, gestores, produtores e profissionais do setor estejamos preparados para acessar recursos p\u00fablicos, editais e outras possibilidades de financiamentos. Sem contar que \u00e9 uma oportunidade de refor\u00e7ar a import\u00e2ncia da cultura na vida das pessoas\u201d, afirma. (William de Jesus &#8211; Assessor de Imprensa &#8211; Sebrae Minas &#8211; Regional Jequitinhonha e Mucuri &#8211; Te\u00f3filo Otoni\/MG).<\/p>\n","protected":false},"excerpt":{"rendered":"<p>Iniciativa tem o objetivo de levar forma\u00e7\u00e3o aos profissionais da ind\u00fastria criativa para melhorar a gest\u00e3o dos neg\u00f3cios e a busca por oportunidades no setor O Sebrae Minas e o Instituto Cultural In-Cena realizar\u00e3o, de 27 de mar\u00e7o a 15 de maio, o projeto L\u00e1 e C\u00e1, em parceria com a Prefeitura Municipal de Te\u00f3filo [&hellip;]<\/p>\n","protected":false},"author":1,"featured_media":8904,"comment_status":"open","ping_status":"open","sticky":false,"template":"","format":"standard","meta":{"rop_custom_images_group":[],"rop_custom_messages_group":[],"rop_publish_now":"initial","rop_publish_now_accounts":[],"rop_publish_now_history":[],"rop_publish_now_status":"pending","footnotes":""},"categories":[17],"tags":[2856,2858,572,2857,75],"class_list":["post-8903","post","type-post","status-publish","format-standard","has-post-thumbnail","hentry","category-teofilootoni","tag-in-cena","tag-la-e-ca","tag-sebrae","tag-teatro","tag-teofilo-otoni"],"_links":{"self":[{"href":"https:\/\/diariotribuna.com.br\/index.php?rest_route=\/wp\/v2\/posts\/8903"}],"collection":[{"href":"https:\/\/diariotribuna.com.br\/index.php?rest_route=\/wp\/v2\/posts"}],"about":[{"href":"https:\/\/diariotribuna.com.br\/index.php?rest_route=\/wp\/v2\/types\/post"}],"author":[{"embeddable":true,"href":"https:\/\/diariotribuna.com.br\/index.php?rest_route=\/wp\/v2\/users\/1"}],"replies":[{"embeddable":true,"href":"https:\/\/diariotribuna.com.br\/index.php?rest_route=%2Fwp%2Fv2%2Fcomments&post=8903"}],"version-history":[{"count":1,"href":"https:\/\/diariotribuna.com.br\/index.php?rest_route=\/wp\/v2\/posts\/8903\/revisions"}],"predecessor-version":[{"id":8905,"href":"https:\/\/diariotribuna.com.br\/index.php?rest_route=\/wp\/v2\/posts\/8903\/revisions\/8905"}],"wp:featuredmedia":[{"embeddable":true,"href":"https:\/\/diariotribuna.com.br\/index.php?rest_route=\/wp\/v2\/media\/8904"}],"wp:attachment":[{"href":"https:\/\/diariotribuna.com.br\/index.php?rest_route=%2Fwp%2Fv2%2Fmedia&parent=8903"}],"wp:term":[{"taxonomy":"category","embeddable":true,"href":"https:\/\/diariotribuna.com.br\/index.php?rest_route=%2Fwp%2Fv2%2Fcategories&post=8903"},{"taxonomy":"post_tag","embeddable":true,"href":"https:\/\/diariotribuna.com.br\/index.php?rest_route=%2Fwp%2Fv2%2Ftags&post=8903"}],"curies":[{"name":"wp","href":"https:\/\/api.w.org\/{rel}","templated":true}]}}