{"id":8906,"date":"2021-03-26T13:25:03","date_gmt":"2021-03-26T16:25:03","guid":{"rendered":"https:\/\/diariotribuna.com.br\/?p=8906"},"modified":"2021-03-26T13:25:05","modified_gmt":"2021-03-26T16:25:05","slug":"pacheco-cita-reformas-administrativa-e-tributaria-como-desafios-para-o-pais-pos-pandemia-da-covid-19","status":"publish","type":"post","link":"https:\/\/diariotribuna.com.br\/?p=8906","title":{"rendered":"Pacheco cita reformas administrativa e tribut\u00e1ria como desafios para o pa\u00eds p\u00f3s-pandemia da Covid-19"},"content":{"rendered":"\n<figure class=\"wp-block-image size-large is-resized\"><img loading=\"lazy\" decoding=\"async\" src=\"https:\/\/diariotribuna.com.br\/wp-content\/uploads\/2021\/03\/952a73bd-23a8-46bb-92c2-9ab3081e2753.jpg\" alt=\"\" class=\"wp-image-8907\" width=\"566\" height=\"376\" srcset=\"https:\/\/diariotribuna.com.br\/wp-content\/uploads\/2021\/03\/952a73bd-23a8-46bb-92c2-9ab3081e2753.jpg 700w, https:\/\/diariotribuna.com.br\/wp-content\/uploads\/2021\/03\/952a73bd-23a8-46bb-92c2-9ab3081e2753-300x199.jpg 300w, https:\/\/diariotribuna.com.br\/wp-content\/uploads\/2021\/03\/952a73bd-23a8-46bb-92c2-9ab3081e2753-696x462.jpg 696w, https:\/\/diariotribuna.com.br\/wp-content\/uploads\/2021\/03\/952a73bd-23a8-46bb-92c2-9ab3081e2753-632x420.jpg 632w\" sizes=\"(max-width: 566px) 100vw, 566px\" \/><\/figure>\n\n\n\n<p><strong>Bras\u00edlia &#8211;<\/strong> O presidente do Congresso Nacional, senador Rodrigo Pacheco (Democratas- -MG), reafirmou, nesta ter\u00e7a-feira (23\/03), que o foco neste momento deve ser minimizar os impactos da prolifera\u00e7\u00e3o da Covid-19 no Brasil, mas destacou que outros temas importantes para a retomada do crescimento da atividade econ\u00f4mica do pa\u00eds, como as reformas administrativa e tribut\u00e1ria, ser\u00e3o tratados simultaneamente. Ele participou do semin\u00e1rio on-line \u201cDesafios para o Brasil p\u00f3s-pandemia\u201d, promovido pelo jornal Correio Braziliense.<\/p>\n\n\n\n<p>O senador mineiro ressaltou que, apesar da restri\u00e7\u00e3o provocada pela pandemia, os trabalhos no Senado seguem no sentido da aprova\u00e7\u00e3o de importantes temas para a sociedade brasileira e a an\u00e1lise de outros que pretendem destravar gargalos no pa\u00eds e dinamizar o setor produtivo quando a doen\u00e7a estiver controlada. Neste sentido, Pacheco destacou as reformas tribut\u00e1ria e administrativa como temas vitais.<\/p>\n\n\n\n<p>Sobre a primeira, tramitam no Congresso tr\u00eas propostas, que ser\u00e3o apreciadas e unificadas por uma Comiss\u00e3o Mista composta por deputados e senadores. Pacheco explicou que todas elas caminham com o objetivo de desburocratiza\u00e7\u00e3o, da simplifica\u00e7\u00e3o do sistema, unifica\u00e7\u00e3o de tributos, o combate \u00e0 sonega\u00e7\u00e3o fiscal e na atra\u00e7\u00e3o de investimentos por meio da seguran\u00e7a jur\u00eddica. O texto deve ser discutido ao longo dos pr\u00f3ximos oito meses.<\/p>\n\n\n\n<p>O presidente do Senado ainda citou a reforma administrativa, atualmente em tramita\u00e7\u00e3o na C\u00e2mara dos Deputados, como instrumento importante no reconhecimento do trabalho do servidor p\u00fablico. Conforme Pacheco, as reformas ser\u00e3o o ponto de partida para uma transforma\u00e7\u00e3o profunda e tornar adequado o tamanho da participa\u00e7\u00e3o do Estado na sociedade civil. \u201cVai ser uma mudan\u00e7a grande, talvez muito longa de paradigma no Brasil, mas vai servir muito para que o Brasil possa ter, por parte de investidores nacionais e internacionais, uma transmiss\u00e3o de seguran\u00e7a jur\u00eddica para se ter investimentos necess\u00e1rios para gera\u00e7\u00e3o de emprego e renda\u201d, afirmou.<\/p>\n\n\n\n<p>O senador avaliou como fundamental a participa\u00e7\u00e3o equilibrada dos entes p\u00fablicos e privados nas proposi\u00e7\u00f5es das reformas. \u201cPela complexidade e diverg\u00eancias de opini\u00f5es sobre o seu modelo, essa reforma ser\u00e1 a arte de ceder e n\u00e3o de conquistar. Cada ente federado e cada setor produtivo ter\u00e1 que ceder um pouco para que tenhamos um modelo equilibrado\u201d, disse. Entre outros assuntos que devem ser desafios para o pa\u00eds reequilibrar a economia, o presidente do Congresso citou a cria\u00e7\u00e3o de um novo Refis, um programa de negocia\u00e7\u00e3o para impostos de devedores da Uni\u00e3o e a capitaliza\u00e7\u00e3o da Eletrobras.<\/p>\n\n\n\n<p><strong>Pandemia \u2013<\/strong> Durante participa\u00e7\u00e3o no semin\u00e1rio, Pacheco ainda reafirmou a import\u00e2ncia do pacto entre os Poderes para minimizar os impactos da pandemia da Covid-19 no pa\u00eds e agradeceu aos cidad\u00e3os que seguem as medidas de combate \u00e0 doen\u00e7a e se portam como brasileiros \u201cordeiros, pac\u00edficos e relativamente pacientes aguardando que os Poderes encontrem uma solu\u00e7\u00e3o para esse problema nacional\u201d, destacou.<\/p>\n\n\n\n<p>Nesta quarta-feira (23), Pacheco se reuniu com o presidente Jair Bolsonaro (sem partido), com o presidente da C\u00e2mara dos Deputados, Arthur Lira (PP-AL), al\u00e9m do presidente do Supremo Tribunal Federal (STF), ministro Luiz Fux, e o procurador-Geral da Rep\u00fablica, Augusto Aras, para buscar uma solu\u00e7\u00e3o eficaz no combate \u00e0 pandemia. \u201cH\u00e1 dois caminhos que podemos perseguir no Brasil nesse momento: de uni\u00e3o nacional ou do caos nacional. Cabe a n\u00f3s decidirmos. E a minha decis\u00e3o \u00e9 de que tenhamos que fazer uma grande uni\u00e3o nacional para o enfrentamento da pandemia\u201d, frisou.<\/p>\n","protected":false},"excerpt":{"rendered":"<p>Bras\u00edlia &#8211; O presidente do Congresso Nacional, senador Rodrigo Pacheco (Democratas- -MG), reafirmou, nesta ter\u00e7a-feira (23\/03), que o foco neste momento deve ser minimizar os impactos da prolifera\u00e7\u00e3o da Covid-19 no Brasil, mas destacou que outros temas importantes para a retomada do crescimento da atividade econ\u00f4mica do pa\u00eds, como as reformas administrativa e tribut\u00e1ria, ser\u00e3o [&hellip;]<\/p>\n","protected":false},"author":1,"featured_media":8907,"comment_status":"open","ping_status":"open","sticky":false,"template":"","format":"standard","meta":{"rop_custom_images_group":[],"rop_custom_messages_group":[],"rop_publish_now":"initial","rop_publish_now_accounts":[],"rop_publish_now_history":[],"rop_publish_now_status":"pending","footnotes":""},"categories":[21],"tags":[2860,84,2861,1624,2859],"class_list":["post-8906","post","type-post","status-publish","format-standard","has-post-thumbnail","hentry","category-politica","tag-administrativa-e-tributaria","tag-covid-19","tag-desafios","tag-pacheco","tag-reformas"],"_links":{"self":[{"href":"https:\/\/diariotribuna.com.br\/index.php?rest_route=\/wp\/v2\/posts\/8906"}],"collection":[{"href":"https:\/\/diariotribuna.com.br\/index.php?rest_route=\/wp\/v2\/posts"}],"about":[{"href":"https:\/\/diariotribuna.com.br\/index.php?rest_route=\/wp\/v2\/types\/post"}],"author":[{"embeddable":true,"href":"https:\/\/diariotribuna.com.br\/index.php?rest_route=\/wp\/v2\/users\/1"}],"replies":[{"embeddable":true,"href":"https:\/\/diariotribuna.com.br\/index.php?rest_route=%2Fwp%2Fv2%2Fcomments&post=8906"}],"version-history":[{"count":1,"href":"https:\/\/diariotribuna.com.br\/index.php?rest_route=\/wp\/v2\/posts\/8906\/revisions"}],"predecessor-version":[{"id":8908,"href":"https:\/\/diariotribuna.com.br\/index.php?rest_route=\/wp\/v2\/posts\/8906\/revisions\/8908"}],"wp:featuredmedia":[{"embeddable":true,"href":"https:\/\/diariotribuna.com.br\/index.php?rest_route=\/wp\/v2\/media\/8907"}],"wp:attachment":[{"href":"https:\/\/diariotribuna.com.br\/index.php?rest_route=%2Fwp%2Fv2%2Fmedia&parent=8906"}],"wp:term":[{"taxonomy":"category","embeddable":true,"href":"https:\/\/diariotribuna.com.br\/index.php?rest_route=%2Fwp%2Fv2%2Fcategories&post=8906"},{"taxonomy":"post_tag","embeddable":true,"href":"https:\/\/diariotribuna.com.br\/index.php?rest_route=%2Fwp%2Fv2%2Ftags&post=8906"}],"curies":[{"name":"wp","href":"https:\/\/api.w.org\/{rel}","templated":true}]}}