{"id":8909,"date":"2021-03-26T13:42:12","date_gmt":"2021-03-26T16:42:12","guid":{"rendered":"https:\/\/diariotribuna.com.br\/?p=8909"},"modified":"2021-03-26T13:43:19","modified_gmt":"2021-03-26T16:43:19","slug":"minas-recebe-vacinas-e-amplia-imunizacao-incluindo-pessoas-de-65-a-69-anos","status":"publish","type":"post","link":"https:\/\/diariotribuna.com.br\/?p=8909","title":{"rendered":"Minas recebe vacinas e amplia imuniza\u00e7\u00e3o incluindo pessoas de 65 a 69 anos"},"content":{"rendered":"\n<p><strong><em>D\u00e9cima remessa cont\u00e9m 475.600 novas doses nesta que \u00e9 a maior opera\u00e7\u00e3o de vacina\u00e7\u00e3o da hist\u00f3ria de Minas Gerais<\/em><\/strong><\/p>\n\n\n\n<figure class=\"wp-block-image size-large is-resized\"><img loading=\"lazy\" decoding=\"async\" src=\"https:\/\/diariotribuna.com.br\/wp-content\/uploads\/2021\/03\/DEsembarque-remessa-10.jpg\" alt=\"\" class=\"wp-image-8910\" width=\"490\" height=\"346\" srcset=\"https:\/\/diariotribuna.com.br\/wp-content\/uploads\/2021\/03\/DEsembarque-remessa-10.jpg 700w, https:\/\/diariotribuna.com.br\/wp-content\/uploads\/2021\/03\/DEsembarque-remessa-10-300x212.jpg 300w, https:\/\/diariotribuna.com.br\/wp-content\/uploads\/2021\/03\/DEsembarque-remessa-10-100x70.jpg 100w, https:\/\/diariotribuna.com.br\/wp-content\/uploads\/2021\/03\/DEsembarque-remessa-10-696x492.jpg 696w, https:\/\/diariotribuna.com.br\/wp-content\/uploads\/2021\/03\/DEsembarque-remessa-10-594x420.jpg 594w\" sizes=\"(max-width: 490px) 100vw, 490px\" \/><\/figure>\n\n\n\n<p>Minas Gerais recebeu, na manh\u00e3 desta sexta-feira (26\/3), mais uma leva de <strong>116.600 doses da vacina AstraZeneca e 359.000 da CoronaVac, totalizando 475.600 doses<\/strong>. A expectativa, com esta remessa, \u00e9 ampliar a vacina\u00e7\u00e3o para a popula\u00e7\u00e3o de idosos. <strong>\u201cNesta pr\u00f3xima etapa, ser\u00e3o inclu\u00eddas pessoas com 65 a 69 anos<\/strong>, ampliando o p\u00fablico vacinado. Ser\u00e3o imunizadas, tamb\u00e9m, as pessoas que residem em <strong>comunidades quilombolas e ribeirinhas<\/strong>. A vacina\u00e7\u00e3o do p\u00fablico de 70 a 74 anos tamb\u00e9m continua, com mais 22% desta faixa et\u00e1ria inclu\u00edda, e tamb\u00e9m profissionais de Sa\u00fade\u201d, explica a diretora de Vigil\u00e2ncia de Agravos Transmiss\u00edveis da Secretaria de Estado de Sa\u00fade de Minas Gerais, Jana\u00edna Almeida.\u00a0<\/p>\n\n\n\n<p>Os insumos desembarcaram no Aeroporto Internacional de Confins, \u00e0s 6h50 e seguiram para a Central Estadual da Rede de Frio da\u00a0Secretaria de Estado de Sa\u00fade (SES-MG), onde ficam armazenados em condi\u00e7\u00f5es ideais de temperatura at\u00e9 serem distribu\u00eddos para as 28 Unidades Regionais de Sa\u00fade (URS) do Estado. Ainda n\u00e3o foi divulgada a data desse envio. Nesta remessa, permanece a orienta\u00e7\u00e3o do Programa Nacional de Imuniza\u00e7\u00e3o (PNI) de que todas as vacinas sejam utilizadas como dose 1, ampliando ainda mais o quantitativo da popula\u00e7\u00e3o protegida. Assim, a dose 2 da CoronaVac n\u00e3o ficar\u00e1 armazenada na Unidade Regional de Sa\u00fade; os munic\u00edpios receber\u00e3o toda a carga para aplica\u00e7\u00e3o imediata<\/p>\n\n\n\n<p><strong>P\u00fablicos priorit\u00e1rios &#8211; <\/strong>O Minist\u00e9rio da Sa\u00fade elencou entre os grupos priorit\u00e1rios desta d\u00e9cima etapa a popula\u00e7\u00e3o quilombola, os trabalhadores da Sa\u00fade, pessoas entre 70 a 74 anos e ampliou o total de idosos, abarcando tamb\u00e9m os que t\u00eam entre 65 e 69 anos.<\/p>\n\n\n\n<p>Os imunizantes da AstraZeneca devem ser suficientes para atender 37% da popula\u00e7\u00e3o quilombola e 7% de pessoas entre 65 a 69 anos. Com a CoronaVac ser\u00e3o atendidos 22% dos idosos entre 70 e 74 anos, 23% das pessoas de 65 a 69 anos e mais 2% dos trabalhadores da Sa\u00fade. A orienta\u00e7\u00e3o do Estado \u00e9 para que as prefeituras sigam as recomenda\u00e7\u00f5es do PNI e apliquem as doses conforme p\u00fablico-alvo e respectivos quantitativos.<\/p>\n\n\n\n<p><strong>Vacinados &#8211; <\/strong>Em Minas, 1.138.136 pessoas j\u00e1 receberam a primeira dose contra a covid-19. Em rela\u00e7\u00e3o \u00e0 segunda dose, 443.528 j\u00e1 foram vacinadas, segundo dados do Painel Vacin\u00f4metro, que podem ser acessados em\u00a0<a rel=\"noreferrer noopener\" href=\"http:\/\/www.saude.mg.gov.br\/coronavirus\" target=\"_blank\">www.saude.mg.gov.br\/coronavirus<\/a>. As informa\u00e7\u00f5es sobre o n\u00famero de mineiros atendidos s\u00e3o atualizadas e publicadas diariamente nesse endere\u00e7o.<\/p>\n\n\n\n<p><strong>Remessas recebidas<br><\/strong><br>1\u00aa remessa: 577.480 doses da CoronaVac em 18\/1\/2021<\/p>\n\n\n\n<p>2\u00aa remessa: 190.500 doses de AstraZeneca em 24\/1\/2021\u00a0<\/p>\n\n\n\n<p>3\u00aa remessa: 87.600 doses da CoronaVac em 25\/1\/2021<\/p>\n\n\n\n<p>4\u00aa remessa: 315.600 doses da CoronaVac em 7\/2\/2021\u00a0<\/p>\n\n\n\n<p>5\u00aa remessa: 220.000 doses da AstraZeneca e 137.400 doses da CoronaVac em 23\/2\/2021<\/p>\n\n\n\n<p>6\u00aa remessa: 285.200 doses da CoronaVac em 3\/3\/2021<\/p>\n\n\n\n<p>7\u00aa remessa: 303.600 doses da CoronaVac em 9\/3\/2021<\/p>\n\n\n\n<p>8\u00aa remessa: 509.800 doses de CoronaVac em 17\/3\/2021<\/p>\n\n\n\n<p>9\u00aa remessa: 86.750 doses da AstraZeneca e 455.800 doses da CoronaVac em 20\/3\/2021\u00a0<\/p>\n\n\n\n<p>10\u00aa remessa: 116.600 AstraZeneca e 359.000 Coronavac em 26\/3\/2021\u00a0<\/p>\n\n\n\n<p><strong>Total: 3.645.330 doses<\/strong><br><strong>Confira a galeria de imagens em:\u00a0<\/strong><a rel=\"noreferrer noopener\" href=\"http:\/\/www.agenciaminas.mg.gov.br\/multimidia\/galeria\/minas-recebe-vacinas-e-amplia-imunizacao-incluindo-pessoas-de-65-a-69-anos\" target=\"_blank\">http:\/\/www.agenciaminas.mg.gov.br\/multimidia\/galeria\/minas-recebe-vacinas-e-amplia-imunizacao-incluindo-pessoas-de-65-a-69-anos<\/a><\/p>\n\n\n\n<p><strong>(Governo de Minas &#8211; Central de Imprensa)<\/strong><\/p>\n","protected":false},"excerpt":{"rendered":"<p>D\u00e9cima remessa cont\u00e9m 475.600 novas doses nesta que \u00e9 a maior opera\u00e7\u00e3o de vacina\u00e7\u00e3o da hist\u00f3ria de Minas Gerais Minas Gerais recebeu, na manh\u00e3 desta sexta-feira (26\/3), mais uma leva de 116.600 doses da vacina AstraZeneca e 359.000 da CoronaVac, totalizando 475.600 doses. A expectativa, com esta remessa, \u00e9 ampliar a vacina\u00e7\u00e3o para a popula\u00e7\u00e3o [&hellip;]<\/p>\n","protected":false},"author":1,"featured_media":8910,"comment_status":"open","ping_status":"open","sticky":false,"template":"","format":"standard","meta":{"rop_custom_images_group":[],"rop_custom_messages_group":[],"rop_publish_now":"initial","rop_publish_now_accounts":[],"rop_publish_now_history":[],"rop_publish_now_status":"pending","footnotes":""},"categories":[192],"tags":[84,2862,91,2488],"class_list":["post-8909","post","type-post","status-publish","format-standard","has-post-thumbnail","hentry","category-covid19","tag-covid-19","tag-imunizacao","tag-minas","tag-vacinas"],"_links":{"self":[{"href":"https:\/\/diariotribuna.com.br\/index.php?rest_route=\/wp\/v2\/posts\/8909"}],"collection":[{"href":"https:\/\/diariotribuna.com.br\/index.php?rest_route=\/wp\/v2\/posts"}],"about":[{"href":"https:\/\/diariotribuna.com.br\/index.php?rest_route=\/wp\/v2\/types\/post"}],"author":[{"embeddable":true,"href":"https:\/\/diariotribuna.com.br\/index.php?rest_route=\/wp\/v2\/users\/1"}],"replies":[{"embeddable":true,"href":"https:\/\/diariotribuna.com.br\/index.php?rest_route=%2Fwp%2Fv2%2Fcomments&post=8909"}],"version-history":[{"count":2,"href":"https:\/\/diariotribuna.com.br\/index.php?rest_route=\/wp\/v2\/posts\/8909\/revisions"}],"predecessor-version":[{"id":8912,"href":"https:\/\/diariotribuna.com.br\/index.php?rest_route=\/wp\/v2\/posts\/8909\/revisions\/8912"}],"wp:featuredmedia":[{"embeddable":true,"href":"https:\/\/diariotribuna.com.br\/index.php?rest_route=\/wp\/v2\/media\/8910"}],"wp:attachment":[{"href":"https:\/\/diariotribuna.com.br\/index.php?rest_route=%2Fwp%2Fv2%2Fmedia&parent=8909"}],"wp:term":[{"taxonomy":"category","embeddable":true,"href":"https:\/\/diariotribuna.com.br\/index.php?rest_route=%2Fwp%2Fv2%2Fcategories&post=8909"},{"taxonomy":"post_tag","embeddable":true,"href":"https:\/\/diariotribuna.com.br\/index.php?rest_route=%2Fwp%2Fv2%2Ftags&post=8909"}],"curies":[{"name":"wp","href":"https:\/\/api.w.org\/{rel}","templated":true}]}}